{"id":42641,"date":"2011-11-17T18:37:46","date_gmt":"2011-11-17T16:37:46","guid":{"rendered":"http:\/\/www.korhanyilmaz.com\/?p=42641"},"modified":"2011-11-17T18:49:09","modified_gmt":"2011-11-17T16:49:09","slug":"kilicdaroglu-dersim-bildirisine-sert-cikti","status":"publish","type":"post","link":"http:\/\/www.korhanyilmaz.com\/?p=42641","title":{"rendered":"K\u0131l\u0131\u00e7daro\u011flu Dersim bildirisine sert \u00e7\u0131kt\u0131"},"content":{"rendered":"<p style=\"text-align: center;\"><a href=\"http:\/\/www.korhanyilmaz.com\/wp-content\/uploads\/2011\/11\/7128.jpg\"  class=\"lightview\"><img loading=\"lazy\" decoding=\"async\" class=\"aligncenter  wp-image-42642\" src=\"http:\/\/www.korhanyilmaz.com\/wp-content\/uploads\/2011\/11\/7128.jpg\" alt=\"\" width=\"346\" height=\"267\" \/><\/a><\/p>\n<p style=\"text-align: justify;\">CHP Genel Ba\u015fkan\u0131 Kemal K\u0131l\u0131\u00e7daro\u011flu, bir grup CHP milletvekilinin Tunceli Milletvekili H\u00fcseyin Ayg\u00fcn&#8217;\u00fcn &#8216;Dersim olaylar\u0131, Atat\u00fcrk ve CHP&#8217; ile ilgili s\u00f6zleriyle ilgili yay\u0131nlad\u0131klar\u0131 bildiriyi de\u011ferlendirdi: &#8220;Kapal\u0131 grupta konu\u015fulan konunun bir bildiri halinde sunulmas\u0131n\u0131 kabul etmiyorum.&#8221;\u00a0<!--more--><\/p>\n<p style=\"text-align: justify;\"><a href=\"http:\/\/www.korhanyilmaz.com\/wp-content\/uploads\/2011\/11\/7129.jpg\"  class=\"lightview\"><img loading=\"lazy\" decoding=\"async\" class=\"alignleft  wp-image-42643\" style=\"margin-left: 10px; margin-right: 10px;\" src=\"http:\/\/www.korhanyilmaz.com\/wp-content\/uploads\/2011\/11\/7129.jpg\" alt=\"\" width=\"234\" height=\"161\" \/><\/a>CHP MYK taraf\u0131ndan, &#8220;Atat\u00fcrk ve CHP ile ilgili s\u00f6zleri&#8221; nedeniyle savunmas\u0131n\u0131n al\u0131nmas\u0131 y\u00f6n\u00fcnde karar verilen Tunceli Milletvekili H\u00fcseyin Ayg\u00fcn, Kemal K\u0131l\u0131\u00e7daro\u011flu ile g\u00f6r\u00fc\u015ft\u00fc.<\/p>\n<p style=\"text-align: justify;\">D\u00fcn ger\u00e7ekle\u015ftirilen MYK sonras\u0131, CHP S\u00f6zc\u00fcs\u00fc ve Genel Ba\u015fkan Yard\u0131mc\u0131s\u0131 Birg\u00fcl Ayman G\u00fcler, Ayg\u00fcn&#8217;\u00fcn savunmas\u0131n\u0131n al\u0131naca\u011f\u0131n\u0131 a\u00e7\u0131klam\u0131\u015ft\u0131. Bu a\u00e7\u0131klaman\u0131n ard\u0131ndan Ayg\u00fcn&#8217;\u00fcn bug\u00fcn \u00f6\u011fle saatlerinde parti Genel Merkezine gelerek K\u0131l\u0131\u00e7daro\u011flu ile bir s\u00fcre g\u00f6r\u00fc\u015ft\u00fc\u011f\u00fc \u00f6\u011frenildi. G\u00f6r\u00fc\u015fme sonras\u0131 herhangi bir a\u00e7\u0131klama yap\u0131lmad\u0131.<\/p>\n<p style=\"text-align: justify;\">\u00d6te yandan, CHP parti t\u00fcz\u00fc\u011f\u00fc gere\u011fi konunun Y\u00fcksek Disiplin Kurulu&#8217;nda g\u00f6r\u00fc\u015f\u00fclebilmesi i\u00e7in Parti Meclisinin karar almas\u0131 gerekiyor. Ayg\u00fcn&#8217;\u00fcn milletvekili olmas\u0131 nedeniyle t\u00fcz\u00fc\u011f\u00fcn 68. maddesi uyar\u0131nca PM karar\u0131yla Disiplin Kurulu&#8217;na sevk edilebiliyor.<\/p>\n<p style=\"text-align: justify;\"><strong>\u0130lk kez de\u011ferlendirdi\u00a0<\/strong><\/p>\n<p style=\"text-align: justify;\">Bu arada K\u0131l\u0131\u00e7daro\u011flu bu g\u00f6r\u00fc\u015fmeden sonra Bursa&#8217;dan aralar\u0131nda milletvekillerinin de bulundu\u011fu 30 ki\u015filik heyetle g\u00f6r\u00fc\u015ft\u00fc.<\/p>\n<p style=\"text-align: justify;\">G\u00f6r\u00fc\u015fme s\u0131ras\u0131nda Bursa&#8217;dan gelen heyette bulunan gazetecilerin sorular\u0131n\u0131 yan\u0131tlayan K\u0131l\u0131\u00e7daro\u011flu, Tunceli Milletvekili H\u00fcseyin Ayg\u00fcn&#8217;\u00fcn s\u00f6zleri ve ard\u0131ndan partisinden milletvekillerinin ona g\u00f6sterdi\u011fi tepkiyle ilgili sorular\u0131 \u00fczerine, bu konuya ilk kez de\u011findi.<\/p>\n<p style=\"text-align: justify;\">K\u0131l\u0131\u00e7daro\u011flu, konuyla ilgili olarak \u015funlar\u0131 s\u00f6yledi: &#8220;Dersim olay\u0131 bizim tarihimizde \u00f6nemli olaylardan birisi. Bu tarih\u00e7ilerin ortak kanaati. Siyaset\u00e7inin ge\u00e7mi\u015fte tarihte ya\u015fanm\u0131\u015f olaylar\u0131 g\u00fcnl\u00fck politika i\u00e7inde i\u015flemesini \u00e7ok do\u011fru bulmuyorum. Onu tarih\u00e7iler incelerler. \u00d6rne\u011fin say\u0131n Ba\u015fbakan dedi ki &#8216;Dersim ar\u015fivlerini a\u00e7\u0131klayaca\u011f\u0131m.&#8217; Ben de \u00e7\u0131kt\u0131m dedim ki &#8216;Ba\u015fbakans\u0131n a\u00e7\u0131kla biz de ger\u00e7ekleri \u00f6\u011frenelim.&#8217; A\u00e7\u0131klamayan o. O nedenle ge\u00e7mi\u015fteki olaylar\u0131n g\u00fcn\u00fcm\u00fcze ta\u015f\u0131narak o g\u00fcn\u00fcn ko\u015fullar\u0131ndan soyutlayarak bug\u00fcnk\u00fc ko\u015fullara indirgenerek sorgulanmas\u0131n\u0131 \u00e7ok do\u011fru bulmuyorum. Ama tarih\u00e7iler giderler ara\u015ft\u0131r\u0131rlar ger\u00e7ekleri \u00f6\u011freniriz i\u015fin \u00f6z\u00fc bu.&#8221;<\/p>\n<p style=\"text-align: justify;\">MYK toplant\u0131s\u0131nda Ayg\u00fcn&#8217;\u00fcn savunmas\u0131n\u0131n al\u0131naca\u011f\u0131n\u0131n hat\u0131rlat\u0131larak, nas\u0131l bir s\u00fcre\u00e7 izlenece\u011fiyle ilgili soru \u00fczerine de K\u0131l\u0131\u00e7daro\u011flu, &#8220;Gazetelerde, Dersim olaylar\u0131ndan dolay\u0131 Atat\u00fcrk&#8217;\u00fc su\u00e7layan bir ifadesinin yer ald\u0131\u011f\u0131 s\u00f6ylendi. Gazetelerde bu t\u00fcr bir yaz\u0131 yer al\u0131nca kendisinden savunma almaya karar verdik. Ama kendisi grubun kapal\u0131 toplant\u0131s\u0131nda b\u00f6yle bir ifadeyi kullanmad\u0131\u011f\u0131n\u0131 ifade etmi\u015f. Ben o toplant\u0131da yoktum&#8221; diye konu\u015ftu.<\/p>\n<p style=\"text-align: justify;\"><strong>Bildiri yay\u0131mlanmas\u0131na tepki g\u00f6sterdi\u00a0<\/strong><\/p>\n<p style=\"text-align: justify;\">Ayg\u00fcn&#8217;\u00fcn konu\u015fmas\u0131 sonras\u0131 baz\u0131 milletvekilleri bildiri yay\u0131nlamas\u0131yla ilgili olarak da K\u0131l\u0131\u00e7daro\u011flu \u015f\u00f6yle konu\u015ftu: &#8220;Kapal\u0131 grupta konu\u015fulan bir konunun daha sonra medyan\u0131n \u00f6n\u00fcne ta\u015f\u0131narak bir bildiri halinde sunulmas\u0131n\u0131 kabul etmiyorum. Hele hele grup ba\u015fkan vekilli\u011finden izin al\u0131nmadan b\u00f6yle bir toplant\u0131n\u0131n yap\u0131lmas\u0131n\u0131 uygun g\u00f6rm\u00fcyorum. Bu partide bir disiplin olacakt\u0131r. Herkes o disipline uyacakt\u0131r. Demokrasi herkesin d\u00fc\u015f\u00fcnd\u00fc\u011f\u00fcn\u00fc \u00f6zg\u00fcrce s\u00f6yledi\u011fi bir rejimdir ama disiplin i\u00e7inde s\u00f6yledi\u011fi bir rejimdir. Disiplinsiz bir \u015fekilde olmaz. Ben &#8216;Bu partiye demokrasiyi ve \u00f6zg\u00fcrl\u00fc\u011f\u00fc getirece\u011fim&#8217; derken &#8216;Kaosu getirece\u011fim&#8217; anlam\u0131n\u0131 ta\u015f\u0131mamal\u0131d\u0131r benim bu s\u00f6yledi\u011fim. Herkes d\u00fc\u015f\u00fcncesini kapal\u0131 oturumda s\u00f6ylemi\u015ftir. Tart\u0131\u015f\u0131lm\u0131\u015ft\u0131r. Mesele bitmi\u015ftir. Onu medyan\u0131n \u00f6n\u00fcne ta\u015f\u0131y\u0131p oradan &#8216;Acaba biz neler elde edebiliriz&#8217; gibi bir anlay\u0131\u015fla yola \u00e7\u0131kanlar\u0131 samimi Cumhuriyet Halk Partili bulmuyorum. Onlar i\u00e7in de gere\u011fi grup ba\u015fkan vekillerimiz taraf\u0131ndan yap\u0131lacak.&#8221;<\/p>\n<p style=\"text-align: justify;\">K\u0131l\u0131\u00e7daro\u011flu, &#8220;Bu s\u00fcre\u00e7 CHP i\u00e7inde bir ayr\u0131\u015fmay\u0131 m\u0131 g\u00f6steriyor?&#8221; sorusuna da &#8220;Hay\u0131r. CHP sosyal demokrat bir partidir. Biz bir kitle partisiyiz. Bizim bir ana eksenimiz vard\u0131r. Bu ana eksenimiz bizim t\u00fcz\u00fc\u011f\u00fcm\u00fcz\u00fcn birinci maddesinde yer al\u0131r. Dolay\u0131s\u0131yla o ana eksen \u00e7evresinde insanlar d\u00fc\u015f\u00fcncelerini, farkl\u0131 g\u00f6r\u00fc\u015flerini dile getirilebilirler. Bu bir ayr\u0131\u015fma s\u00fcrecini do\u011furmaz&#8221; yan\u0131t\u0131n\u0131 verdi.<\/p>\n<p style=\"text-align: justify;\"><a href=\"http:\/\/www.cnnturk.com\/2011\/turkiye\/11\/17\/kilicdaroglu.dersim.bildirisine.sert.cikti\/637141.0\/index.html\" target=\"_blank\">Kaynak : CNN T\u00dcRK<\/a><\/p>\n","protected":false},"excerpt":{"rendered":"<p style=\"text-align: center;\">\n<p style=\"text-align: justify;\">CHP Genel Ba\u015fkan\u0131 Kemal K\u0131l\u0131\u00e7daro\u011flu, bir grup CHP milletvekilinin Tunceli Milletvekili H\u00fcseyin Ayg\u00fcn&#8217;\u00fcn &#8216;Dersim olaylar\u0131, Atat\u00fcrk ve CHP&#8217; ile ilgili s\u00f6zleriyle ilgili yay\u0131nlad\u0131klar\u0131 bildiriyi de\u011ferlendirdi: &#8220;Kapal\u0131 grupta konu\u015fulan konunun bir bildiri halinde sunulmas\u0131n\u0131 kabul etmiyorum.&#8221; <\/p>\n","protected":false},"author":1,"featured_media":0,"comment_status":"open","ping_status":"open","sticky":false,"template":"","format":"standard","meta":{"footnotes":""},"categories":[105],"tags":[],"class_list":["post-42641","post","type-post","status-publish","format-standard","hentry","category-gundem","odd"],"_links":{"self":[{"href":"http:\/\/www.korhanyilmaz.com\/index.php?rest_route=\/wp\/v2\/posts\/42641","targetHints":{"allow":["GET"]}}],"collection":[{"href":"http:\/\/www.korhanyilmaz.com\/index.php?rest_route=\/wp\/v2\/posts"}],"about":[{"href":"http:\/\/www.korhanyilmaz.com\/index.php?rest_route=\/wp\/v2\/types\/post"}],"author":[{"embeddable":true,"href":"http:\/\/www.korhanyilmaz.com\/index.php?rest_route=\/wp\/v2\/users\/1"}],"replies":[{"embeddable":true,"href":"http:\/\/www.korhanyilmaz.com\/index.php?rest_route=%2Fwp%2Fv2%2Fcomments&post=42641"}],"version-history":[{"count":0,"href":"http:\/\/www.korhanyilmaz.com\/index.php?rest_route=\/wp\/v2\/posts\/42641\/revisions"}],"wp:attachment":[{"href":"http:\/\/www.korhanyilmaz.com\/index.php?rest_route=%2Fwp%2Fv2%2Fmedia&parent=42641"}],"wp:term":[{"taxonomy":"category","embeddable":true,"href":"http:\/\/www.korhanyilmaz.com\/index.php?rest_route=%2Fwp%2Fv2%2Fcategories&post=42641"},{"taxonomy":"post_tag","embeddable":true,"href":"http:\/\/www.korhanyilmaz.com\/index.php?rest_route=%2Fwp%2Fv2%2Ftags&post=42641"}],"curies":[{"name":"wp","href":"https:\/\/api.w.org\/{rel}","templated":true}]}}