{"id":42638,"date":"2011-11-17T17:12:18","date_gmt":"2011-11-17T15:12:18","guid":{"rendered":"http:\/\/www.korhanyilmaz.com\/?p=42638"},"modified":"2011-11-17T19:11:59","modified_gmt":"2011-11-17T17:11:59","slug":"dokunulmazligimizi-kaldirin","status":"publish","type":"post","link":"http:\/\/www.korhanyilmaz.com\/?p=42638","title":{"rendered":"&#8216;Dokunulmazl\u0131\u011f\u0131m\u0131z\u0131 kald\u0131r\u0131n&#8217;"},"content":{"rendered":"<p style=\"text-align: center;\"><a href=\"http:\/\/www.korhanyilmaz.com\/wp-content\/uploads\/2011\/11\/7127.jpg\"  class=\"lightview\"><img loading=\"lazy\" decoding=\"async\" class=\"aligncenter  wp-image-42639\" src=\"http:\/\/www.korhanyilmaz.com\/wp-content\/uploads\/2011\/11\/7127.jpg\" alt=\"\" width=\"322\" height=\"241\" \/><\/a><\/p>\n<p style=\"text-align: justify;\">CHP Genel Ba\u015fkan\u0131 Kemal K\u0131l\u0131\u00e7daro\u011flu, TBMM Ba\u015fkan\u0131 Cemil \u00c7i\u00e7ek ile AKP Grubuna bir \u00e7a\u011fr\u0131da bulunarak, &#8220;Dokunulmazl\u0131k dosyalar\u0131m\u0131z\u0131 d\u00f6nem sonuna b\u0131rakmay\u0131n, dokunulmazl\u0131\u011f\u0131m\u0131z\u0131 kald\u0131r\u0131n&#8221; dedi.<!--more--><\/p>\n<p style=\"text-align: justify;\">CHP lideri Kemal K\u0131l\u0131\u00e7daro\u011flu, ikisi kendisine ait olmak \u00fczere, baz\u0131 milletvekillerine ait 70 dokunulmazl\u0131k dosyas\u0131n\u0131n TBMM Ba\u015fkanl\u0131\u011f\u0131na sunulmas\u0131 \u00fczerine yaz\u0131l\u0131 bir a\u00e7\u0131klama yapt\u0131. K\u0131l\u0131\u00e7daro\u011flu, &#8220;\u0130kisi bana ait olmak \u00fczere, baz\u0131 milletvekillerine ait 70 dokunulmazl\u0131k dosyas\u0131 daha TBMM Ba\u015fkanl\u0131\u011f\u0131na sunulmu\u015f. \u00c7e\u015fitli su\u00e7lamalarla kar\u015f\u0131 kar\u015f\u0131ya olan ve yasama dokunulmazl\u0131\u011f\u0131n\u0131n kald\u0131r\u0131lmas\u0131 istenen milletvekilleri hakk\u0131ndaki Ba\u015fbakanl\u0131k Tezkereleri, Meclis Adalet ve Anayasa Karma Komisyonuna sevkedilmi\u015f&#8221; dedi.<\/p>\n<p style=\"text-align: justify;\">Meclis&#8217;te 23. D\u00f6nem&#8217;den kalan 481 dosyaya yeni gelen 70 dosya daha eklendi\u011fini ve dokunulmazl\u0131klar\u0131n kald\u0131r\u0131lmas\u0131yla ilgili dosya say\u0131s\u0131n\u0131n 551\u2032e y\u00fckseldi\u011fine dikkat \u00e7eken K\u0131l\u0131\u00e7daro\u011flu, &#8220;Bu demokrasimiz ad\u0131na da, hukuk devleti ad\u0131na da, yolsuzluklarla m\u00fccadele ad\u0131na da y\u00fcz karas\u0131d\u0131r. Milletvekilleri i\u00e7in tek dokunulmazl\u0131k k\u00fcrs\u00fc dokunulmazl\u0131\u011f\u0131d\u0131r. Bunun d\u0131\u015f\u0131ndaki dokunulmazl\u0131klar\u0131n kald\u0131r\u0131lmas\u0131n\u0131 istiyoruz&#8221; dedi.<\/p>\n<p style=\"text-align: justify;\"><span style=\"text-decoration: underline;\">Ba\u015fta Ba\u015fbakan olmak \u00fczere, iktidar partisi milletvekillerinin dokunulmazl\u0131klar\u0131n\u0131n kald\u0131r\u0131lmas\u0131n\u0131 istemeyebilece\u011fine<\/span> dikkat \u00e7eken K\u0131l\u0131\u00e7daro\u011flu, \u015funlar\u0131 kaydetti:<\/p>\n<p style=\"text-align: justify;\">&#8220;Kendilerine benzettikleri yarg\u0131dan ka\u00e7abilirler. Ama biz yarg\u0131lanmak istiyoruz. \u00c7\u00fcnk\u00fc, <span style=\"text-decoration: underline;\">kalpazanl\u0131k, ihaleye fesat kar\u0131\u015ft\u0131rmak, c\u00fcr\u00fcm i\u015flemek i\u00e7in \u00e7ete kurmak gibi y\u00fcz k\u0131zart\u0131c\u0131 su\u00e7lamayla kar\u015f\u0131 kar\u015f\u0131ya olanlarla<\/span> ayn\u0131 konumda olmak istemiyoruz. Onlar dokunulmazl\u0131k z\u0131rh\u0131na sar\u0131lmak istiyor olabilir. Bizi onlardan ay\u0131r\u0131n, yarg\u0131lanal\u0131m.<\/p>\n<p style=\"text-align: justify;\"><span style=\"text-decoration: underline;\">Meclisteki \u00e7o\u011funluklar\u0131n\u0131 keyfi olarak kullanmay\u0131 al\u0131\u015fkanl\u0131k haline getiren AKP Grubunun<\/span>, kendilerini korumaya devam etmesini, ama bizi yarg\u0131ya havale etmelerini istiyor, bu konuda Meclis Ba\u015fkan\u0131n\u0131 da giri\u015fimde bulunmaya davet ediyorum. Bizim dosyalar\u0131m\u0131z\u0131 d\u00f6nem sonuna b\u0131rakmay\u0131n. Dokunulmazl\u0131klar\u0131m\u0131z\u0131 kald\u0131r\u0131n.&#8221;<\/p>\n<p style=\"text-align: justify;\"><a href=\"http:\/\/www.cumhuriyet.com.tr\/?hn=293762&amp;kw='Dokunulmazl%FD%F0%FDm%FDz%FD+kald%FDr%FDn'\" target=\"_blank\">Kaynak : Cumhuriyet Haber Portal\u0131<\/a><\/p>\n","protected":false},"excerpt":{"rendered":"<p style=\"text-align: center;\">\n<p style=\"text-align: justify;\">CHP Genel Ba\u015fkan\u0131 Kemal K\u0131l\u0131\u00e7daro\u011flu, TBMM Ba\u015fkan\u0131 Cemil \u00c7i\u00e7ek ile AKP Grubuna bir \u00e7a\u011fr\u0131da bulunarak, &#8220;Dokunulmazl\u0131k dosyalar\u0131m\u0131z\u0131 d\u00f6nem sonuna b\u0131rakmay\u0131n, dokunulmazl\u0131\u011f\u0131m\u0131z\u0131 kald\u0131r\u0131n&#8221; dedi.<\/p>\n","protected":false},"author":1,"featured_media":0,"comment_status":"open","ping_status":"open","sticky":false,"template":"","format":"standard","meta":{"footnotes":""},"categories":[105],"tags":[],"class_list":["post-42638","post","type-post","status-publish","format-standard","hentry","category-gundem","odd"],"_links":{"self":[{"href":"http:\/\/www.korhanyilmaz.com\/index.php?rest_route=\/wp\/v2\/posts\/42638","targetHints":{"allow":["GET"]}}],"collection":[{"href":"http:\/\/www.korhanyilmaz.com\/index.php?rest_route=\/wp\/v2\/posts"}],"about":[{"href":"http:\/\/www.korhanyilmaz.com\/index.php?rest_route=\/wp\/v2\/types\/post"}],"author":[{"embeddable":true,"href":"http:\/\/www.korhanyilmaz.com\/index.php?rest_route=\/wp\/v2\/users\/1"}],"replies":[{"embeddable":true,"href":"http:\/\/www.korhanyilmaz.com\/index.php?rest_route=%2Fwp%2Fv2%2Fcomments&post=42638"}],"version-history":[{"count":0,"href":"http:\/\/www.korhanyilmaz.com\/index.php?rest_route=\/wp\/v2\/posts\/42638\/revisions"}],"wp:attachment":[{"href":"http:\/\/www.korhanyilmaz.com\/index.php?rest_route=%2Fwp%2Fv2%2Fmedia&parent=42638"}],"wp:term":[{"taxonomy":"category","embeddable":true,"href":"http:\/\/www.korhanyilmaz.com\/index.php?rest_route=%2Fwp%2Fv2%2Fcategories&post=42638"},{"taxonomy":"post_tag","embeddable":true,"href":"http:\/\/www.korhanyilmaz.com\/index.php?rest_route=%2Fwp%2Fv2%2Ftags&post=42638"}],"curies":[{"name":"wp","href":"https:\/\/api.w.org\/{rel}","templated":true}]}}