{"id":42633,"date":"2011-11-17T16:50:40","date_gmt":"2011-11-17T14:50:40","guid":{"rendered":"http:\/\/www.korhanyilmaz.com\/?p=42633"},"modified":"2011-11-17T18:00:42","modified_gmt":"2011-11-17T16:00:42","slug":"sadece-senin-anan-yok","status":"publish","type":"post","link":"http:\/\/www.korhanyilmaz.com\/?p=42633","title":{"rendered":"&#8220;Sadece senin anan yok&#8221;"},"content":{"rendered":"<p style=\"text-align: center;\"><a href=\"http:\/\/www.korhanyilmaz.com\/wp-content\/uploads\/2011\/11\/7126.jpg\"  class=\"lightview\"><img loading=\"lazy\" decoding=\"async\" class=\"aligncenter  wp-image-42634\" src=\"http:\/\/www.korhanyilmaz.com\/wp-content\/uploads\/2011\/11\/7126.jpg\" alt=\"\" width=\"407\" height=\"202\" \/><\/a><\/p>\n<p style=\"text-align: justify;\">BDP&#8217;li G\u00fclten K\u0131\u015fanak, Ba\u015fbakan&#8217;\u0131n BDP&#8217;li kad\u0131n milletvekilleriyle ilgili a\u00e7\u0131klamalar\u0131na sert yan\u0131t verdi.<\/p>\n<p style=\"text-align: justify;\">BDP Genel Ba\u015fkan Yard\u0131mc\u0131s\u0131 G\u00fclten K\u0131\u015fanak, K\u00fcrt kad\u0131n Milletvekilleri ve parti \u00e7al\u0131\u015fan\u0131 kad\u0131nlar\u0131n, bar\u0131\u015f ve demokrasi i\u00e7in bedelini \u00f6deyerek m\u00fccadele verdi\u011fini ve vermeye devam edece\u011fini belirterek, &#8220;Bizim kimseden korkumuz yoktur. \u00d6zg\u00fcrl\u00fc\u011fe sevdal\u0131 y\u00fcreklerimiz vard\u0131r. BDP\u2019li kad\u0131n vekiller Ba\u015fbakan\u2019\u0131n korkulu r\u00fcyas\u0131 olmu\u015ftur. Toplumda bize kar\u015f\u0131 kin ve nefret tohumlar\u0131n\u0131n geli\u015fmesi i\u00e7in s\u00f6ylenmedik bir \u015fey kalmad\u0131&#8221; dedi.\u00a0<!--more--><\/p>\n<p style=\"text-align: justify;\">KCK operasyonlar\u0131nda tutuklamalar\u0131 protesto etmek i\u00e7in Diyarbak\u0131r merkez Kayap\u0131nar Belediyesi\u2019nde her per\u015fembe g\u00fcn\u00fc d\u00fczenlenen eyleme BDP Genel Ba\u015fkan Yard\u0131mc\u0131s\u0131 ve Siirt Milletvekili G\u00fcltan K\u0131\u015fanak, BDP milletvekilleri Altan Tan, Emine Ayna, Diyarbak\u0131r B\u00fcy\u00fck\u015fehir Belediye Ba\u015fkan\u0131 Osman Baydemir, belediye ba\u015fkanlar\u0131 ve partililer kat\u0131ld\u0131.<\/p>\n<p style=\"text-align: justify;\">K\u0131\u015fanak, 2.5 y\u0131l \u00f6nce KCK ad\u0131 alt\u0131nda ba\u015flat\u0131lan ve devam eden operasyonlar\u0131n, demokratik siyaseti susturma ve halk\u0131 k\u0131rma operasyonu oldu\u011funu ileri s\u00fcrd\u00fc. K\u0131\u015fanak, &#8220;Siyasi soyk\u0131r\u0131m operasyonlar\u0131na her g\u00fcn yenileri ekleniyor. Bu operasyonlar \u00e7\u00f6z\u00fcm iradesini k\u0131rma operasyonlar\u0131d\u0131r. K\u00fcrt halk\u0131 bu sorunun \u00e7\u00f6z\u00fcm\u00fc i\u00e7in g\u00fc\u00e7l\u00fc bir irade a\u00e7\u0131\u011fa \u00e7\u0131kard\u0131. Operasyonlar, bu iradeyi k\u0131rmaya y\u00f6neliktir. Askeri, siyasi operasyonlar ve \u0130mral\u0131\u2019da uygulanan rehine operasyonlar\u0131n\u0131n amac\u0131 bu iradeyi k\u0131rmaya y\u00f6neliktir&#8221; diye konu\u015ftu.<\/p>\n<p style=\"text-align: justify;\"><strong>\u2019OCAKLARA ATE\u015e D\u00dc\u015e\u00dcYOR\u2019\u00a0<\/strong><\/p>\n<p style=\"text-align: justify;\">G\u00fcltan K\u0131\u015fanak, d\u00fcn oldu\u011fu gibi bug\u00fcn de bu politikalar\u0131n bu co\u011frafyada kabul g\u00f6rmeyece\u011fini, ge\u00e7mi\u015fte denenip bo\u015fa \u00e7\u0131k\u0131ld\u0131\u011f\u0131n\u0131n g\u00f6r\u00fcld\u00fc\u011f\u00fcn\u00fc ifade etti. K\u0131\u015fanak \u015funlar\u0131 s\u00f6yledi: &#8220;\u0130nsan do\u011fas\u0131na ayk\u0131r\u0131 olan bir sistemi bize dayatmaya \u00e7al\u0131\u015f\u0131yorlar. Bu sistem ve operasyonlar bize ac\u0131 d\u0131\u015f\u0131nda hi\u00e7 bir \u015fey katmayacakt\u0131r.<\/p>\n<p style=\"text-align: justify;\">Bu co\u011frafyada analar\u0131n g\u00f6zya\u015flar\u0131n\u0131 dindirmek i\u00e7in s\u00f6ylenen yalanlar g\u00f6zya\u015flar\u0131n\u0131 sele \u00e7evirmi\u015ftir. Ocaklara ate\u015f d\u00fc\u015f\u00fcyor, bunlar aras\u0131nda ayr\u0131m yapmam\u0131z\u0131 isteyen zihniyetle kar\u015f\u0131 kar\u015f\u0131yay\u0131z. Ba\u015fbakan\u2019\u0131n yapt\u0131\u011f\u0131 timsah g\u00f6zya\u015flar\u0131 d\u00f6kmektir. K\u00fcrt kad\u0131n milletvekilleri ve parti \u00e7al\u0131\u015fan\u0131 kad\u0131nlar, bar\u0131\u015f ve demokrasi i\u00e7in bedelini \u00f6deyerek m\u00fccadele verdiler ve vermeye devam edeceklerdir. Bizim kimseden korkumuz yoktur.<\/p>\n<p style=\"text-align: justify;\">\u00d6zg\u00fcrl\u00fc\u011fe sevdal\u0131 y\u00fcreklerimiz vard\u0131r. BDP\u2019li kad\u0131n vekiller Ba\u015fbakan\u2019\u0131n korkulu r\u00fcyas\u0131 olmu\u015ftur. Toplumda bize kar\u015f\u0131 kin ve nefret tohumlar\u0131n\u0131n geli\u015fmesi i\u00e7in s\u00f6ylenmedik bir \u015fey kalmad\u0131. Say\u0131n Ba\u015fbakan kendi anan\u0131n ayaklar\u0131n\u0131n alt\u0131n\u0131 \u00f6pm\u00fc\u015f olabilirsin. Sadece senin anan yok. Da\u011fdaki gerillan\u0131n, \u00f6l\u00fcme g\u00f6nderdi\u011fin polisin ve herkesin anas\u0131 vard\u0131r. Ve herkes kendi anas\u0131na sayg\u0131 g\u00f6steriyor ve analara sayg\u0131 g\u00f6sterilmesini bekliyor. Senin politikan y\u00fcz\u00fcnden akan kan g\u00f6l oldu, analar\u0131n g\u00f6zya\u015flar\u0131 ise sel oldu. Sen sorunu konu\u015farak \u00e7\u00f6zmek i\u00e7in ilk ad\u0131m atsan bu sorun \u00e7\u00f6z\u00fclecektir. K\u00fcrt halk\u0131 ve K\u00fcrt siyasal akt\u00f6rleri \u00e7\u00f6z\u00fcm i\u00e7in haz\u0131rd\u0131r.&#8221;<\/p>\n<p style=\"text-align: justify;\"><strong>\u2019KEND\u0130M\u0130 \u0130HBAR ED\u0130YORUM\u2019<\/strong><\/p>\n<p style=\"text-align: justify;\">Kayap\u0131nar Belediyesi \u00f6n\u00fcndeki etkinlik 5 dakikal\u0131k oturma eylemi ile sona ererken, BDP\u2019li vekiller ve partililer daha sonra \u2019Kendimi ihbar ediyorum\u2019 kampanyas\u0131 i\u00e7in Diyarbak\u0131r Adliyesi\u2019ne giderek tutuklanan arkada\u015flar\u0131 ile ayn\u0131 su\u00e7u i\u015flediklerini belirten dilek\u00e7eleri savc\u0131l\u0131\u011fa verdi.<\/p>\n<p style=\"text-align: justify;\"><a href=\"http:\/\/siyaset.milliyet.com.tr\/-sadece-senin-anan-yok-\/siyaset\/siyasetdetay\/17.11.2011\/1464120\/default.htm\" target=\"_blank\">Kaynak : Milliyet.com.tr<\/a><\/p>\n","protected":false},"excerpt":{"rendered":"<p style=\"text-align: center;\">\n<p style=\"text-align: justify;\">BDP&#8217;li G\u00fclten K\u0131\u015fanak, Ba\u015fbakan&#8217;\u0131n BDP&#8217;li kad\u0131n milletvekilleriyle ilgili a\u00e7\u0131klamalar\u0131na sert yan\u0131t verdi.<\/p>\n<p style=\"text-align: justify;\">BDP Genel Ba\u015fkan Yard\u0131mc\u0131s\u0131 G\u00fclten K\u0131\u015fanak, K\u00fcrt kad\u0131n Milletvekilleri ve parti \u00e7al\u0131\u015fan\u0131 kad\u0131nlar\u0131n, bar\u0131\u015f ve demokrasi i\u00e7in bedelini \u00f6deyerek m\u00fccadele verdi\u011fini ve vermeye devam edece\u011fini belirterek, &#8220;Bizim kimseden korkumuz yoktur. \u00d6zg\u00fcrl\u00fc\u011fe sevdal\u0131 y\u00fcreklerimiz vard\u0131r. BDP\u2019li kad\u0131n <\/p>\n","protected":false},"author":1,"featured_media":0,"comment_status":"open","ping_status":"open","sticky":false,"template":"","format":"standard","meta":{"footnotes":""},"categories":[105],"tags":[],"class_list":["post-42633","post","type-post","status-publish","format-standard","hentry","category-gundem","odd"],"_links":{"self":[{"href":"http:\/\/www.korhanyilmaz.com\/index.php?rest_route=\/wp\/v2\/posts\/42633","targetHints":{"allow":["GET"]}}],"collection":[{"href":"http:\/\/www.korhanyilmaz.com\/index.php?rest_route=\/wp\/v2\/posts"}],"about":[{"href":"http:\/\/www.korhanyilmaz.com\/index.php?rest_route=\/wp\/v2\/types\/post"}],"author":[{"embeddable":true,"href":"http:\/\/www.korhanyilmaz.com\/index.php?rest_route=\/wp\/v2\/users\/1"}],"replies":[{"embeddable":true,"href":"http:\/\/www.korhanyilmaz.com\/index.php?rest_route=%2Fwp%2Fv2%2Fcomments&post=42633"}],"version-history":[{"count":0,"href":"http:\/\/www.korhanyilmaz.com\/index.php?rest_route=\/wp\/v2\/posts\/42633\/revisions"}],"wp:attachment":[{"href":"http:\/\/www.korhanyilmaz.com\/index.php?rest_route=%2Fwp%2Fv2%2Fmedia&parent=42633"}],"wp:term":[{"taxonomy":"category","embeddable":true,"href":"http:\/\/www.korhanyilmaz.com\/index.php?rest_route=%2Fwp%2Fv2%2Fcategories&post=42633"},{"taxonomy":"post_tag","embeddable":true,"href":"http:\/\/www.korhanyilmaz.com\/index.php?rest_route=%2Fwp%2Fv2%2Ftags&post=42633"}],"curies":[{"name":"wp","href":"https:\/\/api.w.org\/{rel}","templated":true}]}}