{"id":42614,"date":"2011-11-17T13:39:59","date_gmt":"2011-11-17T11:39:59","guid":{"rendered":"http:\/\/www.korhanyilmaz.com\/?p=42614"},"modified":"2011-11-17T15:56:56","modified_gmt":"2011-11-17T13:56:56","slug":"vandaki-kepazelige-zaman-bile-sasti","status":"publish","type":"post","link":"http:\/\/www.korhanyilmaz.com\/?p=42614","title":{"rendered":"Van&#8217;daki kepazeli\u011fe Zaman bile \u015fa\u015ft\u0131!"},"content":{"rendered":"<p style=\"text-align: center;\"><a href=\"http:\/\/www.korhanyilmaz.com\/wp-content\/uploads\/2011\/11\/7123.jpg\"  class=\"lightview\"><img loading=\"lazy\" decoding=\"async\" class=\"aligncenter  wp-image-42615\" src=\"http:\/\/www.korhanyilmaz.com\/wp-content\/uploads\/2011\/11\/7123.jpg\" alt=\"\" width=\"357\" height=\"210\" \/><\/a><\/p>\n<p style=\"text-align: justify;\">Van&#8217;da depremzedeler dondurucu so\u011fukta yazl\u0131k \u00e7ad\u0131rlarda kal\u0131yorlar.<\/p>\n<p style=\"text-align: justify;\">7.2&#8217;lik depremin ard\u0131ndan neredeyse bir ay ge\u00e7mesine ve b\u00fcy\u00fck yard\u0131mlar toplanmas\u0131na ra\u011fmen depremzedelerin g\u0131da ve giyecek ihtiya\u00e7lar\u0131 bile kar\u015f\u0131lanm\u0131yor. Kepazeli\u011fin bu kadar\u0131na Zaman bile \u015fa\u015ft\u0131.<!--more--><\/p>\n<p style=\"text-align: justify;\">Van&#8217;da 7.2 ve 5.6&#8217;l\u0131k depremin ard\u0131ndan tam bir insanl\u0131k krizi ya\u015fan\u0131yor. &#8211; 10 derece s\u0131cakl\u0131kta binlerce depremzede yazl\u0131k \u00e7ad\u0131rlarda kal\u0131yor. AKP iktidar\u0131 depremin ard\u0131ndan \u00e7ad\u0131rlar\u0131 g\u00f6ndermekte zaten olduk\u00e7a ge\u00e7 kalm\u0131\u015ft\u0131, \u015fu anki durum AKP&#8217;nin ge\u00e7 g\u00f6nderdi\u011fi \u00e7ad\u0131rlar\u0131n yazl\u0131k \u00e7ad\u0131rlar oldu\u011funu g\u00f6steriyor. Durum, AKP iktidar\u0131n\u0131n boydan boya bir deprem b\u00f6lgesi olan \u00fclkemiz i\u00e7in olas\u0131 bir depreme kar\u015f\u0131 hi\u00e7bir haz\u0131rl\u0131k yapmad\u0131\u011f\u0131n\u0131, k\u0131\u015f\u0131 olduk\u00e7a sert ge\u00e7iren do\u011fu b\u00f6lgeleri i\u00e7in ise b\u0131rak\u0131n konteyn\u0131rlar\u0131, k\u0131\u015fl\u0131k \u00e7ad\u0131r bulundurmay\u0131 bile planlamam\u0131\u015f oldu\u011funu g\u00f6steriyor. Kepazeli\u011fin bu kadar\u0131na Zaman gazetesi bile \u015fa\u015ft\u0131 ve gazete bug\u00fcn internet sayfas\u0131nda man\u015fete konuyu ta\u015f\u0131yarak &#8220;Eksi 10 derecede yazl\u0131k \u00e7ad\u0131rlarda kal\u0131yorlar&#8221; ba\u015fl\u0131\u011f\u0131n\u0131 kulland\u0131.<\/p>\n<p style=\"text-align: justify;\">Haberde h\u00fck\u00fcmetin Van&#8217;a k\u0131\u015fl\u0131k \u00e7ad\u0131r ve konteyn\u0131r getirece\u011fi y\u00f6n\u00fcndeki a\u00e7\u0131klamalara da yer verildi, ancak a\u00e7\u0131klamalar konteyn\u0131rlar\u0131n gelmesinin Aral\u0131k sonunu bulaca\u011f\u0131n\u0131 g\u00f6steriyor. Bu durum Van halk\u0131n\u0131n \u015fimdi de so\u011fuktan ciddi hastal\u0131klar ge\u00e7irme ve hatta \u00f6lme tehlikesi ile kar\u015f\u0131 kar\u015f\u0131ya oldu\u011funu g\u00f6steriyor.<\/p>\n<p style=\"text-align: justify;\">Zaman gazetesinde Mustafa Turan imzas\u0131 ile yay\u0131nlanan hi\u00e7 al\u0131\u015f\u0131k olmad\u0131\u011f\u0131m\u0131z t\u00fcrde olan bu haberi aynen yay\u0131nl\u0131yoruz; Kepazeli\u011fin bu kadar\u0131na Zaman gazetesinin bile \u015fa\u015ft\u0131\u011f\u0131n\u0131 ekleyerek:<\/p>\n<p style=\"text-align: justify;\">Depremin vurdu\u011fu Van&#8217;da so\u011fuk hava ve kar ya\u011f\u0131\u015f\u0131, \u00e7ad\u0131rkentlerde s\u00fcren hayat\u0131 zorla\u015ft\u0131r\u0131yor.<\/p>\n<p style=\"text-align: justify;\">\u015eehir merkezindeki 4 ayr\u0131 \u00e7ad\u0131rkentte 10 bin ki\u015fi kal\u0131yor. Ancak \u00e7ad\u0131rlar\u0131n b\u00fcy\u00fck k\u0131sm\u0131 yazl\u0131k. Durum b\u00f6yle olunca depremzedeler, geceleri eksi 10 dereceyi bulan so\u011fuk havada donma tehlikesi ge\u00e7iriyor Depremzedeler tuvalet ve du\u015f ihtiyac\u0131n\u0131 \u00e7ok zor \u015fartlarda giderirken, hijyen problemleri b\u00fcy\u00fcyor. B\u00f6lgede g\u0131da ve k\u0131\u015fl\u0131k giyecek ihtiyac\u0131 da had safhada.<\/p>\n<p style=\"text-align: justify;\">Van ve il\u00e7elerindeki \u00e7ad\u0131rkentlerde so\u011fuk hava sebebiyle s\u0131k s\u0131k i\u00e7me sular\u0131 donuyor. Bunun yan\u0131nda elektrikler de zaman zaman kesiliyor. Ancak, en b\u00fcy\u00fck problem, \u00e7ad\u0131rlar\u0131n yazl\u0131k olmas\u0131. Depremzedeler eksi 10 dereceyi bulan so\u011fuk havalarda bu \u00e7ad\u0131rlarda kal\u0131yor. Ba\u015fbakanl\u0131k Afet ve Acil Durum Y\u00f6netimi (AFAD) Ba\u015fkanl\u0131\u011f\u0131 M\u00fc\u015faviri Peksever M\u00fcderriso\u011flu, k\u0131\u015fl\u0131k \u00e7ad\u0131rlar\u0131 da kurmaya ba\u015flad\u0131klar\u0131n\u0131 belirterek, &#8220;\u00c7ad\u0131r sevkiyat\u0131 devam ediyor. Gelenleri depolarda tutmadan derhal depremzedelere da\u011f\u0131t\u0131yoruz. Yazl\u0131k \u00e7ad\u0131rlar\u0131 kald\u0131r\u0131p k\u0131\u015fl\u0131k \u00e7ad\u0131rlardan yeni \u00e7ad\u0131r kentler kuraca\u011f\u0131z.&#8221; diyor.<\/p>\n<p style=\"text-align: justify;\">Bar\u0131nma krizinin a\u015f\u0131lmas\u0131 i\u00e7in 17 bin konteyn\u0131r sipari\u015fi verildi\u011fini belirten M\u00fcderriso\u011flu, konteyn\u0131rlar\u0131n \u0130stanbul&#8217;da yap\u0131ld\u0131\u011f\u0131n\u0131, aral\u0131k ay\u0131 sonunda kurulmas\u0131n\u0131n planland\u0131\u011f\u0131n\u0131 s\u00f6yl\u00fcyor. Peksever M\u00fcderriso\u011flu, b\u00f6lgedeki ihtiya\u00e7lar\u0131 \u015f\u00f6yle s\u0131ral\u0131yor: &#8220;En acil ihtiya\u00e7lar g\u0131da ve k\u0131\u015fl\u0131k giyim. Havalar daha da so\u011fuyacak. Bunun i\u00e7in bot, kazak, atk\u0131, eldiven ve mont gibi k\u0131\u015fl\u0131klara ihtiya\u00e7 had safhada. Hay\u0131rseverler pirin\u00e7, bulgur ve nohut g\u00f6nderiyor, ancak insanlar\u0131n bunu pi\u015firecek imkan\u0131 yok. \u00d6ncelikle haz\u0131r g\u0131dalara ihtiyac\u0131m\u0131z var.&#8221; Peksever, g\u00f6nderilen giyim malzemelerinin ikinci el olmamamas\u0131n\u0131 da \u00f6zellikle vurguluyor.<\/p>\n<p style=\"text-align: justify;\">\u00c7ad\u0131r kent sakinleri de bar\u0131nma, \u0131s\u0131nma, hijyen gibi bir\u00e7ok sorunlar\u0131n\u0131n oldu\u011funu anlat\u0131yor. Depremde evi a\u011f\u0131r hasar g\u00f6ren ve 4 \u00e7ocu\u011fu, annesi ve kocas\u0131yla ayn\u0131 \u00e7ad\u0131rda ya\u015fam m\u00fccadelesi veren Ay\u015fe Y\u0131lmaz, &#8220;Geceleri \u00fc\u015f\u00fcyoruz. 5 ayl\u0131k \u00e7ocu\u011fum var. S\u0131k s\u0131k ate\u015fleniyor. 20 g\u00fcnd\u00fcr du\u015f alamad\u0131k. Kulland\u0131\u011f\u0131m\u0131z tuvaletler de temiz de\u011fil.&#8221; diye konu\u015fuyor.<\/p>\n<p style=\"text-align: justify;\"><a href=\"http:\/\/muhalifgazete.com\/25683-Van-daki-kepazelige-Zaman-bile-sasti.htm\" target=\"_blank\">Kaynak : Muhalif Gazete<\/a><\/p>\n","protected":false},"excerpt":{"rendered":"<p style=\"text-align: center;\">\n<p style=\"text-align: justify;\">Van&#8217;da depremzedeler dondurucu so\u011fukta yazl\u0131k \u00e7ad\u0131rlarda kal\u0131yorlar.<\/p>\n<p style=\"text-align: justify;\">7.2&#8217;lik depremin ard\u0131ndan neredeyse bir ay ge\u00e7mesine ve b\u00fcy\u00fck yard\u0131mlar toplanmas\u0131na ra\u011fmen depremzedelerin g\u0131da ve giyecek ihtiya\u00e7lar\u0131 bile kar\u015f\u0131lanm\u0131yor. Kepazeli\u011fin bu kadar\u0131na Zaman bile \u015fa\u015ft\u0131.<\/p>\n","protected":false},"author":1,"featured_media":0,"comment_status":"open","ping_status":"open","sticky":false,"template":"","format":"standard","meta":{"footnotes":""},"categories":[105],"tags":[],"class_list":["post-42614","post","type-post","status-publish","format-standard","hentry","category-gundem","odd"],"_links":{"self":[{"href":"http:\/\/www.korhanyilmaz.com\/index.php?rest_route=\/wp\/v2\/posts\/42614","targetHints":{"allow":["GET"]}}],"collection":[{"href":"http:\/\/www.korhanyilmaz.com\/index.php?rest_route=\/wp\/v2\/posts"}],"about":[{"href":"http:\/\/www.korhanyilmaz.com\/index.php?rest_route=\/wp\/v2\/types\/post"}],"author":[{"embeddable":true,"href":"http:\/\/www.korhanyilmaz.com\/index.php?rest_route=\/wp\/v2\/users\/1"}],"replies":[{"embeddable":true,"href":"http:\/\/www.korhanyilmaz.com\/index.php?rest_route=%2Fwp%2Fv2%2Fcomments&post=42614"}],"version-history":[{"count":0,"href":"http:\/\/www.korhanyilmaz.com\/index.php?rest_route=\/wp\/v2\/posts\/42614\/revisions"}],"wp:attachment":[{"href":"http:\/\/www.korhanyilmaz.com\/index.php?rest_route=%2Fwp%2Fv2%2Fmedia&parent=42614"}],"wp:term":[{"taxonomy":"category","embeddable":true,"href":"http:\/\/www.korhanyilmaz.com\/index.php?rest_route=%2Fwp%2Fv2%2Fcategories&post=42614"},{"taxonomy":"post_tag","embeddable":true,"href":"http:\/\/www.korhanyilmaz.com\/index.php?rest_route=%2Fwp%2Fv2%2Ftags&post=42614"}],"curies":[{"name":"wp","href":"https:\/\/api.w.org\/{rel}","templated":true}]}}