{"id":4261,"date":"2009-02-28T16:00:27","date_gmt":"2009-02-28T14:00:27","guid":{"rendered":"http:\/\/www.korhanyilmaz.com\/?p=4261"},"modified":"2009-02-28T16:00:27","modified_gmt":"2009-02-28T14:00:27","slug":"mit-cecen-cinayetlerinde-rus-parmagini-arastiriyor","status":"publish","type":"post","link":"http:\/\/www.korhanyilmaz.com\/?p=4261","title":{"rendered":"M\u0130T, \u00c7e\u00e7en cinayetlerinde Rus parma\u011f\u0131n\u0131 ara\u015ft\u0131r\u0131yor!"},"content":{"rendered":"<p style=\"text-align: justify;\"><img loading=\"lazy\" decoding=\"async\" class=\"aligncenter size-full wp-image-4262\" title=\"M\u0130T, \u00c7e\u00e7en cinayetlerinde Rus parma\u011f\u0131n\u0131 ara\u015ft\u0131r\u0131yor! \" src=\"http:\/\/www.korhanyilmaz.com\/wp-content\/uploads\/2009\/03\/010320090208310981812.jpg\" alt=\"M\u0130T, \u00c7e\u00e7en cinayetlerinde Rus parma\u011f\u0131n\u0131 ara\u015ft\u0131r\u0131yor! \" width=\"376\" height=\"240\" \/><\/p>\n<p style=\"text-align: justify;\"><strong>\u0130stanbul&#8217;da, son 6 ay i\u00e7inde 3 \u00c7e\u00e7en liderin \u00f6ld\u00fcr\u00fclmesi M\u0130T&#8217;i de harekete ge\u00e7irdi<\/strong>.<\/p>\n<p style=\"text-align: justify;\">\u00d6nceki g\u00fcn Zeytinburnu G\u00f6kalp Mahallesi&#8217;ndeki evine giderken apartman\u0131n kap\u0131s\u0131nda bir tetik\u00e7i taraf\u0131ndan \u00f6ld\u00fcr\u00fclen Ali Osaev, \u00c7e\u00e7enistan&#8217;da Ruslara kar\u015f\u0131 sava\u015fan \u00fcst d\u00fczey komutanlardan biriydi. 1994-96 aras\u0131nda s\u00fcren ilk sava\u015f ile 1999-2003&#8217;teki ikinci sava\u015fta da Ruslara kar\u015f\u0131 sava\u015fan Osaev, 2003&#8217;te e\u015fi \u00e7ocuklar\u0131yla T\u00fcrkiye&#8217;ye gelmi\u015fti. T\u00fcrkiye&#8217;de m\u00fclteci stat\u00fcs\u00fcnde bulunan Osaev, \u00c7e\u00e7enistan&#8217;da Ruslara kar\u015f\u0131 sava\u015fan direni\u015f\u00e7ilerin \u015fu anki lideri Doku \u00d6merov&#8217;un \u00f6zel temsilcisi olarak \u00e7al\u0131\u015f\u0131yordu. \u00d6ld\u00fcr\u00fcld\u00fc\u011f\u00fc g\u00fcn abdest ald\u0131ktan sonra arkada\u015flar\u0131na, &#8220;\u0130\u00e7imde bir \u00fcrperti var&#8221; diyen Osaev&#8217;e arkada\u015flar\u0131n\u0131n, &#8220;\u00d6ld\u00fcr\u00fclmekten mi korkuyorsun?&#8221; diye sorduklar\u0131, Osaev&#8217;in de, &#8220;Hay\u0131r, asla. \u00d6ld\u00fcr\u00fclmekten korkmam&#8221; dedi\u011fi \u00f6\u011frenildi. 5 \u00e7ocuk babas\u0131 olan Osaev, arkada\u015flar\u0131yla sohbeti bittikten sonra evine giderken arkas\u0131ndan kendisini takip eden uzun sa\u00e7l\u0131 biri (Tan\u0131nmamak i\u00e7in peruk takt\u0131\u011f\u0131 iddia ediliyor) taraf\u0131ndan \u00f6ld\u00fcr\u00fcld\u00fc. Osaev, apartman\u0131n merdivenlerini \u00e7\u0131karken arkas\u0131ndaki tetik\u00e7inin silah\u0131na mermi s\u00fcrd\u00fc\u011f\u00fcn\u00fc hissedince d\u00f6n\u00fcp bakt\u0131\u011f\u0131nda y\u00fcz\u00fcne ald\u0131\u011f\u0131 4 kur\u015funla ya\u015fam\u0131n\u0131 yitirdi.<!--more--><\/p>\n<p style=\"text-align: justify;\">Osaev&#8217;in \u00f6ld\u00fcr\u00fclme bi\u00e7imi ile \u00c7e\u00e7en Albay Gazhi Edilsultanov ile \u0130slam Canibekov cinayetleri aras\u0131ndaki benzerlik dikkat \u00e7ekti. Ge\u00e7ti\u011fimiz Eyl\u00fcl ay\u0131nda \u00f6ld\u00fcr\u00fclen Gazhi Edilsultanov ile Aral\u0131k ay\u0131nda \u00f6ld\u00fcr\u00fclen \u0130slam Canibekov da t\u0131pk\u0131 Ali Osaev gibi evlerinin \u00f6n\u00fcnde, eve girmeye \u00e7al\u0131\u015f\u0131rken kendilerini takip eden tetik\u00e7iler taraf\u0131ndan \u00f6ld\u00fcr\u00fclm\u00fc\u015ft\u00fc. Osaev&#8217;in yak\u0131n bir arkada\u015f\u0131 VATAN&#8217;a yapt\u0131\u011f\u0131 a\u00e7\u0131klamada \u015funlar\u0131 s\u00f6yledi: &#8220;\u0130stanbul&#8217;da i\u015flenen bu 3 cinayet ile Avrupa ve Katar&#8217;da i\u015flenen cinayetlerin t\u00fcm\u00fc ayn\u0131 y\u00f6ntemle yap\u0131ld\u0131. Hedef se\u00e7ilen ki\u015filer evlerine d\u00f6nerlerken, yaln\u0131z olduklar\u0131 bir anda arkadan yakla\u015fan profesyonel ki\u015filer taraf\u0131ndan \u00f6ld\u00fcr\u00fcl\u00fcyor. Kullan\u0131lan silahlar ve eylemin i\u015fleni\u015f y\u00f6ntemi Rus Gizli Servisi&#8217;ni i\u015faret ediyor. Kald\u0131 ki Rusya Lideri A. Putin, \u00c7e\u00e7enistan d\u0131\u015f\u0131ndaki direni\u015f yanl\u0131s\u0131 \u00c7e\u00e7enlerin \u00f6ld\u00fcr\u00fclmesi i\u00e7in inan\u0131lmaz bir b\u00fct\u00e7e ay\u0131rm\u0131\u015ft\u0131. Bu i\u015f i\u00e7in de binlerce ajan\u0131 g\u00f6revlendirdi\u011fi bilgisi bas\u0131na yans\u0131d\u0131. Bunu b\u00fct\u00fcn d\u00fcnya okudu. Putin&#8217;in bu plan\u0131 bas\u0131na s\u0131zd\u0131ktan sonra art arda cinayetler i\u015flendi&#8221;<\/p>\n<p style=\"text-align: justify;\"><strong>\u00d6zel birim bakacak<\/strong><\/p>\n<p style=\"text-align: justify;\">Son cinayetin ard\u0131ndan \u00f6nceki g\u00fcn \u0130stanbul Emniyeti&#8217;nde \u00f6zel bir birim olu\u015fturulmu\u015ftu. Ter\u00f6r, Asayi\u015f ve \u0130stihbarat birimlerinde g\u00f6revli \u00f6zel bir ekipten olu\u015fturulan bu birim Ali Osaev, Albay Gazhi Edilsultanov ile \u0130slam Canibekov&#8217;un dosyalar\u0131n\u0131 mercek alt\u0131na alm\u0131\u015ft\u0131. Emniyetteki bu birim \u00e7al\u0131\u015fmalar\u0131 s\u00fcrd\u00fcr\u00fcrken d\u00fcn M\u0130T&#8217;ten de \u00f6zel bir ekip \u0130stanbul Emniyet M\u00fcd\u00fcrl\u00fc\u011f\u00fc&#8217;ne gelerek her 3 cinayete ili\u015fkin detayl\u0131 bir dosyay\u0131 ald\u0131. Cinayetlerde benzer y\u00f6ntemlerin kullan\u0131lmas\u0131 ve kullan\u0131lan silahlar\u0131n kimli\u011fi ak\u0131llara Rus Gizli Servisi FSP&#8217;yi ak\u0131llara getirmi\u015fti. M\u0130T&#8217;in de son derece profesyonel bir \u015fekilde i\u015flenmi\u015f bu cinayetlerdeki FSP \u015f\u00fcphesi \u00fczerine harekete ge\u00e7ti\u011fi \u00f6\u011frenildi.<\/p>\n<p style=\"text-align: justify;\"><strong>S\u0131n\u0131r d\u0131\u015f\u0131 edilebilirler<\/strong><\/p>\n<p style=\"text-align: justify;\">Bu arada polis \u0130stanbul&#8217;da kalan \u00c7e\u00e7enleri mercek alt\u0131na ald\u0131. Yap\u0131lan incelemelerde \u00c7e\u00e7enlerin \u0130\u00e7i\u015fleri Bakanl\u0131\u011f\u0131&#8217;n\u0131n \u00f6zel izni ile \u0130stanbul&#8217;da kald\u0131klar\u0131 tespit edildi. \u0130stanbul&#8217;da bu izinle yakla\u015f\u0131k 500 \u00c7e\u00e7en&#8217;in kald\u0131\u011f\u0131 ortaya \u00e7\u0131kt\u0131. \u0130stanbul&#8217;da benzer cinayetlerin bir daha ya\u015fanmamas\u0131 i\u00e7in sorun \u00e7\u0131karabilecek ya da hedef te\u015fkil edecek \u00e7e\u00e7en komutanlar\u0131n s\u0131n\u0131r d\u0131\u015f\u0131 edilebilece\u011fi ifade edildi.<\/p>\n<p style=\"text-align: justify;\"><strong>\u00c7E\u00c7EN L\u0130DER TOPRA\u011eA VER\u0130LD\u0130<\/strong><\/p>\n<p style=\"text-align: justify;\">Cinayetin ard\u0131ndan otopsi i\u00e7in Adli T\u0131p Kurumu&#8217;na kald\u0131r\u0131lan Osaev&#8217;in cesedi, d\u00fcn yak\u0131nlar\u0131 taraf\u0131ndan al\u0131nd\u0131ktan sonra Fatih Camii&#8217;ne getirildi. Burada ikindi namaz\u0131n\u0131n ard\u0131ndan cenaze namaz\u0131 k\u0131l\u0131nan Osaev, Zeytinburnu Silivrikap\u0131 Mezarl\u0131\u011f\u0131&#8217;nda defnedildi. Cenaze t\u00f6renine \u00e7ok say\u0131da \u00c7e\u00e7en kat\u0131ld\u0131.<\/p>\n<p style=\"text-align: justify;\"><strong>KAMPTAK\u0130LER DI\u015eARI \u00c7IKMAYA KORKUYOR<\/strong><\/p>\n<p style=\"text-align: justify;\">Ali Osaev&#8217;in \u00f6ld\u00fcr\u00fclmesi, Kad\u0131k\u00f6y&#8217;deki \u00c7e\u00e7en m\u00fcltecilerin ya\u015fad\u0131\u011f\u0131 kampta korku ve gerginlik yaratt\u0131. \u0130smini vermeyen bir \u00c7e\u00e7en m\u00fclteci, &#8220;Bu cinayetleri gazetelerde okuduktan sonra kamp\u0131m\u0131zda gerginlik art\u0131yor. Biz de d\u0131\u015far\u0131 \u00e7\u0131kmak istemiyoruz. S\u0131ran\u0131n bizlere geldi\u011finden korkuyoruz&#8221; dedi.<\/p>\n<p style=\"text-align: justify;\"><span style=\"color: #888888;\">Kaynak : Vatan Gazetesi<\/span><\/p>\n","protected":false},"excerpt":{"rendered":"<p style=\"text-align: justify;\">\n<p style=\"text-align: justify;\">\u0130stanbul&#8217;da, son 6 ay i\u00e7inde 3 \u00c7e\u00e7en liderin \u00f6ld\u00fcr\u00fclmesi M\u0130T&#8217;i de harekete ge\u00e7irdi.<\/p>\n<p style=\"text-align: justify;\">\u00d6nceki g\u00fcn Zeytinburnu G\u00f6kalp Mahallesi&#8217;ndeki evine giderken apartman\u0131n kap\u0131s\u0131nda bir tetik\u00e7i taraf\u0131ndan \u00f6ld\u00fcr\u00fclen Ali Osaev, \u00c7e\u00e7enistan&#8217;da Ruslara kar\u015f\u0131 sava\u015fan \u00fcst d\u00fczey komutanlardan biriydi. 1994-96 aras\u0131nda s\u00fcren ilk sava\u015f ile 1999-2003&#8217;teki ikinci sava\u015fta da Ruslara kar\u015f\u0131 <\/p>\n","protected":false},"author":1,"featured_media":0,"comment_status":"open","ping_status":"closed","sticky":false,"template":"","format":"standard","meta":{"footnotes":""},"categories":[105],"tags":[],"class_list":["post-4261","post","type-post","status-publish","format-standard","hentry","category-gundem","odd"],"_links":{"self":[{"href":"http:\/\/www.korhanyilmaz.com\/index.php?rest_route=\/wp\/v2\/posts\/4261","targetHints":{"allow":["GET"]}}],"collection":[{"href":"http:\/\/www.korhanyilmaz.com\/index.php?rest_route=\/wp\/v2\/posts"}],"about":[{"href":"http:\/\/www.korhanyilmaz.com\/index.php?rest_route=\/wp\/v2\/types\/post"}],"author":[{"embeddable":true,"href":"http:\/\/www.korhanyilmaz.com\/index.php?rest_route=\/wp\/v2\/users\/1"}],"replies":[{"embeddable":true,"href":"http:\/\/www.korhanyilmaz.com\/index.php?rest_route=%2Fwp%2Fv2%2Fcomments&post=4261"}],"version-history":[{"count":0,"href":"http:\/\/www.korhanyilmaz.com\/index.php?rest_route=\/wp\/v2\/posts\/4261\/revisions"}],"wp:attachment":[{"href":"http:\/\/www.korhanyilmaz.com\/index.php?rest_route=%2Fwp%2Fv2%2Fmedia&parent=4261"}],"wp:term":[{"taxonomy":"category","embeddable":true,"href":"http:\/\/www.korhanyilmaz.com\/index.php?rest_route=%2Fwp%2Fv2%2Fcategories&post=4261"},{"taxonomy":"post_tag","embeddable":true,"href":"http:\/\/www.korhanyilmaz.com\/index.php?rest_route=%2Fwp%2Fv2%2Ftags&post=4261"}],"curies":[{"name":"wp","href":"https:\/\/api.w.org\/{rel}","templated":true}]}}