{"id":42605,"date":"2011-11-16T11:52:49","date_gmt":"2011-11-16T09:52:49","guid":{"rendered":"http:\/\/www.korhanyilmaz.com\/?p=42605"},"modified":"2011-11-17T00:28:11","modified_gmt":"2011-11-16T22:28:11","slug":"anilan-abdulmecid-degil-de-vahdettin-mi","status":"publish","type":"post","link":"http:\/\/www.korhanyilmaz.com\/?p=42605","title":{"rendered":"An\u0131lan Abd\u00fclmecid de\u011fil de Vahdettin mi?"},"content":{"rendered":"<p style=\"text-align: center;\"><a href=\"http:\/\/www.korhanyilmaz.com\/wp-content\/uploads\/2011\/11\/7122.jpg\"  class=\"lightview\"><img loading=\"lazy\" decoding=\"async\" class=\"aligncenter  wp-image-42606\" src=\"http:\/\/www.korhanyilmaz.com\/wp-content\/uploads\/2011\/11\/7122.jpg\" alt=\"\" width=\"357\" height=\"210\" \/><\/a><\/p>\n<p style=\"text-align: justify;\">Murat Bardak\u00e7\u0131 Dolmabah\u00e7e Saray\u0131&#8217;ndaki Abd\u00fclmecid anmas\u0131n\u0131n tarihinin ilgin\u00e7 ve d\u00fc\u015f\u00fcnd\u00fcr\u00fcc\u00fc bir tesad\u00fcfe denk geldi\u011finin alt\u0131n\u0131 \u00e7izdi&#8230;<\/p>\n<p style=\"text-align: justify;\">Habert\u00fcrk yazar\u0131 Murat Bardak\u00e7\u0131, iki uzmanl\u0131k alan\u0131ndan biri olan Osmanl\u0131 sultanlar\u0131 tarihi konusundaki bilgisini bug\u00fcn g\u00f6zler \u00f6n\u00fcne serdi. &#8220;17 Kas\u0131m&#8217;da padi\u015fah sempozyumu yapmak bilgi ve zarafet noksan\u0131d\u0131r&#8221; diyen Bardak\u00e7\u0131, k\u00f6\u015fesinde Sultan Abd\u00fclmecid&#8217;in \u00f6l\u00fcm\u00fcn\u00fcn 150. y\u0131l\u0131nda Dolmabah\u00e7e Saray\u0131&#8217;nda d\u00fczenlenecek olan konferans\u0131 analiz etti.\u00a0<!--more--><\/p>\n<p style=\"text-align: justify;\"><strong>TESAD\u00dcF\u00dcN B\u00d6YLES\u0130 G\u00d6R\u00dcLMED\u0130\u00a0<\/strong><\/p>\n<p style=\"text-align: justify;\">Uzun uzun, Abd\u00fclmecid&#8217;in yapt\u0131klar\u0131n\u0131 ve b\u00f6yle bir toplant\u0131n\u0131n neden yap\u0131lmas\u0131 gerekti\u011fini anlatan Bardak\u00e7\u0131, yaz\u0131s\u0131n\u0131n ikinci b\u00f6l\u00fcm\u00fcnde ise &#8220;AMA&#8230;&#8221; i\u00e7eren bir c\u00fcmleyle konfreans ile ilgili \u00e7ok \u00e7arp\u0131c\u0131 bir &#8220;tesad\u00fcf&#8221;\u00fc de okurlar\u0131yla payla\u015ft\u0131.<\/p>\n<p style=\"text-align: justify;\">&#8220;S\u00f6z\u00fcn k\u0131sas\u0131, B\u00fcy\u00fck Millet Meclisi&#8217;ne ba\u011fl\u0131 Mill\u00ee Saraylar Dairesi&#8217;nin Sultan Abd\u00fclmecid d\u00f6nemini konu alan bir sempozyum d\u00fczenlemesi son derece normaldir, yap\u0131lmas\u0131 gereken bir i\u015ftir ve yap\u0131lm\u0131\u015ft\u0131r, ama&#8230;&#8221; yazan Bardak\u00e7\u0131 o &#8220;ama&#8230;&#8221;y\u0131 ise \u015f\u00f6yle a\u00e7\u0131klad\u0131:<\/p>\n<p style=\"text-align: justify;\">B\u00fct\u00fcn mesele i\u015fte bu &#8220;ama&#8221;da, sempozyumun g\u00fcn\u00fcn\u00fcn se\u00e7iminde edilen b\u00fcy\u00fck hatada! Sultan Abd\u00fclmecid&#8217;in \u00f6l\u00fcm\u00fcn\u00fcn 150. y\u0131ld\u00f6n\u00fcm\u00fc m\u00fcnasebetiyle d\u00fczenlendi\u011fi s\u00f6ylenen ve 17 Kas\u0131m&#8217;da yap\u0131lan bir etkinli\u011fin tarihine bakt\u0131\u011f\u0131n\u0131zda ne d\u00fc\u015f\u00fcn\u00fcrs\u00fcn\u00fcz?<\/p>\n<p style=\"text-align: justify;\">Padi\u015fah\u0131n hayata 17 Kas\u0131m 1861 &#8216;de veda etti\u011fini, de\u011fil mi? Ama, Abd\u00fclmecid&#8217;in \u00f6l\u00fcm g\u00fcn\u00fc 25 Haziran 1861 &#8216;dir, yani vefat\u0131n\u0131n 17 Kas\u0131m ile bir al\u00e2kas\u0131 yoktur. Do\u011fum tarihi 25 Nisan 1823 Cuma olan h\u00fck\u00fcmdar tahta 1 Temmuz 1839 Pazartesi g\u00fcn\u00fc \u00e7\u0131km\u0131\u015ft\u0131r, dolay\u0131s\u0131 ile 17 Kas\u0131m g\u00fcn\u00fc Abd\u00fclmecid&#8217;in hayat\u0131nda \u00f6nemli bir yere sahip de\u011fildir!<\/p>\n<p style=\"text-align: justify;\"><strong>17 KASIM ASLINDA VAHDETT\u0130N ANMASI MI?\u00a0<\/strong><\/p>\n<p style=\"text-align: justify;\">17 Kas\u0131m tarihinin, tarihimizde \u00e7ok ba\u015fka ve hi\u00e7 de ho\u015f olmayan sadece tek bir yeri vard\u0131r: Osmano\u011fullar\u0131&#8217;n\u0131n Sultan Abd\u00fclmecid&#8217;in o\u011fullar\u0131ndan olan son h\u00fck\u00fcmdar\u0131 Sultan Vahideddin, bundan tam 89 sene \u00f6nce, 17 Kas\u0131m 1922 sabah\u0131 bir \u0130ngiliz sava\u015f gemisi ile \u0130stanbul&#8217;u bir daha d\u00f6nmemek \u00fczere terketmi\u015f ve s\u00fcrg\u00fcn\u00fcn\u00fcn ilk dura\u011f\u0131 olan Malta&#8217;ya gitmi\u015ftir, o kadar!<\/p>\n<p style=\"text-align: justify;\">B\u00fcy\u00fck Millet Meclisi&#8217;nin, daha do\u011frusu Mill\u00ee Saraylar Dairesi&#8217;nin Sultan Abd\u00fclmecid&#8217;i anmak i\u00e7in 17 Kas\u0131m&#8217;\u0131 kasten se\u00e7ti\u011fini tahmin etmiyorum, b\u00f6yle bir \u015fey s\u00f6zkonusu bile olamaz,\u00a0&#8220;O\u011flunun gitti\u011fi g\u00fcn babas\u0131n\u0131 anmam\u0131z iyi olur&#8221; gibisinden bir tuhafl\u0131k hi\u00e7 mi hi\u00e7 m\u00fcmk\u00fcn de\u011fildir. Dolay\u0131s\u0131 ile ortada tek bir ihtimal var; ciddiyetsizlik!<\/p>\n<p style=\"text-align: justify;\"><a href=\"http:\/\/muhalifgazete.com\/25591-Anilan-Abdulmecid-degil-de-Vahdettin-mi.htm\" target=\"_blank\">Kaynak : Muhalif Gazete<\/a><\/p>\n","protected":false},"excerpt":{"rendered":"<p style=\"text-align: center;\">\n<p style=\"text-align: justify;\">Murat Bardak\u00e7\u0131 Dolmabah\u00e7e Saray\u0131&#8217;ndaki Abd\u00fclmecid anmas\u0131n\u0131n tarihinin ilgin\u00e7 ve d\u00fc\u015f\u00fcnd\u00fcr\u00fcc\u00fc bir tesad\u00fcfe denk geldi\u011finin alt\u0131n\u0131 \u00e7izdi&#8230;<\/p>\n<p style=\"text-align: justify;\">Habert\u00fcrk yazar\u0131 Murat Bardak\u00e7\u0131, iki uzmanl\u0131k alan\u0131ndan biri olan Osmanl\u0131 sultanlar\u0131 tarihi konusundaki bilgisini bug\u00fcn g\u00f6zler \u00f6n\u00fcne serdi. &#8220;17 Kas\u0131m&#8217;da padi\u015fah sempozyumu yapmak bilgi ve zarafet noksan\u0131d\u0131r&#8221; diyen Bardak\u00e7\u0131, k\u00f6\u015fesinde Sultan Abd\u00fclmecid&#8217;in <\/p>\n","protected":false},"author":1,"featured_media":0,"comment_status":"open","ping_status":"open","sticky":false,"template":"","format":"standard","meta":{"footnotes":""},"categories":[105],"tags":[],"class_list":["post-42605","post","type-post","status-publish","format-standard","hentry","category-gundem","odd"],"_links":{"self":[{"href":"http:\/\/www.korhanyilmaz.com\/index.php?rest_route=\/wp\/v2\/posts\/42605","targetHints":{"allow":["GET"]}}],"collection":[{"href":"http:\/\/www.korhanyilmaz.com\/index.php?rest_route=\/wp\/v2\/posts"}],"about":[{"href":"http:\/\/www.korhanyilmaz.com\/index.php?rest_route=\/wp\/v2\/types\/post"}],"author":[{"embeddable":true,"href":"http:\/\/www.korhanyilmaz.com\/index.php?rest_route=\/wp\/v2\/users\/1"}],"replies":[{"embeddable":true,"href":"http:\/\/www.korhanyilmaz.com\/index.php?rest_route=%2Fwp%2Fv2%2Fcomments&post=42605"}],"version-history":[{"count":0,"href":"http:\/\/www.korhanyilmaz.com\/index.php?rest_route=\/wp\/v2\/posts\/42605\/revisions"}],"wp:attachment":[{"href":"http:\/\/www.korhanyilmaz.com\/index.php?rest_route=%2Fwp%2Fv2%2Fmedia&parent=42605"}],"wp:term":[{"taxonomy":"category","embeddable":true,"href":"http:\/\/www.korhanyilmaz.com\/index.php?rest_route=%2Fwp%2Fv2%2Fcategories&post=42605"},{"taxonomy":"post_tag","embeddable":true,"href":"http:\/\/www.korhanyilmaz.com\/index.php?rest_route=%2Fwp%2Fv2%2Ftags&post=42605"}],"curies":[{"name":"wp","href":"https:\/\/api.w.org\/{rel}","templated":true}]}}