{"id":42599,"date":"2011-11-16T14:32:13","date_gmt":"2011-11-16T12:32:13","guid":{"rendered":"http:\/\/www.korhanyilmaz.com\/?p=42599"},"modified":"2011-11-16T21:40:36","modified_gmt":"2011-11-16T19:40:36","slug":"aygunun-savunmasi-alinacak","status":"publish","type":"post","link":"http:\/\/www.korhanyilmaz.com\/?p=42599","title":{"rendered":"&#8216;Ayg\u00fcn&#8217;\u00fcn savunmas\u0131 al\u0131nacak&#8217;"},"content":{"rendered":"<p style=\"text-align: center;\"><a href=\"http:\/\/www.korhanyilmaz.com\/wp-content\/uploads\/2011\/11\/7121.jpg\"  class=\"lightview\"><img loading=\"lazy\" decoding=\"async\" class=\"aligncenter  wp-image-42600\" src=\"http:\/\/www.korhanyilmaz.com\/wp-content\/uploads\/2011\/11\/7121.jpg\" alt=\"\" width=\"290\" height=\"217\" \/><\/a><\/p>\n<p style=\"text-align: justify;\">CHP MYK, CHP Tunceli Milletvekili H\u00fcseyin Ayg\u00fcn&#8217;\u00fcn bir gazeteye verdi\u011fi deme\u00e7te Atat\u00fcrk, &#8216;Dersim&#8217; ve CHP ile ilgili s\u00f6zlerine ili\u015fkin savunmas\u0131n\u0131n al\u0131nmas\u0131na karar verdi.<!--more--><\/p>\n<p style=\"text-align: justify;\">Ankara- CHP Genel Ba\u015fkan\u0131 Kemal K\u0131l\u0131\u00e7daro\u011flu&#8217;nun ba\u015fkanl\u0131\u011f\u0131nda toplanan CHP Merkez Y\u00f6netim Kurulu (MYK) toplant\u0131s\u0131 sona erdi. Yakla\u015f\u0131k 3 saat s\u00fcren toplant\u0131n\u0131n ard\u0131ndan CHP S\u00f6zc\u00fcs\u00fc ve Genel Ba\u015fkan Yard\u0131mc\u0131s\u0131 Birg\u00fcl Ayman G\u00fcler yapt\u0131\u011f\u0131 bas\u0131n toplant\u0131s\u0131nda gazetecilerin sorular\u0131n\u0131 yan\u0131tlad\u0131.<\/p>\n<p style=\"text-align: justify;\">G\u00fcler, CHP Tunceli Milletvekili H\u00fcseyin Ayg\u00fcn&#8217;\u00fcn bir gazeteye verdi\u011fi deme\u00e7te Atat\u00fcrk, &#8216;Dersim&#8217; ve CHP ile ilgili s\u00f6zlerinin MYK&#8217;n\u0131n g\u00fcndemine geldi\u011fini belirterek, &#8220;Bu yaz\u0131 Zaman Gazetesinde 10 Kas\u0131m g\u00fcn\u00fc \u00e7\u0131km\u0131\u015f bir yaz\u0131yd\u0131. O g\u00fcn biz MYK olarak toplant\u0131 halindeydik. Dolay\u0131s\u0131yla MYK g\u00fcndemine gelmemi\u015fti, g\u00f6rmemi\u015ftik, de\u011ferlendirmek o y\u00fczden m\u00fcmk\u00fcn de\u011fildi. Bug\u00fcn ilk toplant\u0131m\u0131z\u0131 yapt\u0131k ve buna y\u00f6nelik \u00e7e\u015fitli de\u011ferlendirmelerimiz oldu. H\u00fcseyin Ayg\u00fcn arkada\u015f\u0131m\u0131z\u0131n yapt\u0131\u011f\u0131 bu a\u00e7\u0131klamaya ili\u015fkin savunmas\u0131n\u0131n al\u0131nmas\u0131na karar verildi&#8221; dedi.<\/p>\n<p style=\"text-align: justify;\">G\u00fcler, Ayg\u00fcn&#8217;\u00fcn a\u00e7\u0131klamalar\u0131n\u0131n &#8220;ku\u015fkusuz&#8221; partinin resmi g\u00f6r\u00fc\u015f\u00fc olmad\u0131\u011f\u0131n\u0131 ifade ederek, &#8220;Arkada\u015f\u0131m\u0131z\u0131n kendi g\u00f6r\u00fc\u015flerini dile getirdi\u011fi orada, a\u00e7\u0131k. Yapt\u0131\u011f\u0131 a\u00e7\u0131klama da \u00e7e\u015fitli rahats\u0131zl\u0131klar verdi\u011fi i\u00e7in zaten MYK kendisinden savunmas\u0131n\u0131 talep ediyor&#8221; dedi.<\/p>\n<p style=\"text-align: justify;\"><strong>&#8220;Tanr\u0131kulu&#8217;nun vicdani ret konusundaki kanun teklifini g\u00f6rmedik&#8221;\u00a0<\/strong><\/p>\n<p style=\"text-align: justify;\">G\u00fcler, Vicdani ret konusundaki bir soru \u00fczerine de &#8220;Vicdani ret konusu ordu \u00f6rg\u00fctlenmeleriyle de do\u011frudan ilgili bir konu bildi\u011finiz gibi. Baz\u0131 a\u00e7\u0131klamalar yap\u0131l\u0131yor ki &#8216;zorunlu askerlik sistemine ayk\u0131r\u0131d\u0131r&#8217; \u015feklinde. A\u0130HM&#8217;nin a\u00e7\u0131k kararlar\u0131 var. Bizde uygulanan askerlik sisteminin ortadan kald\u0131r\u0131lmas\u0131n\u0131 gerektiren bir uygulama de\u011fil, dolay\u0131s\u0131yla niteli\u011fi ve s\u0131n\u0131rlar\u0131 ku\u015fkusuz \u00e7ok tart\u0131\u015fma konusu. O tart\u0131\u015fma yap\u0131larak vicdani ret konusunda genel olarak, partimizin bak\u0131\u015f\u0131 olumlu. Ancak bir kez daha s\u00f6ylemek isterim, bu askerlik sisteminin de\u011fi\u015ftirilmesi gibi bir sonuca g\u00f6t\u00fcr\u00fcl\u00fcrse tart\u0131\u015fma de\u011fi\u015fir. Niteli\u011fi ve s\u0131n\u0131rlar\u0131 itibariyle tan\u0131mlamas\u0131 s\u00f6z konusu oldu\u011funda tart\u0131\u015fma olduk\u00e7a heyecanl\u0131 hale gelir&#8221; dedi.<\/p>\n<p style=\"text-align: justify;\">G\u00fcler, CHP Genel Ba\u015fkan Yard\u0131mc\u0131s\u0131 Sezgin Tanr\u0131kulu&#8217;nun ve birka\u00e7 milletvekilinin bir kanun teklifi metni haz\u0131rlad\u0131\u011f\u0131n\u0131 da belirtirken, &#8220;Bu kanun teklifi metnini g\u00f6rmedik&#8221; dedi.<\/p>\n<p style=\"text-align: justify;\"><strong>Deprem b\u00f6lgesinde durum\u00a0<\/strong><\/p>\n<p style=\"text-align: justify;\">MYK&#8217;de Van&#8217;da meydana gelen depremlerle ilgili de\u011ferlendirmeler yap\u0131ld\u0131\u011f\u0131n\u0131 belirten G\u00fcler, &#8221;Van&#8217;da deprem halen devam eden bir sorun ve \u00e7ok sert k\u0131\u015f ko\u015fullar\u0131nda art\u0131k ailelerin ayr\u0131 ayr\u0131 bir trajedi ya\u015fad\u0131klar\u0131 bir soruna d\u00f6n\u00fc\u015fm\u00fc\u015f durumda&#8221; ifadelerini kulland\u0131.<\/p>\n<p style=\"text-align: justify;\">Depremde en ba\u015f\u0131ndan bu yana e\u015f g\u00fcd\u00fcm sorunlar\u0131 ya\u015fand\u0131\u011f\u0131n\u0131 savunan G\u00fcler, CHP&#8217;li belediyeler arac\u0131l\u0131\u011f\u0131yla deprem b\u00f6lgesine \u00e7ok say\u0131da yard\u0131mda bulunduklar\u0131n\u0131, \u00f6n\u00fcm\u00fczdeki g\u00fcnlerde parti genel merkezinin depolar\u0131nda toplanm\u0131\u015f olan yard\u0131mlar\u0131 da Kad\u0131n Kollar\u0131 \u00fcyeleriyle b\u00f6lgeye g\u00f6t\u00fcreceklerini bildirdi.<\/p>\n<p style=\"text-align: justify;\">Deprem nedeniyle Erci\u015f&#8217;in il yap\u0131lmas\u0131 y\u00f6n\u00fcnde bir \u00f6nerileri oldu\u011funu da kaydeden G\u00fcler, &#8221;Bu \u00f6nerimizin g\u00fcndeme al\u0131nmas\u0131n\u0131 ve yasala\u015fmas\u0131n\u0131 arzu ediyoruz. B\u00f6ylece y\u00f6netsel \u00f6nlemlerle bu sorunlar\u0131 bir par\u00e7a daha etkili bir \u015fekilde \u00e7\u00f6zebiliriz diye umut ediyoruz&#8221; diye konu\u015ftu.<\/p>\n<p style=\"text-align: justify;\"><strong>Tutuklu milletvekillerinin durumu\u00a0<\/strong><\/p>\n<p style=\"text-align: justify;\">Tutuklu milletvekillerinin serbest b\u0131rak\u0131lmamas\u0131na kar\u015f\u0131, d\u00f6rt a\u015famal\u0131 bir protesto s\u00fcreci ya\u015fad\u0131klar\u0131n\u0131 anlatan G\u00fcler, ilk olarak tutuklamalar\u0131n haks\u0131z oldu\u011funu gerek\u00e7e g\u00f6stererek, bu ki\u015fileri aday g\u00f6sterdiklerini an\u0131msatt\u0131.<\/p>\n<p style=\"text-align: justify;\">Aday g\u00f6sterilenlere se\u00e7menin mazbatas\u0131n\u0131 verdi\u011fini bildiren G\u00fcler, \u015f\u00f6yle devam etti:<\/p>\n<p style=\"text-align: justify;\">&#8221;Mazbata verildi\u011fine g\u00f6re milli iradenin gere\u011fi yerin getirilecek ve milletvekilleri serbest b\u0131rak\u0131lacakt\u0131, ama H\u00fck\u00fcmet bunu duymazl\u0131ktan gelmi\u015fti. O vakit bunu d\u00fcnya ve T\u00fcrkiye kamuoyuna daha etkili bir \u015fekilde duyurabilmek i\u00e7in bir yemin boykotu yapm\u0131\u015ft\u0131k. Bu boykota ba\u015flarken a\u00e7\u0131klamam\u0131z \u015fuydu; &#8216;tutuklu milletvekillerinin serbest b\u0131rak\u0131lma yolu a\u00e7\u0131l\u0131ncaya kadar yemin etmeyece\u011fiz.&#8217; Bu a\u00e7\u0131klamam\u0131z &#8216;serbest b\u0131rak\u0131l\u0131ncaya kadar yemin etmeyece\u011fiz&#8217; \u015feklinde ne yaz\u0131k ki \u00e7ok ama\u00e7l\u0131 bir \u015fekilde sapt\u0131r\u0131lm\u0131\u015ft\u0131. Biz s\u00f6z\u00fcm\u00fcz\u00fc tuttuk, serbest b\u0131rak\u0131lma yolu a\u00e7\u0131l\u0131ncaya kadar, s\u00f6z\u00fcm\u00fcz\u00fcn gere\u011fi olarak AKP&#8217;yi bir mutabakat metni imzalamaya zorlad\u0131k. \u00dc\u00e7\u00fcnc\u00fc ad\u0131m\u0131m\u0131z buydu, ortak mutabakat metni imzalanm\u0131\u015ft\u0131&#8230;&#8221;<\/p>\n<p style=\"text-align: justify;\">G\u00fcler, yan\u0131nda getirdi\u011fi mutabakat metninin bir \u00f6rne\u011fini gazetecilere g\u00f6stererek, metinden &#8221;T\u00fcm siyasi partilerin ve milletvekillerinin, milletimizin kendilerine verdi\u011fi bu onurlu g\u00f6revi yerine getirmeleri i\u00e7in TBMM&#8217;de olmalar\u0131 gerekti\u011fine inan\u0131yoruz&#8221; c\u00fcmlesini okudu.<\/p>\n<p style=\"text-align: justify;\">Bu metnin alt\u0131nda CHP&#8217;nin 3 temsilcisinin imzas\u0131 oldu\u011funu hat\u0131rlatan G\u00fcler, &#8221;Bir de AKP&#8217;nin 3 milletvekilinin imzas\u0131 var. Ama do\u011frusu s\u0131radan, yaln\u0131zca milletvekillerinin de\u011fil. Nurettin Canikli Giresun Milletvekili AKP Grup Ba\u015fkanvekili, Haluk \u0130pek Ankara Milletvekili Genel Ba\u015fkan Yard\u0131mc\u0131s\u0131 ve Ahmet Ayd\u0131n, Ad\u0131yaman milletvekili AKP Grup Ba\u015fkanvekili. \u0130ki Grup Ba\u015fkanvekili ve partinin bir Genel Ba\u015fkan Yard\u0131mc\u0131s\u0131&#8217;n\u0131n imzalad\u0131\u011f\u0131 bir bas\u0131n a\u00e7\u0131klamas\u0131 yapm\u0131\u015ft\u0131k. Bu metni de iki partinin Genel Ba\u015fkanlar\u0131 onaylam\u0131\u015flard\u0131&#8221; dedi.<\/p>\n<p style=\"text-align: justify;\"><strong>Erdo\u011fan&#8217;a: S\u00f6z\u00fc namus sayar\u0131z\u00a0<\/strong><\/p>\n<p style=\"text-align: justify;\">D\u00fcn Ba\u015fbakan&#8217;\u0131n, &#8221;Ne protokol\u00fc, biz protokol yapmad\u0131k ki&#8221; dedi\u011fini s\u00f6yleyen G\u00fcler, &#8221;Say\u0131n Ba\u015fbakan&#8217;a sesleniyorum; \u0130\u015fte buydu. AKP ve CHP milletvekillerinden 3&#8217;\u00fc. \u00dcstelik de y\u00f6neticilik g\u00f6revi olan \u00fc\u00e7 milletvekili taraf\u0131ndan imzalanm\u0131\u015f bu bir sayfa ve art\u0131 bir paragrafl\u0131k protokol metni. O zaman &#8216;mutabakat metni&#8217; olarak diye adland\u0131r\u0131lm\u0131\u015f olan metin, bas\u0131n a\u00e7\u0131klamas\u0131 olarak da t\u00fcm kamuoyuna duyurulmu\u015ftu. Verilen s\u00f6z\u00fc, hele s\u00f6z yaz\u0131lm\u0131\u015fsa, yaz\u0131l\u0131 hale gelmi\u015f s\u00f6z\u00fc namus sayar\u0131z. Dolay\u0131s\u0131yla s\u00f6z\u00fcn namusunun yerine getirme beklentimiz, d\u00fcn yap\u0131lan o talihsiz a\u00e7\u0131klamaya ra\u011fmen hala s\u00fcr\u00fcyor&#8221; ifadelerini kulland\u0131.<\/p>\n<p style=\"text-align: justify;\"><strong>&#8220;TBMM&#8217;yi fonksiyonsuz b\u0131rakma, i\u015flevsiz b\u0131rakma tavr\u0131n\u0131n bir par\u00e7as\u0131&#8230;&#8221;\u00a0<\/strong><\/p>\n<p style=\"text-align: justify;\">G\u00fcler, sorunun TBMM&#8217;de \u00e7\u0131kar\u0131lacak bir kanunla \u00e7\u00f6z\u00fclebilece\u011fini herkesin bildi\u011fini de s\u00f6yledi.<\/p>\n<p style=\"text-align: justify;\">Bu tavr\u0131, son g\u00fcnlerde ya\u015fan\u0131lan &#8221;TBMM&#8217;yi fonksiyonsuz b\u0131rakma, i\u015flevsiz b\u0131rakma tavr\u0131n\u0131n bir par\u00e7as\u0131 olarak&#8221; de\u011ferlendirdiklerini savunan G\u00fcler, \u015funlar\u0131 s\u00f6yledi:<\/p>\n<p style=\"text-align: justify;\">&#8221;Bu tavr\u0131 Tunceli Milletvekilimiz Kamer Gen\u00e7&#8217;e y\u00f6nelik sald\u0131r\u0131yla birlikte de\u011ferlendiriyoruz ve herkesi \u00f6yle de\u011ferlendirmeye davet ediyoruz. Biliyorsunuz, Salim Uslu k\u00fcrs\u00fcdeyken say\u0131n Gen\u00e7&#8217;e fiziki olarak fiilen sald\u0131rd\u0131. Bunun \u00fczerine k\u0131nama cezas\u0131 verilmesi ve bir daha b\u00f6yle eylemlerin tekrarlanmamas\u0131 g\u00fcvence alt\u0131na al\u0131nmal\u0131yd\u0131. Ne yaz\u0131k ki Uslu&#8217;nun KKTC&#8217;ye AKP&#8217;yi temsilen g\u00f6nderildi\u011fine tan\u0131k olduk. Ve say\u0131n Ba\u015fbakan&#8217;\u0131n bu vandalizmi, bu kaba kuvveti, \u00fcstelik parlamento k\u00fcrs\u00fcs\u00fcndeki bu \u015fiddeti bir daha olamamas\u0131 gerekir diye kendi parlamenterlerine tembih arac\u0131 yapaca\u011f\u0131na, Salim Uslu&#8217;nun \u015fiddetine arka \u00e7\u0131kt\u0131. Bunu son zamanlarda TBMM tarihinde ya\u015fanm\u0131\u015f en b\u00fcy\u00fck talihsizliklerden biri olarak de\u011ferlendiriyoruz.&#8221;<\/p>\n<p style=\"text-align: justify;\">Ayg\u00fcn telefonunu kapatt\u0131<\/p>\n<p style=\"text-align: justify;\">CHP MYK taraf\u0131ndan bir gazeteye verdi\u011fi deme\u00e7te Atat\u00fcrk, Dersim ve CHP ile ilgili s\u00f6zlerine ili\u015fkin savunmas\u0131 istenilen CHP Tunceli Milletvekili H\u00fcseyin Ayg\u00fcn, karar\u0131n ard\u0131ndan cep telefonunu kapatt\u0131. Edinilen bilgiye g\u00f6re Ayg\u00fcn, savunmas\u0131n\u0131 yaz\u0131l\u0131 verecek.<\/p>\n<p style=\"text-align: justify;\">\n<p style=\"text-align: justify;\">CHP Grubu&#8217;nun bas\u0131na kapal\u0131 ger\u00e7ekle\u015fen Sal\u0131 g\u00fcnk\u00fc toplant\u0131s\u0131nda, milletvekilleri Ayg\u00fcn&#8217;\u00fcn s\u00f6zlerine tepki g\u00f6stererek, &#8220;CHP&#8217;li olmayan, partinin ilkelerini benimsemeyene kap\u0131 a\u00e7\u0131k. T\u00fcz\u00fck h\u00fck\u00fcmleri uygulans\u0131n&#8221; diyerek tepkilerini dile getirdi.<\/p>\n<p style=\"text-align: justify;\">Grup toplant\u0131s\u0131n\u0131n ard\u0131ndan bug\u00fcn kameralar\u0131n kar\u015f\u0131s\u0131na ge\u00e7en CHP&#8217;li 9 milletvekili bir bildiri yay\u0131nlayarak, Tunceli Milletvekili H\u00fcseyin Ayg\u00fcn&#8217;\u00fcn bir gazeteye verdi\u011fi deme\u00e7te Atat\u00fcrk, &#8216;Dersim&#8217; ve CHP ile ilgili s\u00f6zleri nedeniyle Genel Merkez&#8217;den a\u00e7\u0131klama beklediklerini ifade etti.<\/p>\n<p style=\"text-align: justify;\">CHP Genel Ba\u015fkan\u0131 Kemal K\u0131l\u0131\u00e7daro\u011flu&#8217;nun ba\u015fkanl\u0131\u011f\u0131nda toplanan yakla\u015f\u0131k 3 saat s\u00fcren Merkez Y\u00f6netim Kurulu (MYK) toplant\u0131s\u0131nda da Ayg\u00fcn&#8217;\u00fcn savunmas\u0131n\u0131n al\u0131nmas\u0131na karar verildi.<\/p>\n<p style=\"text-align: justify;\">Edinilen bilgiye Ayg\u00fcn&#8217;\u00fcn, savunmas\u0131n\u0131 yaz\u0131l\u0131 verece\u011fini, MYK&#8217;n\u0131n karar\u0131n\u0131 sayg\u0131yla kar\u015f\u0131lad\u0131\u011f\u0131n\u0131 ifade etti\u011fi \u00f6\u011frenildi.<\/p>\n<p style=\"text-align: justify;\"><a href=\"http:\/\/www.cumhuriyet.com.tr\/?hn=293494&amp;kw='Ayg%FCn'%FCn+savunmas%FD+al%FDnacak'\" target=\"_blank\">Kaynak : Cumhuriyet Haber Portal\u0131<\/a><\/p>\n","protected":false},"excerpt":{"rendered":"<p style=\"text-align: center;\">\n<p style=\"text-align: justify;\">CHP MYK, CHP Tunceli Milletvekili H\u00fcseyin Ayg\u00fcn&#8217;\u00fcn bir gazeteye verdi\u011fi deme\u00e7te Atat\u00fcrk, &#8216;Dersim&#8217; ve CHP ile ilgili s\u00f6zlerine ili\u015fkin savunmas\u0131n\u0131n al\u0131nmas\u0131na karar verdi.<\/p>\n","protected":false},"author":1,"featured_media":0,"comment_status":"open","ping_status":"open","sticky":false,"template":"","format":"standard","meta":{"footnotes":""},"categories":[105],"tags":[],"class_list":["post-42599","post","type-post","status-publish","format-standard","hentry","category-gundem","odd"],"_links":{"self":[{"href":"http:\/\/www.korhanyilmaz.com\/index.php?rest_route=\/wp\/v2\/posts\/42599","targetHints":{"allow":["GET"]}}],"collection":[{"href":"http:\/\/www.korhanyilmaz.com\/index.php?rest_route=\/wp\/v2\/posts"}],"about":[{"href":"http:\/\/www.korhanyilmaz.com\/index.php?rest_route=\/wp\/v2\/types\/post"}],"author":[{"embeddable":true,"href":"http:\/\/www.korhanyilmaz.com\/index.php?rest_route=\/wp\/v2\/users\/1"}],"replies":[{"embeddable":true,"href":"http:\/\/www.korhanyilmaz.com\/index.php?rest_route=%2Fwp%2Fv2%2Fcomments&post=42599"}],"version-history":[{"count":0,"href":"http:\/\/www.korhanyilmaz.com\/index.php?rest_route=\/wp\/v2\/posts\/42599\/revisions"}],"wp:attachment":[{"href":"http:\/\/www.korhanyilmaz.com\/index.php?rest_route=%2Fwp%2Fv2%2Fmedia&parent=42599"}],"wp:term":[{"taxonomy":"category","embeddable":true,"href":"http:\/\/www.korhanyilmaz.com\/index.php?rest_route=%2Fwp%2Fv2%2Fcategories&post=42599"},{"taxonomy":"post_tag","embeddable":true,"href":"http:\/\/www.korhanyilmaz.com\/index.php?rest_route=%2Fwp%2Fv2%2Ftags&post=42599"}],"curies":[{"name":"wp","href":"https:\/\/api.w.org\/{rel}","templated":true}]}}