{"id":42591,"date":"2011-11-16T14:31:37","date_gmt":"2011-11-16T12:31:37","guid":{"rendered":"http:\/\/www.korhanyilmaz.com\/?p=42591"},"modified":"2011-11-16T21:42:09","modified_gmt":"2011-11-16T19:42:09","slug":"chpde-parti-ici-isyan","status":"publish","type":"post","link":"http:\/\/www.korhanyilmaz.com\/?p=42591","title":{"rendered":"CHP&#8217;de parti i\u00e7i isyan!"},"content":{"rendered":"<p style=\"text-align: center;\"><a href=\"http:\/\/www.korhanyilmaz.com\/wp-content\/uploads\/2011\/11\/7120.jpg\"  class=\"lightview\"><img loading=\"lazy\" decoding=\"async\" class=\"aligncenter  wp-image-42592\" src=\"http:\/\/www.korhanyilmaz.com\/wp-content\/uploads\/2011\/11\/7120.jpg\" alt=\"\" width=\"336\" height=\"223\" \/><\/a><\/p>\n<p style=\"text-align: justify;\">CHP&#8217;li baz\u0131 milletvekilleri Tunceli Milletvekili Ayg\u00fcn&#8217;\u00fcn a\u00e7\u0131klamalar\u0131 etmediklerini belirterek K\u0131l\u0131\u00e7daro\u011flu&#8217;na &#8216;gere\u011fini yap&#8217; \u00e7a\u011fr\u0131s\u0131nda bulundu. Bu a\u00e7\u0131klaman\u0131n ard\u0131ndan H\u00fcseyin Ayg\u00fcn&#8217;\u00fcn savunmas\u0131 istendi.<!--more--><\/p>\n<p style=\"text-align: justify;\">ANKARA &#8211; CHP Samsun Milletvekili Haluk Ko\u00e7, Partisinin Tunceli Milletvekili H\u00fcseyin Ayg\u00fcn\u2019\u00fcn &#8220;Atat\u00fcrk ve Atat\u00fcrk\u00e7\u00fcl\u00fck&#8221; hakk\u0131ndaki a\u00e7\u0131klamalar\u0131n\u0131n kabul edilebilecek de\u011ferlendirmeler olmad\u0131\u011f\u0131n\u0131 bildirerek, &#8220;En ba\u015fta Say\u0131n Genel Ba\u015fkan\u0131m\u0131z olmak \u00fczere CHP organlar\u0131n\u0131 bu konuda tav\u0131r almaya ve gere\u011fini yapmaya davet ediyoruz. Say\u0131n Genel Ba\u015fkan ve CHP yetkili organlar\u0131n\u0131n suskunlu\u011funu kabul etmek m\u00fcmk\u00fcn de\u011fildir&#8221; dedi. Ko\u00e7, bir grup CHP milletvekiliyle birlikte haz\u0131rlad\u0131klar\u0131n\u0131 a\u00e7\u0131klad\u0131\u011f\u0131 2 sayfal\u0131k &#8220;bildiriyi&#8221; TBMM\u2019de gazetecilere okudu ve soru kabul etmedi.<\/p>\n<p style=\"text-align: justify;\"><a href=\"http:\/\/www.korhanyilmaz.com\/wp-content\/uploads\/2011\/11\/7119.jpg\"  class=\"lightview\"><img loading=\"lazy\" decoding=\"async\" class=\"alignleft  wp-image-42593\" style=\"margin-left: 10px; margin-right: 10px;\" src=\"http:\/\/www.korhanyilmaz.com\/wp-content\/uploads\/2011\/11\/7119.jpg\" alt=\"\" width=\"280\" height=\"204\" \/><\/a>Bildiride, yarg\u0131n\u0131n y\u00fcr\u00fctmeye ba\u011fland\u0131\u011f\u0131, yasama organ\u0131n\u0131n yetkilerinin fiilen y\u00fcr\u00fctmeye devredildi\u011fini, sivil toplum kurulu\u015flar\u0131n\u0131n, \u00fcniversitelerin baz\u0131 istisnalar d\u0131\u015f\u0131nda tabela \u00f6rg\u00fctleri haline getirilen sendika ve meslek odalar\u0131n\u0131n &#8220;dekor&#8221; olarak kullan\u0131ld\u0131\u011f\u0131, T\u00fcrkiye\u2019nin bir &#8220;demokrasi ill\u00fczyonu&#8221; ile ku\u015fat\u0131ld\u0131\u011f\u0131 iddias\u0131na yer verildi.<\/p>\n<p style=\"text-align: justify;\">&#8220;Ter\u00f6r \u00f6rg\u00fct\u00fcn\u00fcn rehin ald\u0131\u011f\u0131 siyaset kurumunun uzla\u015fma izdivac\u0131 foto\u011fraf\u0131 alt\u0131nda y\u00fcr\u00fctt\u00fc\u011f\u00fc anayasa \u00e7al\u0131\u015fmalar\u0131n\u0131n AKP tipi demokrasi uygulamalar\u0131yla birle\u015fti\u011finde nas\u0131l bir sonu\u00e7 \u00e7\u0131kaca\u011f\u0131n\u0131 da g\u00f6rmemiz gerekiyor&#8221; denilen bildiride, \u00f6zetle \u015fu ifadelere yer verildi: &#8220;\u015eehitlerimizin ve deprem kurbanlar\u0131n\u0131n ac\u0131lar\u0131 daha akl\u0131m\u0131zda iken 10 Kas\u0131m g\u00fcn\u00fc, Atat\u00fcrk\u2019\u00fcn \u00f6l\u00fcm\u00fcn\u00fcn 73. y\u0131l\u0131nda ilgin\u00e7 baz\u0131 tart\u0131\u015fmalara ve a\u00e7\u0131klamalara tan\u0131k olduk.<\/p>\n<p style=\"text-align: justify;\">Atat\u00fcrk\u2019\u00fc ve Atat\u00fcrk\u00e7\u00fcl\u00fc\u011f\u00fc 1920-1940 aras\u0131ndaki dondurulmu\u015f bir zaman dilimine hapsederek, o tarihteki d\u00fcnya ko\u015fullar\u0131ndan soyutlay\u0131p kimi kez hakarete vararak insafs\u0131zca ele\u015ftirenler kervan\u0131na CHP\u2019den, i\u00e7imizden birilerinin de kat\u0131ld\u0131\u011f\u0131n\u0131 g\u00f6rd\u00fck.<\/p>\n<p style=\"text-align: justify;\">CHP Tunceli Milletvekili H\u00fcseyin Ayg\u00fcn\u2019\u00fcn bir yay\u0131n organ\u0131na yapt\u0131\u011f\u0131 a\u00e7\u0131klamalar, bu \u00e7er\u00e7evede kabul edilebilecek de\u011ferlendirmeler de\u011fildir. Bunlar\u0131 tekrar etmek istemiyoruz. CHP\u2019ye oy veren, zor ko\u015fullarda m\u00fccadelesini y\u00fcr\u00fcten ve umut olarak g\u00f6rmek isteyen milyonlarca yurtta\u015f\u0131m\u0131z hakl\u0131 olarak bu geli\u015fmelere isyan etmektedir. En ba\u015fta Say\u0131n Genel Ba\u015fkan\u0131m\u0131z olmak \u00fczere CHP organlar\u0131n\u0131 bu konuda tav\u0131r koymaya ve gere\u011fini yapmaya davet ediyoruz.<\/p>\n<p style=\"text-align: justify;\">\u015eu durum \u00e7ok iyi bilinmelidir; CHP tesad\u00fcfen kurulmu\u015f, siyaset m\u00fchendislerinin projelendirmesi ile kendisine rota arayan tarihi ile hesapla\u015fmaktan korkan bir siyasi parti de\u011fildir.<\/p>\n<p style=\"text-align: justify;\">CHP, y\u00fczy\u0131l \u00f6ncesinden kalan hesaplar\u0131n yeniden masaya yat\u0131r\u0131ld\u0131\u011f\u0131 bu d\u00f6nemde de kendisini ba\u015fkala\u015ft\u0131rmaya zorlayan i\u00e7 ve d\u0131\u015f talep sahiplerine direnecek kadar g\u00fc\u00e7l\u00fc ve birikimlidir. CHP taban\u0131 Cumhuriyetimizin kurucusu Ulu \u00d6nder Atat\u00fcrk\u2019e de partimizin temel ilkelerine de s\u0131ms\u0131k\u0131 sahip \u00e7\u0131kmaya devam edecektir.<\/p>\n<p style=\"text-align: justify;\">CHP, sinsi politik maceraperestlerin dev\u015firme, d\u00f6n\u00fc\u015ft\u00fcrme planlar\u0131n\u0131 bo\u015fa \u00e7\u0131karacak yeniden bir direni\u015f, bir kar\u015f\u0131 koyu\u015f, bir siyasi ba\u015fkald\u0131r\u0131 partisi olmak durumundad\u0131r.&#8221;<\/p>\n<p style=\"text-align: justify;\"><strong>KILI\u00c7DARO\u011eLU\u2019NA S\u0130TEM<\/strong><\/p>\n<p style=\"text-align: justify;\">Bildiride, CHP Genel Ba\u015fkan\u0131 ve CHP yetkili organlar\u0131n\u0131n bu geli\u015fmeler kar\u015f\u0131s\u0131ndaki suskunlu\u011funu kabul etmenin m\u00fcmk\u00fcn olmad\u0131\u011f\u0131 ifade edilerek, &#8220;Sessizlik ve tepkisizli\u011fin dolayl\u0131 yoldan s\u00f6ylenenleri onaylamak anlam\u0131na \u00e7ekilebilece\u011fi unutulmamal\u0131d\u0131r&#8221; denildi.<\/p>\n<p style=\"text-align: justify;\">CHP\u2019nin T\u00fcrkiye g\u00fcndemini i\u015fgal eden \u00e7e\u015fitli konularda ideolojik tutarl\u0131l\u0131k ve politik s\u00f6ylem birli\u011fi geli\u015ftirme noktas\u0131nda duyarl\u0131 davranmak zorunda oldu\u011funa i\u015faret edilen bildiride, &#8220;Muhafazakar ve neoliberal tavsiye odaklar\u0131n\u0131n k\u0131lavuzlu\u011funa uyum a\u011flamaya d\u00f6n\u00fck siyasi tav\u0131rlar\u0131n, partimizi ve temel ilkelerimizi kamuoyunda tart\u0131\u015f\u0131l\u0131r hale getirdi\u011fi art\u0131k g\u00f6r\u00fclmelidir&#8221; ifadesine yer verildi.<\/p>\n<p style=\"text-align: justify;\">Bildiride, Fransa ve G\u00fcney Amerika\u2019da sol partilerin iktidara gelmelerine de de\u011finilerek, \u015fu g\u00f6r\u00fc\u015flere yer verildi:<\/p>\n<p style=\"text-align: justify;\">&#8220;Bug\u00fcn CHP\u2019nin \u00e7e\u015fitli uluslararas\u0131 siyasi \u00e7\u0131kar faylar\u0131n\u0131n \u00fczerinde kesi\u015fti\u011fi en kritik co\u011frafyada, her zamankinden daha g\u00fc\u00e7l\u00fc ve net olmak zorunlulu\u011fu ve g\u00f6revi vard\u0131r. Bu tespitler, bir parti i\u00e7i muhalefet geli\u015ftirme amac\u0131yla ortaya konulmam\u0131\u015ft\u0131r. Amac\u0131m\u0131z, partimiz taban\u0131ndaki ve kamuoyundaki tart\u0131\u015fmalara kar\u015f\u0131 t\u00fcm y\u00f6neticilerimizi ve milletvekillerimizi s\u00f6ylem ve duru\u015f birlikteli\u011fine \u00e7a\u011f\u0131rmakt\u0131r.&#8221;<\/p>\n<p style=\"text-align: justify;\">Bildiriye, Samsun Milletvekili Haluk Ko\u00e7, Ankara Milletvekili \u0130zzet \u00c7etin, Antalya Milletvekili G\u00fcrkut Acar, U\u015fak Milletvekili Dilek Akag\u00fcn Y\u0131lmaz, Afyonkarahisar Milletvekili Ahmet Topta\u015f, Antalya Milletvekili Y\u0131ld\u0131ray Sapan, Antalya Milletvekili Arif Bulut, Antalya Milletvekili Osman Kaptan, Ayd\u0131n Milletvekili Metin L\u00fctfi Baydar, \u0130stanbul Milletvekili Fatma Nur Serter, Mersin Milletvekili \u0130sa G\u00f6k ve Bal\u0131kesir Milletvekili Nedret Akova imza koydu.<\/p>\n<p style=\"text-align: justify;\"><strong>AYG\u00dcN\u2019\u00dcN A\u00c7IKLAMAYA \u0130L\u0130\u015eK\u0130N SAVUNMASI \u0130STEND\u0130<\/strong><\/p>\n<p style=\"text-align: justify;\">CHP MYK, CHP Tunceli Milletvekili H\u00fcseyin Ayg\u00fcn\u2019\u00fcn bir gazeteye verdi\u011fi deme\u00e7te Atat\u00fcrk, &#8216;Dersim&#8217; ve CHP ile ilgili s\u00f6zlerine ili\u015fkin savunmas\u0131n\u0131n al\u0131nmas\u0131na karar verdi.<\/p>\n<p style=\"text-align: justify;\">CHP Genel Ba\u015fkan\u0131 Kemal K\u0131l\u0131\u00e7daro\u011flu\u2019nun ba\u015fkanl\u0131\u011f\u0131nda toplanan CHP Merkez Y\u00f6netim Kurulu (MYK) toplant\u0131s\u0131 sona erdi. Yakla\u015f\u0131k 3 saat s\u00fcren toplant\u0131n\u0131n ard\u0131ndan CHP S\u00f6zc\u00fcs\u00fc ve Genel Ba\u015fkan Yard\u0131mc\u0131s\u0131 Birg\u00fcl Ayman G\u00fcler yapt\u0131\u011f\u0131 bas\u0131n toplant\u0131s\u0131nda gazetecilerin sorular\u0131n\u0131 yan\u0131tlad\u0131. G\u00fcler, CHP Tunceli Milletvekili H\u00fcseyin Ayg\u00fcn\u2019\u00fcn bir gazeteye verdi\u011fi deme\u00e7te Atat\u00fcrk, &#8216;Dersim&#8217; ve CHP ile ilgili s\u00f6zlerinin MYK\u2019n\u0131n g\u00fcndemine geldi\u011fini belirterek, \u201cBu yaz\u0131 Zaman Gazetesinde 10 Kas\u0131m g\u00fcn\u00fc \u00e7\u0131km\u0131\u015f bir yaz\u0131yd\u0131. O g\u00fcn biz MYK olarak toplant\u0131 halindeydik. Dolay\u0131s\u0131yla MYK g\u00fcndemine gelmemi\u015fti, g\u00f6rmemi\u015ftik, de\u011ferlendirmek o y\u00fczden m\u00fcmk\u00fcn de\u011fildi. Bug\u00fcn ilk toplant\u0131m\u0131z\u0131 yapt\u0131k ve buna y\u00f6nelik \u00e7e\u015fitli de\u011ferlendirmelerimiz oldu. H\u00fcseyin Ayg\u00fcn arkada\u015f\u0131m\u0131z\u0131n yapt\u0131\u011f\u0131 bu a\u00e7\u0131klamaya ili\u015fkin savunmas\u0131n\u0131n al\u0131nmas\u0131na karar verildi\u201d dedi.<\/p>\n<p style=\"text-align: justify;\">G\u00fcler, Ayg\u00fcn\u2019\u00fcn a\u00e7\u0131klamalar\u0131n\u0131n \u201cku\u015fkusuz\u201d partinin resmi g\u00f6r\u00fc\u015f\u00fc olmad\u0131\u011f\u0131n\u0131 ifade ederek, \u201cArkada\u015f\u0131m\u0131z\u0131n kendi g\u00f6r\u00fc\u015flerini dile getirdi\u011fi orada, a\u00e7\u0131k. Yapt\u0131\u011f\u0131 a\u00e7\u0131klama da \u00e7e\u015fitli rahats\u0131zl\u0131klar verdi\u011fi i\u00e7in zaten MYK kendisinden savunmas\u0131n\u0131 talep ediyor\u201d dedi.<\/p>\n<p style=\"text-align: justify;\"><span style=\"color: #993300;\"><strong>AYG\u00dcN NE DEM\u0130\u015eT\u0130?<\/strong><\/span><\/p>\n<p style=\"text-align: justify;\">Zaman&#8217;a konu\u015fan Ayg\u00fcn, Dersim meselesinin 500 y\u0131ll\u0131k bir konu oldu\u011funu belirtti. &#8220;Dersim, etnik kimli\u011fi ve din\u00ee inan\u00e7lar\u0131 bak\u0131m\u0131ndan farkl\u0131 \u00f6zellikler ta\u015f\u0131yan, bu farkl\u0131l\u0131k sebebiyle de 500 y\u0131ld\u0131r yok edilme siyasetiyle kar\u015f\u0131 kar\u015f\u0131ya kalan bir b\u00f6lge.&#8221; diye konu\u015fan Ayg\u00fcn, &#8220;Cumhuriyet, esasen o politikada bir de\u011fi\u015fiklik meydana getirmiyor; \u00f6nce merkezle\u015fme y\u00f6n\u00fcnde kararlar al\u0131n\u0131yor, b\u00f6lgeyi merkez\u00ee y\u00f6netime ba\u011flama y\u00f6n\u00fcnde baz\u0131 raporlar haz\u0131rlan\u0131yor. Bu raporlar, 500 y\u0131ll\u0131k Dersim sorununu bar\u0131\u015f i\u00e7inde \u00e7\u00f6zmeye y\u00f6nelik \u00f6neri getirmiyor. 1937-1938&#8217;de jenosite (soyk\u0131r\u0131m) varan bir operasyonla Dersim meselesi tarihe havale edilmi\u015f oluyor. Ama b\u00f6yle de bitmiyor, bu sorun devam ediyor.&#8221; ifadelerini kulland\u0131.<\/p>\n<p style=\"text-align: justify;\">Ordu harekat yap\u0131nca insanlar\u0131n kendini korumak i\u00e7in silahland\u0131\u011f\u0131n\u0131 aktaran CHP&#8217;li vekil, &#8220;Resmiyette ise bir isyan oldu\u011fu ve devletin de bunu bast\u0131rd\u0131\u011f\u0131 tezi savunuluyor. \u00c7\u00fcnk\u00fc Ba\u015fbakan&#8217;\u0131n deyimiyle &#8217;50 bin insan\u0131n \u00f6ld\u00fcr\u00fcld\u00fc\u011f\u00fc&#8217; bir operasyonun me\u015frula\u015ft\u0131r\u0131lmas\u0131 i\u00e7in orada bir isyan olu\u015fturulmas\u0131 gerekiyordu. Dersim isyan\u0131, sonradan icat edilmi\u015f bir \u015feydir, \u00f6yle bir \u015fey ger\u00e7ekte yoktur.&#8221; dedi. Dersim katliam\u0131n\u0131n sorumlusunun devlet ve o d\u00f6nemin CHP iktidar\u0131 oldu\u011funu vurgulayan H\u00fcseyin Ayg\u00fcn, \u015f\u00f6yle devam etti: &#8220;Ancak CHP&#8217;de bu konuda kendi tarihiyle y\u00fczle\u015fme ve uygulanan politikalar\u0131n toplumun \u00f6n\u00fcnde saydam bir \u015fekilde tart\u0131\u015f\u0131lmas\u0131 y\u00f6n\u00fcnde bir tav\u0131r al\u0131nd\u0131\u011f\u0131n\u0131 K\u0131l\u0131\u00e7daro\u011flu d\u00f6neminde g\u00f6r\u00fcyoruz. Tabii &#8216;bunu CHP yapt\u0131&#8217; deyip, bunun \u00fczerinden bir politika \u00fcretmek de do\u011fru de\u011fil, \u00e7\u00fcnk\u00fc o d\u00f6nem ba\u015fka parti yoktu zaten.&#8221;<\/p>\n<p style=\"text-align: justify;\">Mustafa Kemal Atat\u00fcrk&#8217;\u00fcn &#8216;katliamdan haberdar olmamas\u0131n\u0131n m\u00fcmk\u00fcn olmad\u0131\u011f\u0131n\u0131 da dile getiren Ayg\u00fcn, &#8220;Bu d\u00f6nem boyunca izlenen b\u00fct\u00fcn politikalarda Atat\u00fcrk devletin ba\u015f\u0131ndad\u0131r. Fakat Aleviler, b\u00fct\u00fcn bu d\u00f6nemi Mustafa Kemal&#8217;den ay\u0131rmak i\u00e7in onun &#8216;b\u00fcy\u00fck lider&#8217; kimli\u011fine de g\u00f6lge d\u00fc\u015fmemesi i\u00e7in foto\u011fraf\u0131n\u0131 al\u0131p Hazreti Ali ile yan yana asm\u0131\u015flard\u0131r. Bu katliamdan haberdar olmad\u0131\u011f\u0131na kendilerini inand\u0131rm\u0131\u015flard\u0131r.&#8221; yorumunda bulundu.<\/p>\n<p style=\"text-align: justify;\"><strong>K\u00dcRT SORUNU BA\u011eI\u015e VE D\u0130YALOGLA \u00c7\u00d6Z\u00dcL\u00dcR\u00a0<\/strong><\/p>\n<p style=\"text-align: justify;\">K\u00fcrt sorununa da temas eden H\u00fcseyin Ayg\u00fcn, \u00e7\u00f6z\u00fcm\u00fcn bar\u0131\u015f ve diyalogla olaca\u011f\u0131na inand\u0131\u011f\u0131n\u0131 dile getirerek, &#8220;\u00d6calan&#8217;la yap\u0131lan g\u00f6r\u00fc\u015fmeler \u00e7ok de\u011ferlidir ve bu s\u00fcrecin yeniden ba\u015flamas\u0131 gerekir. Ama \u00f6rg\u00fct\u00fcn de silah kullanmayaca\u011f\u0131n\u0131 inand\u0131r\u0131c\u0131 bir \u015fekilde topluma ve h\u00fck\u00fcmete anlatmas\u0131 laz\u0131m. Birbirimizi \u00f6ld\u00fcrmeden konu\u015fmal\u0131, \u00e7\u00f6z\u00fcm aramal\u0131y\u0131z. H\u00fck\u00fcmet asl\u0131nda g\u00f6r\u00fc\u015fmeler yaparak, m\u00fczakere yaparak bu iradeyi ortaya koydu. O yolun devam etmesi gerekir.&#8221; \u015feklinde konu\u015ftu. Sorunun \u00e7\u00f6z\u00fcm\u00fcnde &#8216;k\u0131rm\u0131z\u0131 \u00e7izgi&#8217; s\u00f6ylemini de yanl\u0131\u015f buldu\u011funu aktard\u0131.<\/p>\n<p style=\"text-align: justify;\">H\u00fcseyin Ayg\u00fcn, Ergenekon ve Balyoz davas\u0131n\u0131 da de\u011ferlendirdi. &#8220;Ergenekon diye bir gizli \u00f6rg\u00fct\u00fcn, yap\u0131lanman\u0131n oldu\u011funu biliyorum.&#8221; diyen Ayg\u00fcn, operasyonun ba\u015flamas\u0131yla yasad\u0131\u015f\u0131 eylemlerin bitti\u011fini, b\u00f6lgede faili me\u00e7hullerin neredeyse durma noktas\u0131na geldi\u011fini anlatt\u0131. &#8216;Veli K\u00fc\u00e7\u00fck&#8217;lerin tutukland\u0131\u011f\u0131 d\u00f6nemi olumlu buldu\u011funu&#8217; belirtirken, &#8220;Derin devlet ve gizli kontgerilla \u00e7ekirdekleri fel\u00e7 oldu. Ger\u00e7ekten kontgerillan\u0131n tasfiyesinin, derin devlete son verme ad\u0131m\u0131 olarak g\u00f6r\u00fcyordum.&#8221; diye konu\u015ftu. Ancak yap\u0131lan son tutuklamalar\u0131 ele\u015ftirerek \u015funlar\u0131 kaydetti: &#8220;Ahmet \u015e\u0131k&#8217;lar\u0131n, gazetecilerin, Ergenekon&#8217;dan ku\u015fku duydu\u011funu s\u00f6yleyenlerin, eser yay\u0131nlayanlar\u0131n tutuklanmas\u0131 nedeniyle ben biraz suland\u0131\u011f\u0131n\u0131 d\u00fc\u015f\u00fcn\u00fcyorum. Daha \u00e7ok &#8216;muhalifleri tasfiye etme hareketi&#8217; gibi duruyor. Dolay\u0131s\u0131yla \u00e7ok b\u00fcy\u00fck bir f\u0131rsat\u0131n heba edildi\u011fi g\u00f6r\u00fc\u015f\u00fcndeyim.&#8221;<\/p>\n<p style=\"text-align: justify;\"><a href=\"http:\/\/www.radikal.com.tr\/Radikal.aspx?aType=RadikalDetayV3&amp;ArticleID=1069713&amp;Date=16.11.2011&amp;CategoryID=78\" target=\"_blank\">Kaynak : Radikal.com.tr<\/a><\/p>\n","protected":false},"excerpt":{"rendered":"<p style=\"text-align: center;\">\n<p style=\"text-align: justify;\">CHP&#8217;li baz\u0131 milletvekilleri Tunceli Milletvekili Ayg\u00fcn&#8217;\u00fcn a\u00e7\u0131klamalar\u0131 etmediklerini belirterek K\u0131l\u0131\u00e7daro\u011flu&#8217;na &#8216;gere\u011fini yap&#8217; \u00e7a\u011fr\u0131s\u0131nda bulundu. Bu a\u00e7\u0131klaman\u0131n ard\u0131ndan H\u00fcseyin Ayg\u00fcn&#8217;\u00fcn savunmas\u0131 istendi.<\/p>\n","protected":false},"author":1,"featured_media":0,"comment_status":"open","ping_status":"open","sticky":false,"template":"","format":"standard","meta":{"footnotes":""},"categories":[105],"tags":[],"class_list":["post-42591","post","type-post","status-publish","format-standard","hentry","category-gundem","odd"],"_links":{"self":[{"href":"http:\/\/www.korhanyilmaz.com\/index.php?rest_route=\/wp\/v2\/posts\/42591","targetHints":{"allow":["GET"]}}],"collection":[{"href":"http:\/\/www.korhanyilmaz.com\/index.php?rest_route=\/wp\/v2\/posts"}],"about":[{"href":"http:\/\/www.korhanyilmaz.com\/index.php?rest_route=\/wp\/v2\/types\/post"}],"author":[{"embeddable":true,"href":"http:\/\/www.korhanyilmaz.com\/index.php?rest_route=\/wp\/v2\/users\/1"}],"replies":[{"embeddable":true,"href":"http:\/\/www.korhanyilmaz.com\/index.php?rest_route=%2Fwp%2Fv2%2Fcomments&post=42591"}],"version-history":[{"count":0,"href":"http:\/\/www.korhanyilmaz.com\/index.php?rest_route=\/wp\/v2\/posts\/42591\/revisions"}],"wp:attachment":[{"href":"http:\/\/www.korhanyilmaz.com\/index.php?rest_route=%2Fwp%2Fv2%2Fmedia&parent=42591"}],"wp:term":[{"taxonomy":"category","embeddable":true,"href":"http:\/\/www.korhanyilmaz.com\/index.php?rest_route=%2Fwp%2Fv2%2Fcategories&post=42591"},{"taxonomy":"post_tag","embeddable":true,"href":"http:\/\/www.korhanyilmaz.com\/index.php?rest_route=%2Fwp%2Fv2%2Ftags&post=42591"}],"curies":[{"name":"wp","href":"https:\/\/api.w.org\/{rel}","templated":true}]}}