{"id":42588,"date":"2011-11-16T17:49:36","date_gmt":"2011-11-16T15:49:36","guid":{"rendered":"http:\/\/www.korhanyilmaz.com\/?p=42588"},"modified":"2011-11-16T18:51:44","modified_gmt":"2011-11-16T16:51:44","slug":"adalet-bakani-zorunlu-askerlik-tartisma-konusu-degil","status":"publish","type":"post","link":"http:\/\/www.korhanyilmaz.com\/?p=42588","title":{"rendered":"Adalet Bakan\u0131: Zorunlu askerlik tart\u0131\u015fma konusu de\u011fil"},"content":{"rendered":"<p style=\"text-align: center;\"><a href=\"http:\/\/www.korhanyilmaz.com\/wp-content\/uploads\/2011\/11\/7118.jpg\"  class=\"lightview\"><img loading=\"lazy\" decoding=\"async\" class=\"aligncenter  wp-image-42589\" src=\"http:\/\/www.korhanyilmaz.com\/wp-content\/uploads\/2011\/11\/7118.jpg\" alt=\"\" width=\"320\" height=\"214\" \/><\/a><\/p>\n<p style=\"text-align: justify;\">Adalet Bakan\u0131 Sadullah Ergin, zorunlu askerli\u011fin tart\u0131\u015fma konusu olmad\u0131\u011f\u0131n\u0131 bildirdi.<\/p>\n<p style=\"text-align: justify;\">TBMM &#8211; Ergin, TBMM&#8217;de gazetecilerin sorusu \u00fczerine, konu hakk\u0131nda bilgilenmeden yap\u0131lan tart\u0131\u015fmalar\u0131n yanl\u0131\u015f zemine gitti\u011fi uyar\u0131s\u0131nda bulundu. Ergin, \u015funlar\u0131 kaydetti:<\/p>\n<p style=\"text-align: justify;\">\u201c\u015eu anda T\u00fcrkiye hakk\u0131nda verilen ihlal karar\u0131n\u0131n gerek\u00e7esi var. A\u0130HM, T\u00fcrkiye&#8217;yi mahkum etti\u011fi karardan Murat \u00dclke&#8217;nin cezas\u0131n\u0131n tesels\u00fcl etmesinden dolay\u0131, ayn\u0131 cezan\u0131n tekrar tekrar tekrar verilmesinden dolay\u0131 mahkum etti.\u00a0<!--more--><\/p>\n<p style=\"text-align: justify;\">\u015eu tespiti yapmak m\u00fcmk\u00fcn: A\u0130HM&#8217;in T\u00fcrkiye hakk\u0131nda verdi\u011fi ihlal karar\u0131, T\u00fcrkiye&#8217;deki zorunlu askerli\u011fin mevcudiyeti ile ilgili de\u011fildir. T\u00fcrkiye&#8217;de zorunlu askerlik oldu\u011fu i\u00e7in b\u00f6yle bir karar verilmemi\u015ftir. Zorunlu askerli\u011fi reddetmenin h\u00fcrriyeti ba\u011flay\u0131c\u0131 cezas\u0131 vard\u0131r. A\u0130HM bundan dolay\u0131 da h\u00fck\u00fcmeti mahkum etmemi\u015ftir.<\/p>\n<p style=\"text-align: justify;\">T\u00fcrkiye hakk\u0131nda verilen ihlal, ki\u015finin askerli\u011fi reddettikten sonra bir ceza almas\u0131, cezas\u0131n\u0131 \u00e7ektikten sonra askere gitmedi\u011fi i\u00e7in yeniden ceza almas\u0131.. Bu \u015fekilde 7-8 defa mahkum olmu\u015ftur bu ki\u015fi. Mahkeme, tekrar tekrar cezaland\u0131rmay\u0131 s\u00f6zle\u015fmenin 3. maddesine ayk\u0131r\u0131 bulmu\u015ftur. Zorunlu askerlik tart\u0131\u015fma konusu de\u011fildir. Zorunlu askerli\u011fi reddetmenin kar\u015f\u0131l\u0131\u011f\u0131nda bir h\u00fcrriyeti ba\u011flay\u0131c\u0131 ceza olmas\u0131 tart\u0131\u015f\u0131lm\u0131yor. Bu cezan\u0131n tesels\u00fcl etmesi tekrar tekrar verilmesi tart\u0131\u015f\u0131lmaktad\u0131r. Medyada bu konuda hi\u00e7 konu\u015fulmayan, d\u00fc\u015f\u00fcn\u00fclmeyen \u015feyler tart\u0131\u015f\u0131lmaktad\u0131r.\u201d<\/p>\n<p style=\"text-align: justify;\">Bakan Ergin, A\u0130HM&#8217;in T\u00fcrkiye hakk\u0131nda verdi\u011fi ihlal karar\u0131n\u0131n do\u011fru zeminde tart\u0131\u015f\u0131lmas\u0131 gerekti\u011fini belirterek, \u201cT\u00fcrkiye&#8217;nin alm\u0131\u015f oldu\u011fu ihlal karar\u0131, vicdan\u0131 ret karar\u0131n\u0131 tan\u0131mamaktan de\u011fildir\u201d dedi.<\/p>\n<p style=\"text-align: justify;\">Ergin, \u201cZorunlu askerli\u011fini yapmayanlara verilen ceza s\u00f6zle\u015fmeye ayk\u0131r\u0131 bulunmuyor ama bir \u00f6m\u00fcr boyu tesels\u00fcl ettirilmesi ihlale konudur\u201d diye konu\u015ftu.<\/p>\n<p style=\"text-align: justify;\"><a href=\"http:\/\/www.radikal.com.tr\/Radikal.aspx?aType=RadikalDetayV3&amp;ArticleID=1069734&amp;Date=16.11.2011&amp;CategoryID=78\" target=\"_blank\">Kaynak : Radikal.com.tr<\/a><\/p>\n","protected":false},"excerpt":{"rendered":"<p style=\"text-align: center;\">\n<p style=\"text-align: justify;\">Adalet Bakan\u0131 Sadullah Ergin, zorunlu askerli\u011fin tart\u0131\u015fma konusu olmad\u0131\u011f\u0131n\u0131 bildirdi.<\/p>\n<p style=\"text-align: justify;\">TBMM &#8211; Ergin, TBMM&#8217;de gazetecilerin sorusu \u00fczerine, konu hakk\u0131nda bilgilenmeden yap\u0131lan tart\u0131\u015fmalar\u0131n yanl\u0131\u015f zemine gitti\u011fi uyar\u0131s\u0131nda bulundu. Ergin, \u015funlar\u0131 kaydetti:<\/p>\n<p style=\"text-align: justify;\">\u201c\u015eu anda T\u00fcrkiye hakk\u0131nda verilen ihlal karar\u0131n\u0131n gerek\u00e7esi var. A\u0130HM, T\u00fcrkiye&#8217;yi mahkum etti\u011fi karardan Murat \u00dclke&#8217;nin <\/p>\n","protected":false},"author":1,"featured_media":0,"comment_status":"open","ping_status":"open","sticky":false,"template":"","format":"standard","meta":{"footnotes":""},"categories":[105],"tags":[],"class_list":["post-42588","post","type-post","status-publish","format-standard","hentry","category-gundem","odd"],"_links":{"self":[{"href":"http:\/\/www.korhanyilmaz.com\/index.php?rest_route=\/wp\/v2\/posts\/42588","targetHints":{"allow":["GET"]}}],"collection":[{"href":"http:\/\/www.korhanyilmaz.com\/index.php?rest_route=\/wp\/v2\/posts"}],"about":[{"href":"http:\/\/www.korhanyilmaz.com\/index.php?rest_route=\/wp\/v2\/types\/post"}],"author":[{"embeddable":true,"href":"http:\/\/www.korhanyilmaz.com\/index.php?rest_route=\/wp\/v2\/users\/1"}],"replies":[{"embeddable":true,"href":"http:\/\/www.korhanyilmaz.com\/index.php?rest_route=%2Fwp%2Fv2%2Fcomments&post=42588"}],"version-history":[{"count":0,"href":"http:\/\/www.korhanyilmaz.com\/index.php?rest_route=\/wp\/v2\/posts\/42588\/revisions"}],"wp:attachment":[{"href":"http:\/\/www.korhanyilmaz.com\/index.php?rest_route=%2Fwp%2Fv2%2Fmedia&parent=42588"}],"wp:term":[{"taxonomy":"category","embeddable":true,"href":"http:\/\/www.korhanyilmaz.com\/index.php?rest_route=%2Fwp%2Fv2%2Fcategories&post=42588"},{"taxonomy":"post_tag","embeddable":true,"href":"http:\/\/www.korhanyilmaz.com\/index.php?rest_route=%2Fwp%2Fv2%2Ftags&post=42588"}],"curies":[{"name":"wp","href":"https:\/\/api.w.org\/{rel}","templated":true}]}}