{"id":42566,"date":"2011-11-16T14:35:26","date_gmt":"2011-11-16T12:35:26","guid":{"rendered":"http:\/\/www.korhanyilmaz.com\/?p=42566"},"modified":"2011-11-16T21:41:06","modified_gmt":"2011-11-16T19:41:06","slug":"dokunan-yanar","status":"publish","type":"post","link":"http:\/\/www.korhanyilmaz.com\/?p=42566","title":{"rendered":"Dokunan Yanar"},"content":{"rendered":"<p style=\"text-align: center;\"><a href=\"http:\/\/www.korhanyilmaz.com\/wp-content\/uploads\/2011\/11\/7114.jpg\"  class=\"lightview\"><img loading=\"lazy\" decoding=\"async\" class=\"aligncenter  wp-image-42567\" src=\"http:\/\/www.korhanyilmaz.com\/wp-content\/uploads\/2011\/11\/7114.jpg\" alt=\"\" width=\"356\" height=\"240\" \/><\/a><\/p>\n<p style=\"text-align: justify;\">\u015e\u0131k&#8217;\u0131n \u0130mam\u0131n Ordusu isimli kitab\u0131, Dokunan Yanar ad\u0131yla bas\u0131ld\u0131 ve T\u00dcYAP&#8217;da okurla bulu\u015ftu.<\/p>\n<p style=\"text-align: justify;\">Ahmet \u015e\u0131k&#8217;\u0131n kaleme ald\u0131\u011f\u0131 ve tutuklanmas\u0131 ard\u0131ndan toplat\u0131l\u0131p imha edilen \u0130mam\u0131n Ordusu isimli kitab\u0131, Dokunan Yanar ad\u0131yla bas\u0131ld\u0131 ve T\u00dcYAP&#8217;da okurla bulu\u015ftu.<!--more--><\/p>\n<p style=\"text-align: justify;\">Ahmet \u015e\u0131k&#8217;\u0131n da aralar\u0131nda oldu\u011fu 125 yazar\u0131n imzas\u0131n\u0131 ta\u015f\u0131yan &#8220;001.Kitap ( Dokunan Yanar)&#8221; isimli kitap, Postac\u0131 Yay\u0131nlar\u0131&#8217;ndan \u00e7\u0131k\u0131yor.<\/p>\n<p style=\"text-align: justify;\"><a href=\"http:\/\/www.korhanyilmaz.com\/wp-content\/uploads\/2011\/11\/7115.jpg\"  class=\"lightview\"><img loading=\"lazy\" decoding=\"async\" class=\"alignleft  wp-image-42568\" style=\"margin-left: 10px; margin-right: 10px;\" src=\"http:\/\/www.korhanyilmaz.com\/wp-content\/uploads\/2011\/11\/7115.jpg\" alt=\"\" width=\"286\" height=\"173\" \/><\/a>Ahmet ve Nedim&#8217;in Gazeteci Arkada\u015flar\u0131 taraf\u0131ndan ozgur-basin.blogspot.com adresinden yap\u0131lan a\u00e7\u0131klamaya g\u00f6re, daha \u00f6nce \u0130thaki Yay\u0131nlar\u0131 taraf\u0131ndan bas\u0131lmas\u0131 planlanan ancak toplat\u0131lan ve imha edilen kitap bu kez Postac\u0131 Yay\u0131nlar\u0131 tarat\u0131ndan bas\u0131ld\u0131.<\/p>\n<p style=\"text-align: justify;\">\u0130\u015fte \u00d6zg\u00fcr Bas\u0131n blogunda kitapla ilgili yap\u0131lan a\u00e7\u0131klama:<\/p>\n<p style=\"text-align: justify;\">&#8220;001.Kitap&#8221;, inatla ve \u0131srarla d\u00fc\u015f\u00fcnce \u00f6zg\u00fcrl\u00fc\u011f\u00fcn\u00fc savunanlar ad\u0131na ve onlar taraf\u0131ndan at\u0131lan en \u00f6nemli ad\u0131mlardan biri.<\/p>\n<p style=\"text-align: justify;\">&#8220;001.Kitap&#8221;, t\u00fcm bask\u0131lara, engellemelere ve sindirme \u00e7abalar\u0131na ra\u011fmen, ifade \u00f6zg\u00fcrl\u00fc\u011f\u00fc ve halk\u0131n haber alma hakk\u0131 i\u00e7in bu yolda y\u00fcr\u00fcmeye devam edenlerin ortak eme\u011finin \u00fcr\u00fcn\u00fc.<\/p>\n<p style=\"text-align: justify;\">&#8220;001.Kitap&#8221;\u0131 bir ki\u015fi yazd\u0131, birileri dizgi yanl\u0131\u015flar\u0131n\u0131 d\u00fczeltti, birileri yaz\u0131m kusurlar\u0131n\u0131 denetledi, bir di\u011feri noktalama i\u015faretlerini kontrol etti, ba\u015fkas\u0131 son okumas\u0131n\u0131 yapt\u0131.<\/p>\n<p style=\"text-align: justify;\">Asl\u0131nda bu kitapta, d\u00fc\u015f\u00fcnce \u00f6zg\u00fcrl\u00fc\u011f\u00fcn\u00fc savundu\u011fu i\u00e7in \u00f6n\u00fcne demir parmakl\u0131klardan engeller \u00e7\u0131kar\u0131lan, bedel \u00f6detilen her yazar\u0131n, d\u00fc\u015f\u00fcn\u00fcr\u00fcn, gazetecinin izi var.<\/p>\n<p style=\"text-align: justify;\">&#8220;001.Kitap&#8221;, hem eme\u011fi ge\u00e7enlerin hem de \u00f6zg\u00fcrce s\u00f6z s\u00f6yleme hakk\u0131 i\u00e7in m\u00fccadele veren herkesin kitab\u0131. Dolay\u0131s\u0131yla, kitab\u0131n yazarlar\u0131n\u0131n da kat\u0131l\u0131m\u0131yla bug\u00fcn saat 15:00&#8217;te T\u00dcYAP&#8217;taki PEN stand\u0131nda yap\u0131lacak tan\u0131t\u0131m\u0131na herkesi bekliyoruz.<\/p>\n<p style=\"text-align: justify;\"><span style=\"text-decoration: underline;\"><strong>OLAY K\u0130TABA YAZAR OLARAK \u0130MZA KOYAN \u0130S\u0130MLER<\/strong><\/span><\/p>\n<p style=\"text-align: justify;\">Ahmet B\u00fcke \u2022 Ahmet Meri\u00e7 \u015eeny\u00fcz \u2022 Ahmet \u015e\u0131k \u2022 Ahmet Tulgar \u2022 Ahmet \u00dcmit \u2022 Ak\u0131n Tek \u2022 Ali Murat Hamarat \u2022 Ali \u00d6mer T\u00fcrke\u015f \u2022 Alper K\u0131rklar\u2022 Alper Turgut \u2022 Arat Dink \u2022 Asl\u0131 Erdo\u011fan \u2022 Asl\u0131 Tun\u00e7 \u2022 Ay\u00e7a S\u00f6ylemez \u2022 Ayd\u0131n Engin \u2022 Ayfer Tun\u00e7 \u2022 Ay\u015fe D\u00fczkan \u2022 Ay\u015feg\u00fcl Devecio\u011flu \u2022 Ay\u015fenur Arslan \u2022 Bag\u0131\u015f Erten \u2022 Banu G\u00fcven \u2022 Berat G\u00fcn\u00e7\u0131kan \u2022 Burak Cop \u2022 Can D\u00fcndar \u2022 Candan Y\u0131ld\u0131z \u2022 Cem \u00d6zdemir \u2022 \u00c7i\u011fdem Mater \u2022 \u00c7i\u011fdem \u00d6zt\u00fcrk \u2022 Claudia Roth \u2022 Deniz G\u00f6k\u00e7e \u2022 Didem Dan\u0131\u015f \u2022 Din\u00e7 \u00c7oban \u2022 Ece Temelkuran \u2022 Ekin Karaca \u2022 Elif Ilgaz \u2022 Elif Y\u0131lmaz \u2022 Emine Ocak \u2022 Ercan \u0130pek\u00e7i \u2022 Erdin\u00e7 Ergen\u00e7 \u2022 Eren E\u011filmez \u2022 Erol \u00d6ndero\u011flu \u2022 Erkan \u00c7apraz \u2022 Ertan \u00d6nsel \u2022 Ertu\u011frul Mavio\u011flu \u2022 Esra Arsan \u2022 Ezgi Ba\u015faran \u2022 F. Cengiz Erdin\u00e7 \u2022 Fahri Alakent \u2022 Fatma G\u00f6ktepe \u2022 Foti Benlisoy \u2022 Franziska Keller \u2022 Gaye Boral\u0131o\u011flu \u2022 G\u00f6k\u00e7er Tahincio\u011flu \u2022 G\u00f6khan Tan \u2022 G\u00fcl\u015fah Karada\u011f \u2022 G\u00fcl\u015fin Ketenci \u2022 G\u00fcn Zileli \u2022 G\u00fcrhan Ert\u00fcr \u2022 G\u00fcvent\u00fcrk G\u00f6rg\u00fcl\u00fc \u2022 H. H\u00fcseyin Tahmaz \u2022 Hakan G\u00fcne\u015f \u2022 Hakan Lokanoglu \u2022 Halil Nal\u00e7ao\u011flu \u2022 Hazal \u00d6zvar\u0131\u015f \u2022 Hilmi Hacalo\u011flu \u2022 \u0130brahim Ayd\u0131n \u2022 \u0130brahim Kabo\u011flu \u2022 \u0130rfan Aktan \u2022 \u0130smail Be\u015fik\u00e7i \u2022 \u0130smail Saymaz \u2022 Jaklin \u00c7elik \u2022 Jean-Francois Julliard \u2022 Johann Bihr \u2022 Kemal G\u00f6kta\u015f \u2022 Kumru Ba\u015fer \u2022 Mahmut Hamsici \u2022 Maside Ocak \u2022 Mebuse Tekay \u2022 Mehmet Demir \u2022 Mehmet G\u00fc\u00e7 \u2022 Mehmet Ka\u00e7maz \u2022 Mehmet Kuyurtar \u2022 Melek G\u00f6regenli \u2022 Mirg\u00fcn Cabas \u2022 Murat Hamarat \u2022 Murat \u0130nceo\u011flu \u2022 Murat Sabuncu \u2022 Murat Uyurkulak \u2022 Murathan Mungan \u2022 Mustafa Alp Da\u011f\u0131stanl\u0131 \u2022 Naz\u0131m Alpman \u2022 Nevin Sungur\u2022 Nilg\u00fcn Toker \u2022 Niyazi Dalyanc\u0131 \u2022 Osman Kavala \u2022 Osman \u015eenkul \u2022 \u00d6zg\u00fcr G\u00fcrb\u00fcz \u2022 \u00d6zg\u00fcr Mumcu \u2022 P\u0131nar \u00d6\u011f\u00fcn\u00e7 \u2022 Rag\u0131p Duran \u2022 Rengin Arslan \u2022 Reyda Ergun \u2022 R\u0131dvan Akar \u2022 Serdar M. De\u011firmencio\u011flu \u2022 Serkan Seymen \u2022 Serra Akcan \u2022 Siren \u0130demen \u2022 S\u00fcleyman Ar\u0131o\u011flu \u2022 \u015eanar Yurdatapan \u2022 \u015eebnem \u0130\u015fig\u00fczel \u2022 \u015e\u00fckr\u00fc Arg\u0131n \u2022 Tu\u011frul Ery\u0131lmaz \u2022 U\u011fur Vardan \u2022 \u00dcmit Alan \u2022 \u00dcmit K\u0131van\u00e7 \u2022 Vecdi Erbay \u2022 Vedat T\u00fcrkali \u2022 Yahya \u015eafak Eser Ko\u00e7o\u011flu \u2022 Ya\u015far Kemal \u2022 Y\u0131ld\u0131r\u0131m T\u00fcrker \u2022 Y\u00fccel G\u00f6kt\u00fcrk \u2022 Y\u00fccel Tunca \u2022 Zehra Kafkasl\u0131 \u2022 Zerrin Kurto\u011flu \u2022 Zeynep Alt\u0131ok \u2022 Zeynep Erdim<\/p>\n<p style=\"text-align: justify;\"><a href=\"http:\/\/muhalifgazete.com\/25605-Dokunan-Yanar.htm\" target=\"_blank\">Kaynak : Muhalif Gazete<\/a><\/p>\n","protected":false},"excerpt":{"rendered":"<p style=\"text-align: center;\">\n<p style=\"text-align: justify;\">\u015e\u0131k&#8217;\u0131n \u0130mam\u0131n Ordusu isimli kitab\u0131, Dokunan Yanar ad\u0131yla bas\u0131ld\u0131 ve T\u00dcYAP&#8217;da okurla bulu\u015ftu.<\/p>\n<p style=\"text-align: justify;\">Ahmet \u015e\u0131k&#8217;\u0131n kaleme ald\u0131\u011f\u0131 ve tutuklanmas\u0131 ard\u0131ndan toplat\u0131l\u0131p imha edilen \u0130mam\u0131n Ordusu isimli kitab\u0131, Dokunan Yanar ad\u0131yla bas\u0131ld\u0131 ve T\u00dcYAP&#8217;da okurla bulu\u015ftu.<\/p>\n","protected":false},"author":1,"featured_media":0,"comment_status":"open","ping_status":"open","sticky":false,"template":"","format":"standard","meta":{"footnotes":""},"categories":[105],"tags":[],"class_list":["post-42566","post","type-post","status-publish","format-standard","hentry","category-gundem","odd"],"_links":{"self":[{"href":"http:\/\/www.korhanyilmaz.com\/index.php?rest_route=\/wp\/v2\/posts\/42566","targetHints":{"allow":["GET"]}}],"collection":[{"href":"http:\/\/www.korhanyilmaz.com\/index.php?rest_route=\/wp\/v2\/posts"}],"about":[{"href":"http:\/\/www.korhanyilmaz.com\/index.php?rest_route=\/wp\/v2\/types\/post"}],"author":[{"embeddable":true,"href":"http:\/\/www.korhanyilmaz.com\/index.php?rest_route=\/wp\/v2\/users\/1"}],"replies":[{"embeddable":true,"href":"http:\/\/www.korhanyilmaz.com\/index.php?rest_route=%2Fwp%2Fv2%2Fcomments&post=42566"}],"version-history":[{"count":0,"href":"http:\/\/www.korhanyilmaz.com\/index.php?rest_route=\/wp\/v2\/posts\/42566\/revisions"}],"wp:attachment":[{"href":"http:\/\/www.korhanyilmaz.com\/index.php?rest_route=%2Fwp%2Fv2%2Fmedia&parent=42566"}],"wp:term":[{"taxonomy":"category","embeddable":true,"href":"http:\/\/www.korhanyilmaz.com\/index.php?rest_route=%2Fwp%2Fv2%2Fcategories&post=42566"},{"taxonomy":"post_tag","embeddable":true,"href":"http:\/\/www.korhanyilmaz.com\/index.php?rest_route=%2Fwp%2Fv2%2Ftags&post=42566"}],"curies":[{"name":"wp","href":"https:\/\/api.w.org\/{rel}","templated":true}]}}