{"id":42556,"date":"2011-11-16T14:29:41","date_gmt":"2011-11-16T12:29:41","guid":{"rendered":"http:\/\/www.korhanyilmaz.com\/?p=42556"},"modified":"2011-11-16T15:02:07","modified_gmt":"2011-11-16T13:02:07","slug":"partide-ideolojik-savrulma-yasanmakta","status":"publish","type":"post","link":"http:\/\/www.korhanyilmaz.com\/?p=42556","title":{"rendered":"&#8220;Partide ideolojik savrulma ya\u015fanmakta&#8221;"},"content":{"rendered":"<p style=\"text-align: center;\"><a href=\"http:\/\/www.korhanyilmaz.com\/wp-content\/uploads\/2011\/11\/7111.jpg\"  class=\"lightview\"><img loading=\"lazy\" decoding=\"async\" class=\"aligncenter  wp-image-42557\" src=\"http:\/\/www.korhanyilmaz.com\/wp-content\/uploads\/2011\/11\/7111.jpg\" alt=\"\" width=\"323\" height=\"241\" \/><\/a><\/p>\n<p style=\"text-align: justify;\">CHP&#8217;li 9 milletvekili bir bildiri yay\u0131nlayarak, CHP Tunceli Milletvekili H\u00fcseyin Ayg\u00fcn&#8217;\u00fcn bir gazeteye verdi\u011fi deme\u00e7te Atat\u00fcrk, Dersim ve CHP ile ilgili s\u00f6zleri nedeniyle Genel Merkez&#8217;den a\u00e7\u0131klama beklediklerini a\u00e7\u0131klad\u0131.<!--more--><\/p>\n<p style=\"text-align: justify;\">Ankara- CHP Samsun Milletvekili Haluk Ko\u00e7, bir grup CHP milletvekiliyle birlikte haz\u0131rlad\u0131klar\u0131n\u0131 a\u00e7\u0131klad\u0131\u011f\u0131 2 sayfal\u0131k &#8221;bildiriyi&#8221; TBMM&#8217;de gazetecilere okudu ve soru kabul etmedi.<\/p>\n<p style=\"text-align: justify;\">Bildiride, yarg\u0131n\u0131n y\u00fcr\u00fctmeye ba\u011fland\u0131\u011f\u0131, yasama organ\u0131n\u0131n yetkilerinin fiilen y\u00fcr\u00fctmeye devredildi\u011fini, sivil toplum kurulu\u015flar\u0131n\u0131n, \u00fcniversitelerin baz\u0131 istisnalar d\u0131\u015f\u0131nda tabela \u00f6rg\u00fctleri haline getirilen sendika ve meslek odalar\u0131n\u0131n &#8221;dekor&#8221; olarak kullan\u0131ld\u0131\u011f\u0131, T\u00fcrkiye&#8217;nin bir &#8221;demokrasi ill\u00fczyonu&#8221; ile ku\u015fat\u0131ld\u0131\u011f\u0131n\u0131 s\u00f6yledi.<\/p>\n<p style=\"text-align: justify;\">&#8221;Ter\u00f6r \u00f6rg\u00fct\u00fcn\u00fcn rehin ald\u0131\u011f\u0131 siyaset kurumunun uzla\u015fma izdivac\u0131 foto\u011fraf\u0131 alt\u0131nda y\u00fcr\u00fctt\u00fc\u011f\u00fc anayasa \u00e7al\u0131\u015fmalar\u0131n\u0131n AKP tipi demokrasi uygulamalar\u0131yla birle\u015fti\u011finde nas\u0131l bir sonu\u00e7 \u00e7\u0131kaca\u011f\u0131n\u0131 da g\u00f6rmemiz gerekiyor&#8221; denilen bildiride, \u00f6zetle \u015fu ifadelere yer verildi:<\/p>\n<p style=\"text-align: justify;\">&#8221;\u015eehitlerimizin ve deprem kurbanlar\u0131n\u0131n ac\u0131lar\u0131 daha akl\u0131m\u0131zda iken 10 Kas\u0131m g\u00fcn\u00fc, Atat\u00fcrk&#8217;\u00fcn \u00f6l\u00fcm\u00fcn\u00fcn 73. y\u0131l\u0131nda ilgin\u00e7 baz\u0131 tart\u0131\u015fmalara ve a\u00e7\u0131klamalara tan\u0131k olduk.<\/p>\n<p style=\"text-align: justify;\">Atat\u00fcrk&#8217;\u00fc ve Atat\u00fcrk\u00e7\u00fcl\u00fc\u011f\u00fc 1920-1940 aras\u0131ndaki dondurulmu\u015f bir zaman dilimine hapsederek, o tarihteki d\u00fcnya ko\u015fullar\u0131ndan soyutlay\u0131p kimi kez hakarete vararak insafs\u0131zca ele\u015ftirenler kervan\u0131na CHP&#8217;den, i\u00e7imizden birilerinin de kat\u0131ld\u0131\u011f\u0131n\u0131 g\u00f6rd\u00fck.<\/p>\n<p style=\"text-align: justify;\">CHP Tunceli Milletvekili H\u00fcseyin Ayg\u00fcn&#8217;\u00fcn bir yay\u0131n organ\u0131na yapt\u0131\u011f\u0131 a\u00e7\u0131klamalar, bu \u00e7er\u00e7evede kabul edilebilecek de\u011ferlendirmeler de\u011fildir. Bunlar\u0131 tekrar etmek istemiyoruz. CHP&#8217;ye oy veren, zor ko\u015fullarda m\u00fccadelesini y\u00fcr\u00fcten ve umut olarak g\u00f6rmek isteyen milyonlarca yurtta\u015f\u0131m\u0131z hakl\u0131 olarak bu geli\u015fmelere isyan etmektedir. En ba\u015fta Say\u0131n Genel Ba\u015fkan\u0131m\u0131z olmak \u00fczere CHP organlar\u0131n\u0131 bu konuda tav\u0131r koymaya ve gere\u011fini yapmaya davet ediyoruz.<\/p>\n<p style=\"text-align: justify;\">\u015eu durum \u00e7ok iyi bilinmelidir; CHP tesad\u00fcfen kurulmu\u015f, siyaset m\u00fchendislerinin projelendirmesi ile kendisine rota arayan tarihi ile hesapla\u015fmaktan korkan bir siyasi parti de\u011fildir.<\/p>\n<p style=\"text-align: justify;\">CHP, y\u00fczy\u0131l \u00f6ncesinden kalan hesaplar\u0131n yeniden masaya yat\u0131r\u0131ld\u0131\u011f\u0131 bu d\u00f6nemde de kendisini ba\u015fkala\u015ft\u0131rmaya zorlayan i\u00e7 ve d\u0131\u015f talep sahiplerine direnecek kadar g\u00fc\u00e7l\u00fc ve birikimlidir. CHP taban\u0131 Cumhuriyetimizin kurucusu Ulu \u00d6nder Atat\u00fcrk&#8217;e de partimizin temel ilkelerine de s\u0131ms\u0131k\u0131 sahip \u00e7\u0131kmaya devam edecektir.<\/p>\n<p style=\"text-align: justify;\">CHP, sinsi politik maceraperestlerin dev\u015firme, d\u00f6n\u00fc\u015ft\u00fcrme planlar\u0131n\u0131 bo\u015fa \u00e7\u0131karacak yeniden bir direni\u015f, bir kar\u015f\u0131 koyu\u015f, bir siyasi ba\u015fkald\u0131r\u0131 partisi olmak durumundad\u0131r.&#8221;<\/p>\n<p style=\"text-align: justify;\"><strong>Genel Ba\u015fkan&#8217;a sitem\u00a0<\/strong><\/p>\n<p style=\"text-align: justify;\">Bildiride, CHP Genel Ba\u015fkan\u0131 ve CHP yetkili organlar\u0131n\u0131n bu geli\u015fmeler kar\u015f\u0131s\u0131ndaki suskunlu\u011funu kabul etmenin m\u00fcmk\u00fcn olmad\u0131\u011f\u0131 ifade edilerek, &#8221;Sessizlik ve tepkisizli\u011fin dolayl\u0131 yoldan s\u00f6ylenenleri onaylamak anlam\u0131na \u00e7ekilebilece\u011fi unutulmamal\u0131d\u0131r&#8221; denildi.<\/p>\n<p style=\"text-align: justify;\">CHP&#8217;nin T\u00fcrkiye g\u00fcndemini i\u015fgal eden \u00e7e\u015fitli konularda ideolojik tutarl\u0131l\u0131k ve politik s\u00f6ylem birli\u011fi geli\u015ftirme noktas\u0131nda duyarl\u0131 davranmak zorunda oldu\u011funa i\u015faret edilen bildiride, &#8221; Muhafazakar ve neoliberal tavsiye odaklar\u0131n\u0131n k\u0131lavuzlu\u011funa uyum sa\u011flamaya d\u00f6n\u00fck siyasi tav\u0131rlar\u0131n, partimizi ve temel ilkelerimizi kamuoyunda tart\u0131\u015f\u0131l\u0131r hale getirdi\u011fi art\u0131k g\u00f6r\u00fclmelidir&#8221; ifadesine yer verildi.<\/p>\n<p style=\"text-align: justify;\">Bildiride, Fransa ve G\u00fcney Amerika&#8217;da sol partilerin iktidara gelmelerine de de\u011finilerek, \u015fu g\u00f6r\u00fc\u015flere yer verildi:<\/p>\n<p style=\"text-align: justify;\">&#8221;Bug\u00fcn CHP&#8217;nin \u00e7e\u015fitli uluslararas\u0131 siyasi \u00e7\u0131kar faylar\u0131n\u0131n \u00fczerinde kesi\u015fti\u011fi en kritik co\u011frafyada, her zamankinden daha g\u00fc\u00e7l\u00fc ve net olmak zorunlulu\u011fu ve g\u00f6revi vard\u0131r. Bu tespitler, bir parti i\u00e7i muhalefet geli\u015ftirme amac\u0131yla ortaya konulmam\u0131\u015ft\u0131r. Amac\u0131m\u0131z, partimiz taban\u0131ndaki ve kamuoyundaki tart\u0131\u015fmalara kar\u015f\u0131 t\u00fcm y\u00f6neticilerimizi ve milletvekillerimizi s\u00f6ylem ve duru\u015f birlikteli\u011fine \u00e7a\u011f\u0131rmakt\u0131r.&#8221;<\/p>\n<p style=\"text-align: justify;\">Bildiriye, Samsun Milletvekili Haluk Ko\u00e7, Ankara Milletvekili \u0130zzet \u00c7etin, Antalya Milletvekili G\u00fcrkut Acar, U\u015fak Milletvekili Dilek Akag\u00fcn Y\u0131lmaz, Afyonkarahisar Milletvekili Ahmet Topta\u015f, Antalya Milletvekili Y\u0131ld\u0131ray Sapan, Antalya Milletvekili Arif Bulut, Antalya Milletvekili Osman Kaptan, Ayd\u0131n Milletvekili Metin L\u00fctfi Baydar, \u0130stanbul Milletvekili Fatma Nur Serter, Mersin Milletvekili \u0130sa G\u00f6k ve Bal\u0131kesir Milletvekili Nedret Akova imza koydu.<\/p>\n<p style=\"text-align: justify;\"><a href=\"http:\/\/www.cumhuriyet.com.tr\/?hn=293380&amp;kw=%22Partide+ideolojik+savrulma+ya%FEanmakta%22\" target=\"_blank\">Kaynak : Cumhuriyet Haber Portal\u0131<\/a><\/p>\n","protected":false},"excerpt":{"rendered":"<p style=\"text-align: center;\">\n<p style=\"text-align: justify;\">CHP&#8217;li 9 milletvekili bir bildiri yay\u0131nlayarak, CHP Tunceli Milletvekili H\u00fcseyin Ayg\u00fcn&#8217;\u00fcn bir gazeteye verdi\u011fi deme\u00e7te Atat\u00fcrk, Dersim ve CHP ile ilgili s\u00f6zleri nedeniyle Genel Merkez&#8217;den a\u00e7\u0131klama beklediklerini a\u00e7\u0131klad\u0131.<\/p>\n","protected":false},"author":1,"featured_media":0,"comment_status":"open","ping_status":"open","sticky":false,"template":"","format":"standard","meta":{"footnotes":""},"categories":[105],"tags":[],"class_list":["post-42556","post","type-post","status-publish","format-standard","hentry","category-gundem","odd"],"_links":{"self":[{"href":"http:\/\/www.korhanyilmaz.com\/index.php?rest_route=\/wp\/v2\/posts\/42556","targetHints":{"allow":["GET"]}}],"collection":[{"href":"http:\/\/www.korhanyilmaz.com\/index.php?rest_route=\/wp\/v2\/posts"}],"about":[{"href":"http:\/\/www.korhanyilmaz.com\/index.php?rest_route=\/wp\/v2\/types\/post"}],"author":[{"embeddable":true,"href":"http:\/\/www.korhanyilmaz.com\/index.php?rest_route=\/wp\/v2\/users\/1"}],"replies":[{"embeddable":true,"href":"http:\/\/www.korhanyilmaz.com\/index.php?rest_route=%2Fwp%2Fv2%2Fcomments&post=42556"}],"version-history":[{"count":0,"href":"http:\/\/www.korhanyilmaz.com\/index.php?rest_route=\/wp\/v2\/posts\/42556\/revisions"}],"wp:attachment":[{"href":"http:\/\/www.korhanyilmaz.com\/index.php?rest_route=%2Fwp%2Fv2%2Fmedia&parent=42556"}],"wp:term":[{"taxonomy":"category","embeddable":true,"href":"http:\/\/www.korhanyilmaz.com\/index.php?rest_route=%2Fwp%2Fv2%2Fcategories&post=42556"},{"taxonomy":"post_tag","embeddable":true,"href":"http:\/\/www.korhanyilmaz.com\/index.php?rest_route=%2Fwp%2Fv2%2Ftags&post=42556"}],"curies":[{"name":"wp","href":"https:\/\/api.w.org\/{rel}","templated":true}]}}