{"id":42553,"date":"2011-11-16T13:56:42","date_gmt":"2011-11-16T11:56:42","guid":{"rendered":"http:\/\/www.korhanyilmaz.com\/?p=42553"},"modified":"2011-11-16T14:58:54","modified_gmt":"2011-11-16T12:58:54","slug":"kendilerini-ihbar-ettiler","status":"publish","type":"post","link":"http:\/\/www.korhanyilmaz.com\/?p=42553","title":{"rendered":"Kendilerini ihbar ettiler!"},"content":{"rendered":"<p style=\"text-align: center;\"><a href=\"http:\/\/www.korhanyilmaz.com\/wp-content\/uploads\/2011\/11\/7110.jpg\"  class=\"lightview\"><img loading=\"lazy\" decoding=\"async\" class=\"aligncenter  wp-image-42554\" src=\"http:\/\/www.korhanyilmaz.com\/wp-content\/uploads\/2011\/11\/7110.jpg\" alt=\"\" width=\"322\" height=\"241\" \/><\/a><\/p>\n<p style=\"text-align: justify;\">Bar\u0131\u015f ve Demokrasi Partisi E\u015fba\u015fkanlar\u0131 Selahattin Demirta\u015f ve Filiz Ko\u00e7ali ile \u0130stanbul Milletvekili Sebahat Tuncel, partilerinin KCK operasyonlar\u0131n\u0131 protesto etmek amac\u0131yla ba\u015flatt\u0131\u011f\u0131 &#8220;kendimi ihbar ediyorum&#8221; kampanyas\u0131na destek vererek kendilerini ihbar etti.<!--more--><\/p>\n<p style=\"text-align: justify;\">\u0130stanbul- Bar\u0131\u015f ve Demokrasi Partisi E\u015fba\u015fkanlar\u0131 Selahattin Demirta\u015f, Ko\u00e7ali ve Tuncel, \u0130stanbul Cumhuriyet Savc\u0131l\u0131\u011f\u0131\u2019na sunduklar\u0131 dilek\u00e7ede, \u201cAn\u0131lan faaliyetler su\u00e7 olarak kabul ediliyor ise ben de ayn\u0131 su\u00e7lar\u0131 i\u015fledim. Kendimi ihbar ediyorum&#8221; dedi.<\/p>\n<p style=\"text-align: justify;\"><strong>Demirta\u015f: \u201c1 Mart\u2019a kadar kampanyam\u0131z devam edecek&#8221;\u00a0<\/strong><\/p>\n<p style=\"text-align: justify;\">Adliye \u00e7\u0131k\u0131\u015f\u0131nda bir a\u00e7\u0131klama yapan Selahattin Demirta\u015f, \u201c\u0130lk etapta 20 y\u00f6netici arkada\u015f\u0131m\u0131zla birlikte dilek\u00e7elerimizi, avukat\u0131m\u0131z arac\u0131l\u0131\u011f\u0131yla savc\u0131l\u0131\u011fa teslim ettik. Savc\u0131l\u0131k i\u015flem yapar m\u0131 ne yapar bundan sonra adli s\u00fcre\u00e7 nas\u0131l i\u015fler kendilerini bekleyece\u011fiz. E\u011fer dilek\u00e7elerimizde ifade etti\u011fimiz \u015feyleri detayl\u0131 olarak bizden talep eder, davetiye \u00e7\u0131kar\u0131rsa savc\u0131l\u0131klara gider detayl\u0131 beyanlarda bulunabiliriz&#8221; diye konu\u015ftu.<\/p>\n<p style=\"text-align: justify;\">Savc\u0131n\u0131n bundan sonraki i\u015flemlerine g\u00f6re hareket edeceklerini belirten Demirta\u015f, \u201cBiz kampanyam\u0131z\u0131 ba\u015flatt\u0131k. 1 Mart\u2019a kadar da b\u00fct\u00fcn il, il\u00e7e te\u015fkilatlar\u0131m\u0131z\u0131, bizimle dayan\u0131\u015fma i\u00e7inde olan herkesi biz bu kampanyaya davet ediyoruz. Bu sadece BDP\u2019ye sahip \u00e7\u0131kma kampanyas\u0131 de\u011fil, hukukun \u00fcst\u00fcnl\u00fc\u011f\u00fcne, adil yarg\u0131lanma hakk\u0131na, demokratik siyaset hakk\u0131na sahip \u00e7\u0131kma kampanyas\u0131d\u0131r. Bunun bu \u015fekilde anla\u015f\u0131lmas\u0131 gerekir&#8221; diye konu\u015ftu.<\/p>\n<p style=\"text-align: justify;\"><strong>\u201cG\u00f6r\u00fcnt\u00fclerde terslik yok&#8221;\u00a0<\/strong><\/p>\n<p style=\"text-align: justify;\">Gazetecilerin \u201c\u00d6ld\u00fcr\u00fclen ter\u00f6rist Mensur G\u00fczel\u2019in karde\u015fi \u015eeyma G\u00fczel\u2019in, Milletvekili Sebahat Tuncel\u2019in yan\u0131nda g\u00f6zalt\u0131na al\u0131nmas\u0131na dair g\u00f6r\u00fcnt\u00fcleri&#8221; sormas\u0131 \u00fczerine Demirta\u015f \u015fu a\u00e7\u0131klamalar\u0131 yapt\u0131:<\/p>\n<p style=\"text-align: justify;\">\u201cG\u00f6r\u00fcnt\u00fclerde bir tuhafl\u0131k yok. Bir milletvekilimiz, bir parti \u00e7al\u0131\u015fan\u0131m\u0131z\u0131, gen\u00e7lik meclisi \u00fcyemizi, ayn\u0131 zamanda aktif bir \u00e7al\u0131\u015fan\u0131m\u0131z\u0131, resmi \u00fcyemizi kendi arac\u0131yla havaalan\u0131na b\u0131rak\u0131yor. Yakla\u015f\u0131k 1 y\u0131l \u00f6nce ger\u00e7ekle\u015fmi\u015f bir olay bu. O s\u0131rada aran\u0131yor oldu\u011fu i\u00e7in de polis taraf\u0131ndan havaalan\u0131nda g\u00f6zalt\u0131na al\u0131n\u0131yor. Bunda bir tuhafl\u0131k yok. Tuhafl\u0131k \u015fu ki, bir y\u0131l \u00f6nceki bir olayla ilgili g\u00f6r\u00fcnt\u00fcy\u00fc polis bir y\u0131l sonra ba\u015fka bir olay vesilesiyle medyaya servis ediyor ve bir milletvekilimizi partimizi siyasi lin\u00e7e tabi tutmaya \u00e7al\u0131\u015f\u0131yor. Sorgulanmas\u0131 gereken budur. Acaba havaalan\u0131nda g\u00fcvenlik kameralar\u0131n\u0131n g\u00f6r\u00fcnt\u00fcleri ekmek peynir gibi da\u011f\u0131t\u0131l\u0131yor mu b\u00f6yle? G\u00fcvenlik kamera g\u00f6r\u00fcnt\u00fclerini isteyen b\u00fct\u00fcn bas\u0131n mensuplar\u0131 al\u0131p izleyebiliyor mu? Nas\u0131l s\u0131zd\u0131r\u0131l\u0131yor, nas\u0131l veriliyor, nas\u0131l manip\u00fcle ediliyor? Orada bir tuhafl\u0131k yok, orda bir terslik yok. Terslik i\u015fleyi\u015fle ilgilidir, terslik bu manip\u00fclasyonla ilgilidir&#8221;<\/p>\n<p style=\"text-align: justify;\"><a href=\"http:\/\/www.cumhuriyet.com.tr\/?hn=293440\" target=\"_blank\">Kaynak : Cumhuriyet Haber Portal\u0131<\/a><\/p>\n","protected":false},"excerpt":{"rendered":"<p style=\"text-align: center;\">\n<p style=\"text-align: justify;\">Bar\u0131\u015f ve Demokrasi Partisi E\u015fba\u015fkanlar\u0131 Selahattin Demirta\u015f ve Filiz Ko\u00e7ali ile \u0130stanbul Milletvekili Sebahat Tuncel, partilerinin KCK operasyonlar\u0131n\u0131 protesto etmek amac\u0131yla ba\u015flatt\u0131\u011f\u0131 &#8220;kendimi ihbar ediyorum&#8221; kampanyas\u0131na destek vererek kendilerini ihbar etti.<\/p>\n","protected":false},"author":1,"featured_media":0,"comment_status":"open","ping_status":"open","sticky":false,"template":"","format":"standard","meta":{"footnotes":""},"categories":[105],"tags":[],"class_list":["post-42553","post","type-post","status-publish","format-standard","hentry","category-gundem","odd"],"_links":{"self":[{"href":"http:\/\/www.korhanyilmaz.com\/index.php?rest_route=\/wp\/v2\/posts\/42553","targetHints":{"allow":["GET"]}}],"collection":[{"href":"http:\/\/www.korhanyilmaz.com\/index.php?rest_route=\/wp\/v2\/posts"}],"about":[{"href":"http:\/\/www.korhanyilmaz.com\/index.php?rest_route=\/wp\/v2\/types\/post"}],"author":[{"embeddable":true,"href":"http:\/\/www.korhanyilmaz.com\/index.php?rest_route=\/wp\/v2\/users\/1"}],"replies":[{"embeddable":true,"href":"http:\/\/www.korhanyilmaz.com\/index.php?rest_route=%2Fwp%2Fv2%2Fcomments&post=42553"}],"version-history":[{"count":0,"href":"http:\/\/www.korhanyilmaz.com\/index.php?rest_route=\/wp\/v2\/posts\/42553\/revisions"}],"wp:attachment":[{"href":"http:\/\/www.korhanyilmaz.com\/index.php?rest_route=%2Fwp%2Fv2%2Fmedia&parent=42553"}],"wp:term":[{"taxonomy":"category","embeddable":true,"href":"http:\/\/www.korhanyilmaz.com\/index.php?rest_route=%2Fwp%2Fv2%2Fcategories&post=42553"},{"taxonomy":"post_tag","embeddable":true,"href":"http:\/\/www.korhanyilmaz.com\/index.php?rest_route=%2Fwp%2Fv2%2Ftags&post=42553"}],"curies":[{"name":"wp","href":"https:\/\/api.w.org\/{rel}","templated":true}]}}