{"id":42542,"date":"2011-11-16T09:26:04","date_gmt":"2011-11-16T07:26:04","guid":{"rendered":"http:\/\/www.korhanyilmaz.com\/?p=42542"},"modified":"2011-11-16T12:42:34","modified_gmt":"2011-11-16T10:42:34","slug":"barzaniye-23-madde","status":"publish","type":"post","link":"http:\/\/www.korhanyilmaz.com\/?p=42542","title":{"rendered":"Barzani\u2019ye 23 madde"},"content":{"rendered":"<p style=\"text-align: center;\"><a href=\"http:\/\/www.korhanyilmaz.com\/wp-content\/uploads\/2011\/11\/7108.jpg\"  class=\"lightview\"><img loading=\"lazy\" decoding=\"async\" class=\"aligncenter  wp-image-42543\" src=\"http:\/\/www.korhanyilmaz.com\/wp-content\/uploads\/2011\/11\/7108.jpg\" alt=\"\" width=\"342\" height=\"269\" \/><\/a><\/p>\n<p style=\"text-align: justify;\">T\u00fcrkiye\u2019de g\u00f6r\u00fc\u015fmelerde bulunan Mesud Barzani\u2019ye 23 maddelik bir teklif sunuldu\u011fu, Barzani\u2019nin teklifi ve g\u00f6r\u00fc\u015fmeleri PKK\u2019ya aktard\u0131\u011f\u0131, PKK\u2019n\u0131n ise \u00d6calan\u2019\u0131 i\u015faret etti\u011fi belirtildi.<!--more--><\/p>\n<p style=\"text-align: justify;\">Milliyet&#8217;in haberine g\u00f6re PKK\u2019n\u0131n etkisizle\u015ftirilmesi, dar b\u00f6lgeye hapsedilmesi ve silah b\u0131rakmas\u0131na y\u00f6nelik plana a\u011f\u0131rl\u0131k veren h\u00fck\u00fcmet, K\u00fcrt y\u00f6netimi \u00fczerindeki bask\u0131lar\u0131n\u0131 art\u0131r\u0131yor. K\u00fcrt y\u00f6netimi lideri Mesud Barzani\u2019ye, \u00f6rg\u00fct\u00fcn silah b\u0131rakmas\u0131na kadar gidecek s\u00fcreci kapsayan 23 maddelik yol haritas\u0131 sunuldu\u011fu, K\u00fcrt y\u00f6netiminin ise 9 maddeye \u00e7ekince koydu\u011fu \u00f6\u011frenildi. T\u00fcrkiye, Kuzey Irak\u2019ta Soran ile Bahdinan b\u00f6lgesini ba\u011flayan stratejik b\u00f6lgede askeri \u00fcs kurmay\u0131 ama\u00e7l\u0131yor ve bu kapsamda Barzani\u2019ye bask\u0131 yap\u0131yor.<\/p>\n<p style=\"text-align: justify;\"><strong>Barzani\u2019den askeri \u00fcs istendi\u00a0<\/strong><\/p>\n<p style=\"text-align: justify;\">T\u00fcrkiye\u2019deki g\u00f6r\u00fc\u015fmelerinde askeri se\u00e7enek hari\u00e7, T\u00fcrkiye\u2019ye her t\u00fcrl\u00fc deste\u011fi verece\u011fini a\u00e7\u0131klayan Barzani, istenilmesi halinde arabuluculuk g\u00f6revi de \u00fcstlenebilece\u011fini belirtmi\u015fti. Barzani\u2019nin T\u00fcrk heyetine \u201cBiz askeri se\u00e7enek hari\u00e7 deste\u011fimizi s\u00fcrd\u00fcrece\u011fiz. 90\u2019l\u0131 y\u0131llarda yap\u0131lan operasyonlarda T\u00fcrkiye\u2019ye gereken deste\u011fi sunduk, ancak hala \u00e7\u00f6z\u00fcme ula\u015f\u0131lm\u0131\u015f de\u011fil\u201d dedi\u011fi belirtildi.<\/p>\n<p style=\"text-align: justify;\">Erdo\u011fan, D\u0131\u015fi\u015fleri Bakan\u0131 Ahmet Davuto\u011flu ve M\u0130T M\u00fcste\u015far\u0131 Hakan Fidan\u2019\u0131n kat\u0131ld\u0131\u011f\u0131 g\u00f6r\u00fc\u015fmede, K\u00fcrt y\u00f6netiminden kritik bir talepte bulunuldu\u011fu, Soran b\u00f6lgesi ile Bahdinan b\u00f6lgesi koridorunda yer alan Harir ve Halifan il\u00e7eleri aras\u0131ndaki stratejik bir noktadaki askeri kararg\u00e2h ve helikopter pistinin T\u00fcrk g\u00fcvenlik g\u00fc\u00e7lerince kullan\u0131lmas\u0131n\u0131n talep edildi\u011fi belirtildi.<\/p>\n<p style=\"text-align: justify;\">T\u00fcrkiye\u2019nin \u0130ran-Irak sava\u015f\u0131nda Irak ordusunun helikopter \u00fcss\u00fc olarak kulland\u0131\u011f\u0131 b\u00f6lgede askeri \u00fcs kurmay\u0131 ama\u00e7lad\u0131\u011f\u0131 ifade edildi.<\/p>\n<p style=\"text-align: justify;\">Buraya kurulmas\u0131 d\u00fc\u015f\u00fcn\u00fclen askeri \u00fcss\u00fcn \u00f6rg\u00fct\u00fcn Kandil-Bahdinan ba\u011flant\u0131s\u0131n\u0131 kesece\u011fi, Dohuk b\u00f6lgesinde bulunan \u00f6rg\u00fct\u00fcn Gare ve Metine b\u00f6lgelerini de yak\u0131ndan kontrol imkan\u0131 sa\u011flaca\u011f\u0131 \u00f6\u011frenildi.<\/p>\n<p style=\"text-align: justify;\">\u00a0<strong>G\u00f6r\u00fc\u015fmeyi Selahattin\u2019de PKK\u2019ya iletti\u00a0<\/strong><\/p>\n<p style=\"text-align: justify;\">Milliyet\u2019in Kuzey Irak\u2019taki g\u00fcvenilir kaynaklardan elde etti\u011fi bilgiye g\u00f6re, Barzani, \u0130stanbul\u2019dan d\u00f6nd\u00fckten sonra \u00f6rg\u00fct y\u00f6netimine h\u00fck\u00fcmetin, \u201cyeni ate\u015fkes ya da silah b\u0131rakma \u015fart\u0131\u201dn\u0131 aktard\u0131. \u00d6rg\u00fct\u00fcn y\u00f6netim kademesi ile Selahattin kentinde g\u00f6r\u00fc\u015fen Barzani T\u00fcrkiye\u2019nin plan\u0131n\u0131 anlatt\u0131. \u00d6rg\u00fct\u00fcn iki numaras\u0131 Murat Karay\u0131lan\u2019\u0131n ise \u201cLiderimiz 3 ay\u0131 a\u015fk\u0131n s\u00fcredir tecrit edilmi\u015f, kendisine ula\u015fam\u0131yoruz. Ate\u015fkese de silah b\u0131rakmaya da liderimiz karar verir\u201d diyerek \u00d6calan\u2019\u0131 i\u015faret etti\u011fi belirtildi.<\/p>\n<p style=\"text-align: justify;\"><strong>\u0130\u015fte o yol haritas\u0131\u00a0<\/strong><\/p>\n<p style=\"text-align: justify;\"><span style=\"text-decoration: underline;\">\u0130stabul\u2019da M\u0130T\u2019in de kat\u0131ld\u0131\u011f\u0131 g\u00f6r\u00fc\u015fmede Barzani\u2019ye sunulan yol haritas\u0131 \u00f6zetle \u015f\u00f6yle:<\/span><\/p>\n<p style=\"text-align: justify;\">&#8211; Havalimanlar\u0131 \u0130nterpol denetimine a\u00e7\u0131ls\u0131n.<\/p>\n<p style=\"text-align: justify;\">&#8211; T\u00fcrk askerinin b\u00f6lgede kal\u0131\u015f pozisyonlar\u0131 yeniden d\u00fczenlensin.<\/p>\n<p style=\"text-align: justify;\">&#8211; Kandil ve etraf\u0131nda ileti\u015fimi dinleyecek elektronik sistemler kurulsun.<\/p>\n<p style=\"text-align: justify;\">&#8211; PKK\u2019dan ayr\u0131l\u0131p b\u00f6lgede ya\u015fayanlar\u0131n listesi g\u00fcncellensin.<\/p>\n<p style=\"text-align: justify;\">&#8211; Lider kadrondan ayr\u0131lanlar\u0131n ifadelerine ba\u015fvurulsun.<\/p>\n<p style=\"text-align: justify;\">&#8211; S\u0131n\u0131r karakollar\u0131 in\u015fa edilsin.<\/p>\n<p style=\"text-align: justify;\">&#8211; \u00dc\u00e7l\u00fc mekanizman\u0131n (ABD, K\u00fcrt y\u00f6netimi, T\u00fcrkiye) istihbarat ve fiziki ko\u015fullar\u0131 g\u00fc\u00e7lendirilsin.<\/p>\n<p style=\"text-align: justify;\">&#8211; Uludere, \u00c7ukurca ve \u015eimdinli il\u00e7elerinden Kuzey Irak\u2019a 9 ana noktadan ge\u00e7i\u015f yap\u0131l\u0131yor. Bu ge\u00e7i\u015f noktalar\u0131 artt\u0131r\u0131ls\u0131n.<\/p>\n<p style=\"text-align: justify;\"><a href=\"http:\/\/www.cnnturk.com\/2011\/turkiye\/11\/16\/barzani.ye.23.madde\/636891.0\/index.html\" target=\"_blank\">Kaynak : CNN T\u00dcRK<\/a><\/p>\n","protected":false},"excerpt":{"rendered":"<p style=\"text-align: center;\">\n<p style=\"text-align: justify;\">T\u00fcrkiye\u2019de g\u00f6r\u00fc\u015fmelerde bulunan Mesud Barzani\u2019ye 23 maddelik bir teklif sunuldu\u011fu, Barzani\u2019nin teklifi ve g\u00f6r\u00fc\u015fmeleri PKK\u2019ya aktard\u0131\u011f\u0131, PKK\u2019n\u0131n ise \u00d6calan\u2019\u0131 i\u015faret etti\u011fi belirtildi.<\/p>\n","protected":false},"author":1,"featured_media":0,"comment_status":"open","ping_status":"open","sticky":false,"template":"","format":"standard","meta":{"footnotes":""},"categories":[3,105],"tags":[],"class_list":["post-42542","post","type-post","status-publish","format-standard","hentry","category-dunya","category-gundem","odd"],"_links":{"self":[{"href":"http:\/\/www.korhanyilmaz.com\/index.php?rest_route=\/wp\/v2\/posts\/42542","targetHints":{"allow":["GET"]}}],"collection":[{"href":"http:\/\/www.korhanyilmaz.com\/index.php?rest_route=\/wp\/v2\/posts"}],"about":[{"href":"http:\/\/www.korhanyilmaz.com\/index.php?rest_route=\/wp\/v2\/types\/post"}],"author":[{"embeddable":true,"href":"http:\/\/www.korhanyilmaz.com\/index.php?rest_route=\/wp\/v2\/users\/1"}],"replies":[{"embeddable":true,"href":"http:\/\/www.korhanyilmaz.com\/index.php?rest_route=%2Fwp%2Fv2%2Fcomments&post=42542"}],"version-history":[{"count":0,"href":"http:\/\/www.korhanyilmaz.com\/index.php?rest_route=\/wp\/v2\/posts\/42542\/revisions"}],"wp:attachment":[{"href":"http:\/\/www.korhanyilmaz.com\/index.php?rest_route=%2Fwp%2Fv2%2Fmedia&parent=42542"}],"wp:term":[{"taxonomy":"category","embeddable":true,"href":"http:\/\/www.korhanyilmaz.com\/index.php?rest_route=%2Fwp%2Fv2%2Fcategories&post=42542"},{"taxonomy":"post_tag","embeddable":true,"href":"http:\/\/www.korhanyilmaz.com\/index.php?rest_route=%2Fwp%2Fv2%2Ftags&post=42542"}],"curies":[{"name":"wp","href":"https:\/\/api.w.org\/{rel}","templated":true}]}}