{"id":42539,"date":"2011-11-15T23:14:00","date_gmt":"2011-11-15T21:14:00","guid":{"rendered":"http:\/\/www.korhanyilmaz.com\/?p=42539"},"modified":"2011-11-16T12:37:58","modified_gmt":"2011-11-16T10:37:58","slug":"icisleri-bakani-hakkindaki-gensoruya-ret","status":"publish","type":"post","link":"http:\/\/www.korhanyilmaz.com\/?p=42539","title":{"rendered":"\u0130\u00e7i\u015fleri Bakan\u0131 hakk\u0131ndaki gensoruya ret"},"content":{"rendered":"<p><a href=\"http:\/\/www.korhanyilmaz.com\/wp-content\/uploads\/2011\/11\/7107.jpg\"  class=\"lightview\"><img loading=\"lazy\" decoding=\"async\" class=\"size-full wp-image-42540 aligncenter\" title=\"\" src=\"http:\/\/www.korhanyilmaz.com\/wp-content\/uploads\/2011\/11\/7107.jpg\" alt=\"\" width=\"313\" height=\"208\" \/><\/a><\/p>\n<p style=\"text-align: justify;\">BDP&#8217;nin, \u0130\u00e7i\u015fleri Bakan\u0131 \u0130dris Naim \u015eahin hakk\u0131nda verdi\u011fi gensoru \u00f6nergesinin g\u00fcndeme al\u0131nmas\u0131 reddedildi.<\/p>\n<p style=\"text-align: justify;\">BDP&#8217;nin kendisi hakk\u0131nda verdi\u011fi Gensoru \u00f6nergesi \u00fczerinde konu\u015fan \u015eahin, BDP&#8217;nin s\u00f6ylediklerinin kendileri a\u00e7\u0131s\u0131ndan do\u011fru oldu\u011funu ifade ederek, &#8220;Onlar\u0131n ne s\u00f6yledi\u011fini tersten okursak, do\u011fruyu bulma gibi bir form\u00fcl\u00fcm\u00fcz ve \u015fans\u0131m\u0131z var. Ancak MHP ve CHP&#8217;nin ayn\u0131 izden giderek burada sunu\u015f yapmas\u0131n\u0131 da y\u00fcce millete havale ediyorum&#8221; diye konu\u015ftu.\u00a0<!--more--><\/p>\n<p style=\"text-align: justify;\">\u00dclkede y\u00fcr\u00fct\u00fclen ter\u00f6rle m\u00fccadeleden AK Parti se\u00e7meni ve taban\u0131 oldu\u011fu kadar MHP ve CHP se\u00e7meninin de \u00e7ok memnun oldu\u011funu kaydeden \u015eahin, &#8220;BDP&#8217;ye oy verenlerin de \u00f6nemli k\u0131sm\u0131 bundan memnundur, rahatt\u0131r, huzur i\u00e7indedir. Kepenkler a\u00e7\u0131lmaktad\u0131r, sokaklarda h\u00fcr gezilmektedir. Geceleri evlerin kap\u0131lar\u0131 vah\u015fice \u00e7al\u0131namamaktad\u0131r. Gen\u00e7ler, \u00e7ocuklar kand\u0131r\u0131l\u0131p da\u011fa g\u00f6t\u00fcr\u00fclememektedir. Millet ter\u00f6rle m\u00fccadeleden memnundur&#8221; diye konu\u015ftu.<\/p>\n<p style=\"text-align: justify;\">\u015eahin, Aysel Tu\u011fluk ve Selahattin Demirta\u015f&#8217;\u0131n konu\u015fmalar\u0131ndan \u00f6rnekler vererek, &#8220;Organik yap\u0131y\u0131 anlat\u0131yorum. Bak\u0131n bir ba\u015fka organik ba\u011f;Say\u0131n Ba\u015fbakan ter\u00f6r eylemlerine kar\u015f\u0131 herkesin tav\u0131r almas\u0131n\u0131 defaatle \u00e7a\u011fr\u0131 yapt\u0131. MHP, CHP, AK Parti her zaman ter\u00f6r olaylar\u0131na kar\u015f\u0131 tavr\u0131n\u0131 ortaya koydu ama bir parti var ki, o tavr\u0131 bir t\u00fcrl\u00fc kuramad\u0131. Organik ba\u011f var m\u0131, yok mu bunu milletin ve vekillerin takdirine b\u0131rak\u0131yorum&#8221; diye konu\u015ftu.<\/p>\n<p style=\"text-align: justify;\">\u015eahin, siyaset akademilerinin kadro yeti\u015ftirme faaliyeti olarak hayata ge\u00e7ti\u011fini kaydederek, &#8220;Emir b\u00fcy\u00fck yerden olunca t\u00fcz\u00fckte de var olan akademiler hayata ge\u00e7iyor ama evlere \u015fenlik. Bu siyaset akademileri kadro yeti\u015ftirme yeri olarak faaliyete ge\u00e7iyor. Soruyorum; parti \u00e7at\u0131s\u0131 at\u0131nda kurulan siyaset akademileri BDP&#8217;nin \u00e7al\u0131\u015fmas\u0131 m\u0131 yoksa \u00f6rg\u00fct\u00fcn, ter\u00f6rist ba\u015f\u0131n\u0131n talimat\u0131yla kurulan birer fesat yuvas\u0131 m\u0131d\u0131r? Bilimi, akademi ad\u0131n\u0131, e\u011fitim hakk\u0131n\u0131 kimse bu \u00fclkeyi b\u00f6lme e\u011fitiminin yeri olarak kullanamaz&#8217; diye konu\u015ftu.<\/p>\n<p style=\"text-align: justify;\">BDP&#8217;li Kaplan&#8217;\u0131n kendisine laf atmas\u0131 \u00fczerine \u015eahin, &#8220;Sen de verdin, sen de onun i\u00e7indesin ki verdin. Aferin sana. PKK kamplar\u0131ndaki m\u00fcfredat\u0131n ayn\u0131s\u0131 siyaset akademisinde. Bu derslerde a\u00e7\u0131ktan PKK propagandas\u0131 yap\u0131lmaktad\u0131r. Dinler tarihi dersinde, \u00e7ok \u00f6z\u00fcr diliyorum, ter\u00f6rist ba\u015f\u0131 \u00d6calan peygamber olarak g\u00f6sterilmektedir&#8221; dedi.<\/p>\n<p style=\"text-align: justify;\"><strong>Genel Kurulda, \u015eahin&#8217;in konu\u015fmas\u0131n\u0131n ard\u0131ndan tart\u0131\u015fma ya\u015fand\u0131.\u00a0<\/strong><\/p>\n<p style=\"text-align: justify;\">BDP&#8217;li Hasip Kaplan ve baz\u0131 milletvekilleri, \u015eahin&#8217;in oturdu\u011fu komisyon s\u0131ralara do\u011fru laf atarak y\u00fcr\u00fcmek isteyince, AK Parti&#8217;li \u00e7ok say\u0131da milletvekili oraya y\u00f6neldi.<\/p>\n<p style=\"text-align: justify;\">Ba\u015fkanvekili G\u00fcldal Mumcu, Genel Kurulda milletvekillerinin birbirinin \u00fczerine y\u00fcr\u00fcmesi \u00fczerine, birle\u015fime ara verdi. Tart\u0131\u015fma arada da s\u00fcrd\u00fc.<\/p>\n<p style=\"text-align: justify;\"><a href=\"http:\/\/www.cnnturk.com\/2011\/turkiye\/11\/15\/icisleri.bakani.hakkindaki.gensoruya.ret\/636869.0\/index.html\" target=\"_blank\">Kaynak : CNN T\u00dcRK<\/a><\/p>\n","protected":false},"excerpt":{"rendered":"<\/p>\n<p style=\"text-align: justify;\">BDP&#8217;nin, \u0130\u00e7i\u015fleri Bakan\u0131 \u0130dris Naim \u015eahin hakk\u0131nda verdi\u011fi gensoru \u00f6nergesinin g\u00fcndeme al\u0131nmas\u0131 reddedildi.<\/p>\n<p style=\"text-align: justify;\">BDP&#8217;nin kendisi hakk\u0131nda verdi\u011fi Gensoru \u00f6nergesi \u00fczerinde konu\u015fan \u015eahin, BDP&#8217;nin s\u00f6ylediklerinin kendileri a\u00e7\u0131s\u0131ndan do\u011fru oldu\u011funu ifade ederek, &#8220;Onlar\u0131n ne s\u00f6yledi\u011fini tersten okursak, do\u011fruyu bulma gibi bir form\u00fcl\u00fcm\u00fcz ve \u015fans\u0131m\u0131z var. Ancak MHP ve CHP&#8217;nin ayn\u0131 izden giderek <\/p>\n","protected":false},"author":1,"featured_media":0,"comment_status":"open","ping_status":"open","sticky":false,"template":"","format":"standard","meta":{"footnotes":""},"categories":[105],"tags":[],"class_list":["post-42539","post","type-post","status-publish","format-standard","hentry","category-gundem","odd"],"_links":{"self":[{"href":"http:\/\/www.korhanyilmaz.com\/index.php?rest_route=\/wp\/v2\/posts\/42539","targetHints":{"allow":["GET"]}}],"collection":[{"href":"http:\/\/www.korhanyilmaz.com\/index.php?rest_route=\/wp\/v2\/posts"}],"about":[{"href":"http:\/\/www.korhanyilmaz.com\/index.php?rest_route=\/wp\/v2\/types\/post"}],"author":[{"embeddable":true,"href":"http:\/\/www.korhanyilmaz.com\/index.php?rest_route=\/wp\/v2\/users\/1"}],"replies":[{"embeddable":true,"href":"http:\/\/www.korhanyilmaz.com\/index.php?rest_route=%2Fwp%2Fv2%2Fcomments&post=42539"}],"version-history":[{"count":0,"href":"http:\/\/www.korhanyilmaz.com\/index.php?rest_route=\/wp\/v2\/posts\/42539\/revisions"}],"wp:attachment":[{"href":"http:\/\/www.korhanyilmaz.com\/index.php?rest_route=%2Fwp%2Fv2%2Fmedia&parent=42539"}],"wp:term":[{"taxonomy":"category","embeddable":true,"href":"http:\/\/www.korhanyilmaz.com\/index.php?rest_route=%2Fwp%2Fv2%2Fcategories&post=42539"},{"taxonomy":"post_tag","embeddable":true,"href":"http:\/\/www.korhanyilmaz.com\/index.php?rest_route=%2Fwp%2Fv2%2Ftags&post=42539"}],"curies":[{"name":"wp","href":"https:\/\/api.w.org\/{rel}","templated":true}]}}