{"id":42515,"date":"2011-11-16T09:05:20","date_gmt":"2011-11-16T07:05:20","guid":{"rendered":"http:\/\/www.korhanyilmaz.com\/?p=42515"},"modified":"2011-11-16T12:43:18","modified_gmt":"2011-11-16T10:43:18","slug":"yaziklar-olsun-su-davetiyelere-bakin","status":"publish","type":"post","link":"http:\/\/www.korhanyilmaz.com\/?p=42515","title":{"rendered":"&#8216;Yaz\u0131klar olsun \u015fu davetiyelere bak\u0131n&#8217;"},"content":{"rendered":"<p style=\"text-align: center;\"><a href=\"http:\/\/www.korhanyilmaz.com\/wp-content\/uploads\/2011\/11\/7104.jpg\"  class=\"lightview\"><img loading=\"lazy\" decoding=\"async\" class=\"aligncenter  wp-image-42516\" src=\"http:\/\/www.korhanyilmaz.com\/wp-content\/uploads\/2011\/11\/7104.jpg\" alt=\"\" width=\"488\" height=\"242\" \/><\/a><\/p>\n<p style=\"text-align: justify;\">TBMM\u2019nin bug\u00fcnk\u00fc oturumunda s\u00f6z alan CHP Yalova Milletvekili Muharrem \u0130nce, TBMM Ba\u015fkanl\u0131\u011f\u0131\u2019n\u0131n 10 Kas\u0131m Atat\u00fcrk\u2019\u00fc anma i\u00e7in haz\u0131rlad\u0131\u011f\u0131 davetiye ile Meclis\u2019te ilk kez an\u0131lacak olan Sultan 1\u2019inci Abd\u00fclmecit i\u00e7in haz\u0131rlanan davetiyeleri ele\u015ftirdi.<!--more--><\/p>\n<p style=\"text-align: justify;\"><a href=\"http:\/\/www.korhanyilmaz.com\/wp-content\/uploads\/2011\/11\/7105.jpg\"  class=\"lightview\"><img loading=\"lazy\" decoding=\"async\" class=\"alignleft  wp-image-42517\" style=\"margin-left: 10px; margin-right: 10px;\" src=\"http:\/\/www.korhanyilmaz.com\/wp-content\/uploads\/2011\/11\/7105.jpg\" alt=\"\" width=\"291\" height=\"163\" \/><\/a>\u0130nce, 10 Kas\u0131m Atat\u00fcrk\u2019\u00fc anma davetiyesi ile Sultan 1\u2019inci Abd\u00fclmecit i\u00e7in haz\u0131rlanan davetiyeyi elinde g\u00f6stererek, &#8220;Yaz\u0131klar olsun size \u015fu davetiyelere bak\u0131n&#8221; dedi.<\/p>\n<p style=\"text-align: justify;\">CHP Yalova milletvekili Muharrem \u0130nce, Genel Kurul\u2019da partisinin okullardaki \u015fiddet ve madde ba\u011f\u0131ml\u0131l\u0131\u011f\u0131n\u0131n tehlike ve nedenlerinin ara\u015ft\u0131r\u0131lmas\u0131 i\u00e7in TBMM\u2019ye verilen grup \u00f6nergesi hakk\u0131nda s\u00f6z ald\u0131. \u0130lk olarak milletvekili Kamer Gen\u00e7\u2019in konu\u015fmas\u0131 s\u0131ras\u0131nda k\u00fcrs\u00fcden itilerek indilmesine de\u011finen \u0130nce, &#8220;Burada ge\u00e7ti\u011fimiz g\u00fcn bir zorbal\u0131k oldu. K\u00fcrs\u00fcdeki milletvekilimiz itildi. Merak etmeyin bug\u00fcn olmaz. Onu yapan ki\u015fi \u015f\u00f6yle bakar; CHP grubunda az ki\u015fi var ve sonra k\u00fcrs\u00fcdekine bakar belli bir ya\u015fta m\u0131 onu itekleyebilirmiyim ancak o zaman gelebilir. Bug\u00fcn bir\u015fey olmaz&#8221; dedi.<\/p>\n<p style=\"text-align: justify;\">Muharrem \u0130nce, konu\u015fmas\u0131n\u0131n devam\u0131nda TBMM Ba\u015fkanl\u0131\u011f\u0131 taraf\u0131ndan haz\u0131rlanan 10 Kas\u0131m Atat\u00fcrk\u2019\u00fc Anma davetiyesi ile bu y\u0131l ilk kez Meclis\u2019te an\u0131lacak olan Sultan 1. Abd\u00fclmecit ile ilgili davetiyeleri ele\u015ftirdi. \u0130ki davetiyeyi de elinde g\u00f6steren Muharrem \u0130nce, &#8220;Padi\u015fahl\u0131\u011fa \u00f6zenen bir Meclis Ba\u015fkan\u0131 var. \u0130\u015fte 10 kas\u0131m davetiyeleri. Ka\u011f\u0131da yaz\u0131lm\u0131\u015f ve fotokopi bir davetiye. Burada da Abd\u00fclmecit i\u00e7in haz\u0131rlanan davetiye. Yaz\u0131klar olsun size. \u015eu davetiyelere bak\u0131n&#8221; dedi.<\/p>\n<p style=\"text-align: justify;\">[flv]http:\/\/video-milliyet.mncdn.net\/web\/video\/2011\/11\/16\/77041.flv[\/flv]<\/p>\n<p style=\"text-align: justify;\">K\u00fcrs\u00fcn\u00fcn milletin oldu\u011funu ve milletvekilinin sesinin kesilmesinin milletin sesinin kesilmesi oldu\u011fu s\u00f6yleyen Muharrem \u0130nce, \u015f\u00f6yle konu\u015ftu:<\/p>\n<p style=\"text-align: justify;\">[flv]http:\/\/video-milliyet.mncdn.net\/web\/video\/2011\/11\/16\/77040.flv[\/flv]<\/p>\n<p style=\"text-align: justify;\">&#8220;Haddinizi bilin diyorum. Siz \u015fiddeti sald\u0131r\u0131 ama\u00e7l\u0131 yap\u0131yorsunuz. Biz \u015fiddeti savunma ama\u00e7l\u0131 an\u0131yoruz. E\u015fkiyay\u0131 Meclis\u2019e h\u00fck\u00fcmdar etmeyiz. Zannetmeyiniz ki sava\u015f baltalar\u0131n\u0131 g\u00f6md\u00fcysek yerini unutmad\u0131k. \u2019Siyaseti beyaz kefenler i\u00e7inde yap\u0131yoruz\u2019 diyen Ba\u015fbakan Erdo\u011fan\u2019a sesleniyorum. Biz bu topraklarda kefensiz yatanlar\u0131n torunlar\u0131y\u0131z. Biz siyaseti b\u00f6yle yap\u0131yoruz. Herkes haddini bilsin. TBMM\u2019de hi\u00e7kimse padi\u015fahl\u0131k \u00f6zentisi yapamaz. Atat\u00fcrk\u2019e hakaret edemez. Hakk\u0131 da de\u011fildir, haddi de de\u011fildir. Haddini de bildiririz.&#8221;<\/p>\n<p style=\"text-align: justify;\"><a href=\"http:\/\/siyaset.milliyet.com.tr\/-yaziklar-olsun-su-davetiyelere-bakin-\/siyaset\/siyasetdetay\/16.11.2011\/1463478\/default.htm\" target=\"_blank\">Kaynak : Milliyet.com.tr<\/a><\/p>\n","protected":false},"excerpt":{"rendered":"<p style=\"text-align: center;\">\n<p style=\"text-align: justify;\">TBMM\u2019nin bug\u00fcnk\u00fc oturumunda s\u00f6z alan CHP Yalova Milletvekili Muharrem \u0130nce, TBMM Ba\u015fkanl\u0131\u011f\u0131\u2019n\u0131n 10 Kas\u0131m Atat\u00fcrk\u2019\u00fc anma i\u00e7in haz\u0131rlad\u0131\u011f\u0131 davetiye ile Meclis\u2019te ilk kez an\u0131lacak olan Sultan 1\u2019inci Abd\u00fclmecit i\u00e7in haz\u0131rlanan davetiyeleri ele\u015ftirdi.<\/p>\n","protected":false},"author":1,"featured_media":0,"comment_status":"open","ping_status":"open","sticky":false,"template":"","format":"standard","meta":{"footnotes":""},"categories":[105],"tags":[],"class_list":["post-42515","post","type-post","status-publish","format-standard","hentry","category-gundem","odd"],"_links":{"self":[{"href":"http:\/\/www.korhanyilmaz.com\/index.php?rest_route=\/wp\/v2\/posts\/42515","targetHints":{"allow":["GET"]}}],"collection":[{"href":"http:\/\/www.korhanyilmaz.com\/index.php?rest_route=\/wp\/v2\/posts"}],"about":[{"href":"http:\/\/www.korhanyilmaz.com\/index.php?rest_route=\/wp\/v2\/types\/post"}],"author":[{"embeddable":true,"href":"http:\/\/www.korhanyilmaz.com\/index.php?rest_route=\/wp\/v2\/users\/1"}],"replies":[{"embeddable":true,"href":"http:\/\/www.korhanyilmaz.com\/index.php?rest_route=%2Fwp%2Fv2%2Fcomments&post=42515"}],"version-history":[{"count":0,"href":"http:\/\/www.korhanyilmaz.com\/index.php?rest_route=\/wp\/v2\/posts\/42515\/revisions"}],"wp:attachment":[{"href":"http:\/\/www.korhanyilmaz.com\/index.php?rest_route=%2Fwp%2Fv2%2Fmedia&parent=42515"}],"wp:term":[{"taxonomy":"category","embeddable":true,"href":"http:\/\/www.korhanyilmaz.com\/index.php?rest_route=%2Fwp%2Fv2%2Fcategories&post=42515"},{"taxonomy":"post_tag","embeddable":true,"href":"http:\/\/www.korhanyilmaz.com\/index.php?rest_route=%2Fwp%2Fv2%2Ftags&post=42515"}],"curies":[{"name":"wp","href":"https:\/\/api.w.org\/{rel}","templated":true}]}}