{"id":42494,"date":"2011-08-08T11:24:54","date_gmt":"2011-08-08T08:24:54","guid":{"rendered":"http:\/\/www.korhanyilmaz.com\/?p=42494"},"modified":"2017-01-18T17:41:37","modified_gmt":"2017-01-18T14:41:37","slug":"basbakan-erdoganin-avukatligini-da-yapan-faik-isik-erdogani-hikmetyarin-onunde-diz-cokerken-gosteren-fotografi-saadet-partisinin-sizdirdigini-soyledi","status":"publish","type":"post","link":"http:\/\/www.korhanyilmaz.com\/?p=42494","title":{"rendered":"Ba\u015fbakan Erdo\u011fan&#8217;\u0131n avukatl\u0131\u011f\u0131n\u0131 da yapan Faik I\u015f\u0131k ,Erdo\u011fan&#8217;\u0131 Hikmetyar&#8217;\u0131n \u00f6n\u00fcnde diz \u00e7\u00f6kerken g\u00f6steren foto\u011fraf\u0131 Saadet Partisi&#8217;nin s\u0131zd\u0131rd\u0131\u011f\u0131n\u0131 s\u00f6yledi."},"content":{"rendered":"<p style=\"text-align: justify;\"><a href=\"http:\/\/www.korhanyilmaz.com\/wp-content\/uploads\/2011\/11\/7099.jpg\"  class=\"lightview\"><img loading=\"lazy\" decoding=\"async\" class=\"aligncenter wp-image-42496\" src=\"http:\/\/www.korhanyilmaz.com\/wp-content\/uploads\/2011\/11\/7099.jpg\" width=\"450\" height=\"342\" \/><\/a><\/p>\n<p style=\"text-align: justify;\">Ba\u015fbakan Erdo\u011fan\u0131n uzun y\u0131llard\u0131r tart\u0131\u015fma konusu olan Afgan lider Gulbettin Hikmetyar\u0131n dizinin dibinde \u00e7ektirdi\u011fi foto\u011fraf\u0131 Erdo\u011fan\u0131 y\u0131pratmak i\u00e7in Saadet Partisinin i\u00e7inden, hatta o g\u00fcn Hikmetyar\u0131n elini \u00f6pen bir ki\u015fi bas\u0131na s\u0131zd\u0131rd\u0131&#8230;<\/p>\n<p style=\"text-align: justify;\">Bu iddia Ba\u015fbakan Erdo\u011fan\u0131n bir d\u00f6nem avukatl\u0131\u011f\u0131n\u0131 yapan \u015fimdi Fenerbah\u00e7e Kl\u00fcb\u00fc Ba\u015fkan\u0131 tutuklu Aziz Y\u0131ld\u0131r\u0131m\u0131n avukatl\u0131\u011f\u0131n\u0131 \u00fcstlenen avukat Faik I\u015f\u0131k\u0131n iddias\u0131.<\/p>\n<p style=\"text-align: justify;\">H\u00fcrriyet gazetesine r\u00f6portaj veren I\u015f\u0131k Ba\u015fbakan Erdo\u011fan\u0131n gen\u00e7lik y\u0131llar\u0131nda, Afgan lider Gulbettin Hikmetyar\u0131n dizinin dibinde \u00e7ektirdi\u011fi foto\u011frafla ilgili \u015funlar\u0131 s\u00f6yledi:<\/p>\n<p style=\"text-align: justify;\">Hikmetyar 1980li y\u0131llarda S\u00fcleyman Demirelin davetiyle me\u015fru birisi olarak T\u00fcrkiyeye gelmi\u015fti. O foto\u011fraf da o y\u0131llarda \u00e7ekilmi\u015fti. Bu foto\u011fraf\u0131n Erdo\u011fan\u0131 y\u0131pratmak i\u00e7in Saadet Partisinin i\u00e7inden ve hatta o g\u00fcn Hikmetyar\u0131n elini \u00f6pen bir ki\u015fi taraf\u0131ndan bas\u0131na s\u0131zd\u0131r\u0131ld\u0131\u011f\u0131n\u0131 d\u00fc\u015f\u00fcn\u00fcyorum.<!--more--><\/p>\n<p style=\"text-align: justify;\"><strong>I\u015eIKIN BAKTI\u011eI D\u0130KKAT \u00c7EKEN DAVALAR\u00a0<\/strong><\/p>\n<p style=\"text-align: justify;\">R\u00f6portajda I\u015f\u0131k\u0131n ki\u015fisel tarihi ve mesleki ya\u015fam\u0131nda \u00f6nemli yer tutan davalarla ilgili de bilgiler yer ald\u0131. Aktar\u0131lan bilgilere g\u00f6re I\u015f\u0131k Ba\u015fbakan Erdo\u011fan\u0131n yan\u0131 s\u0131ra, S\u00fcleyman Merc\u00fcmek davas\u0131, kay\u0131p Bosna paralar\u0131 davas\u0131, Sivas olaylar\u0131 davas\u0131 gibi kamuoyunda \u00e7ok\u00e7a tart\u0131\u015f\u0131lan bir\u00e7ok \u00f6nemli davan\u0131n da avukat\u0131 olarak dikkat \u00e7ekiyor.<\/p>\n<p style=\"text-align: justify;\"><strong>\u00dcLK\u00dcC\u00dc DE OLDU CEMAAT\u00c7\u0130 DE\u00a0<\/strong><\/p>\n<p style=\"text-align: justify;\">A\u011fabeyinin etkisiyle \u00e7ocukken \u00fclk\u00fcc\u00fc olan I\u015f\u0131k ortaokul sonras\u0131 Ak\u0131nc\u0131lar grubunda yer ald\u0131. \u00dcniversitede <span style=\"text-decoration: underline;\">\u0130skenderpa\u015fa Cemaatinin<\/span> temsilcilerinden biri oldu. Bir d\u00f6nem Milli Gazetede gazetecilik yapt\u0131. M\u00fczik tutkunu, \u0130ngilizce, Frans\u0131zca, Rus\u00e7a ve Osmanl\u0131ca biliyor.<\/p>\n<p style=\"text-align: justify;\">I\u015f\u0131k, Yasin El-Kad\u0131, Sadettin Tantan, Kaz\u0131m Abanoz, S\u00fcleyman Merc\u00fcmek, Milli Gazete, Kanal 7 gibi ki\u015fi ve kurumlar\u0131n yan\u0131 s\u0131ra Recep Tayyip Erdo\u011fan\u0131n da avukatl\u0131\u011f\u0131n\u0131 \u00fcstlenmi\u015f\u00a0bir isim.<\/p>\n<p style=\"text-align: justify;\"><strong>AZ\u0130Z YILDIRIM \u0130LE NASIL TANI\u015eTI?\u00a0<\/strong><\/p>\n<p style=\"text-align: justify;\">Avukat Faik I\u015f\u0131k\u0131n son m\u00fcvekkili Aziz Y\u0131ld\u0131r\u0131m ile tan\u0131\u015f\u0131kl\u0131\u011f\u0131 12 y\u0131l \u00f6ncesine gidiyor. D\u00f6nemin Siirt Jet-Pal\u0131 futbolcular\u0131 Alpay, Sergen ve Oktay ile ilgili transfer pazarl\u0131\u011f\u0131 s\u00fcrerken tan\u0131\u015f\u0131rlar. Aziz Y\u0131ld\u0131r\u0131m, Askeri su\u00e7lar\u0131 a\u00e7\u0131\u011fa vermek iddias\u0131yla a\u00e7\u0131lan davada Faik I\u015f\u0131k\u0131n avukatl\u0131\u011f\u0131n\u0131 yapmas\u0131n\u0131 ister. \u015eike soru\u015fturmas\u0131na kadar Be\u015fikta\u015f\u0131 tutan Faik I\u015f\u0131k bu soru\u015fturmadan sonra s\u0131k\u0131 Fenerbah\u00e7eli olmu\u015f. Ofisinde bile zaman zaman hem kendisi hem de \u00e7ayc\u0131s\u0131, Aziz Y\u0131ld\u0131r\u0131m\u0131n foto\u011fraf\u0131 bas\u0131l\u0131 ti\u015f\u00f6rtle dola\u015f\u0131yor.<\/p>\n<p style=\"text-align: justify;\"><strong>BA\u015eBAKAN AZLETT\u0130<\/strong><\/p>\n<p style=\"text-align: justify;\">Ba\u015fbakan Recep Tayyip Erdo\u011fan\u0131n avukatl\u0131\u011f\u0131n\u0131 yapt\u0131\u011f\u0131 i\u00e7in yakla\u015f\u0131k 10 y\u0131ld\u0131r g\u00fcndeme gelmek istemedi\u011fini s\u00f6yleyen Faik I\u015f\u0131k, Aziz Y\u0131ld\u0131r\u0131m\u0131n avukat\u0131 olmam ikisine de zarar verecekti. Tayyip Beyi arayarak beni avukatl\u0131\u011f\u0131ndan azletmesinin uygun olaca\u011f\u0131n\u0131 s\u00f6yledim. Sa\u011folsunlar beni k\u0131rmad\u0131lar. Azilname g\u00f6nderdiler dedi.<\/p>\n<p style=\"text-align: justify;\">Ba\u015fbakan Erdo\u011fan\u0131n avukatl\u0131\u011f\u0131n\u0131 da yapan Faik I\u015f\u0131k, Erdo\u011fan\u0131 Hikmetyar\u0131n \u00f6n\u00fcnde diz \u00e7\u00f6kerken g\u00f6steren foto\u011fraf\u0131 Saadet Partisinin s\u0131zd\u0131rd\u0131\u011f\u0131n\u0131 s\u00f6yledi.<\/p>\n<p style=\"text-align: justify;\"><a href=\"http:\/\/www1.fatihaktuel.com\/Siyaset-basbakan-erdoganin-avukatligini-da-yapan-faik-isik,-erdogani-hikmetyarin-onunde-diz-cokerken-gosteren-fotografi-saadet-partisinin-sizdirdigini-soyledi-43214.html\" target=\"_blank\">Kaynak : fatihaktuel.com<\/a><\/p>\n","protected":false},"excerpt":{"rendered":"<p style=\"text-align: justify;\">\n<p style=\"text-align: justify;\">Ba\u015fbakan Erdo\u011fan\u0131n uzun y\u0131llard\u0131r tart\u0131\u015fma konusu olan Afgan lider Gulbettin Hikmetyar\u0131n dizinin dibinde \u00e7ektirdi\u011fi foto\u011fraf\u0131 Erdo\u011fan\u0131 y\u0131pratmak i\u00e7in Saadet Partisinin i\u00e7inden, hatta o g\u00fcn Hikmetyar\u0131n elini \u00f6pen bir ki\u015fi bas\u0131na s\u0131zd\u0131rd\u0131&#8230;<\/p>\n<p style=\"text-align: justify;\">Bu iddia Ba\u015fbakan Erdo\u011fan\u0131n bir d\u00f6nem avukatl\u0131\u011f\u0131n\u0131 yapan \u015fimdi Fenerbah\u00e7e Kl\u00fcb\u00fc Ba\u015fkan\u0131 tutuklu Aziz Y\u0131ld\u0131r\u0131m\u0131n avukatl\u0131\u011f\u0131n\u0131 \u00fcstlenen <\/p>\n","protected":false},"author":1,"featured_media":0,"comment_status":"open","ping_status":"open","sticky":false,"template":"","format":"standard","meta":{"footnotes":""},"categories":[105],"tags":[477,245],"class_list":["post-42494","post","type-post","status-publish","format-standard","hentry","category-gundem","tag-faik-isik","tag-iskenderpasa-cemaati","odd"],"_links":{"self":[{"href":"http:\/\/www.korhanyilmaz.com\/index.php?rest_route=\/wp\/v2\/posts\/42494","targetHints":{"allow":["GET"]}}],"collection":[{"href":"http:\/\/www.korhanyilmaz.com\/index.php?rest_route=\/wp\/v2\/posts"}],"about":[{"href":"http:\/\/www.korhanyilmaz.com\/index.php?rest_route=\/wp\/v2\/types\/post"}],"author":[{"embeddable":true,"href":"http:\/\/www.korhanyilmaz.com\/index.php?rest_route=\/wp\/v2\/users\/1"}],"replies":[{"embeddable":true,"href":"http:\/\/www.korhanyilmaz.com\/index.php?rest_route=%2Fwp%2Fv2%2Fcomments&post=42494"}],"version-history":[{"count":0,"href":"http:\/\/www.korhanyilmaz.com\/index.php?rest_route=\/wp\/v2\/posts\/42494\/revisions"}],"wp:attachment":[{"href":"http:\/\/www.korhanyilmaz.com\/index.php?rest_route=%2Fwp%2Fv2%2Fmedia&parent=42494"}],"wp:term":[{"taxonomy":"category","embeddable":true,"href":"http:\/\/www.korhanyilmaz.com\/index.php?rest_route=%2Fwp%2Fv2%2Fcategories&post=42494"},{"taxonomy":"post_tag","embeddable":true,"href":"http:\/\/www.korhanyilmaz.com\/index.php?rest_route=%2Fwp%2Fv2%2Ftags&post=42494"}],"curies":[{"name":"wp","href":"https:\/\/api.w.org\/{rel}","templated":true}]}}