{"id":42489,"date":"2011-11-15T14:38:02","date_gmt":"2011-11-15T12:38:02","guid":{"rendered":"http:\/\/www.korhanyilmaz.com\/?p=42489"},"modified":"2011-11-15T18:42:31","modified_gmt":"2011-11-15T16:42:31","slug":"sabiha-gokcenden-kandile-sefer-mi-var","status":"publish","type":"post","link":"http:\/\/www.korhanyilmaz.com\/?p=42489","title":{"rendered":"Sabiha G\u00f6k\u00e7en&#8217;den Kandil&#8217;e sefer mi var?"},"content":{"rendered":"<p style=\"text-align: center;\"><a href=\"http:\/\/www.korhanyilmaz.com\/wp-content\/uploads\/2011\/11\/7098.jpg\"  class=\"lightview\"><img loading=\"lazy\" decoding=\"async\" class=\"aligncenter  wp-image-42490\" src=\"http:\/\/www.korhanyilmaz.com\/wp-content\/uploads\/2011\/11\/7098.jpg\" alt=\"\" width=\"320\" height=\"212\" \/><\/a><\/p>\n<p style=\"text-align: justify;\">BDP Milletvekili Sabahat Tuncel, \u00f6ld\u00fcr\u00fclen ter\u00f6ristin karde\u015fi \u015eeyma G\u00fczel&#8217;in BDP&#8217;nin gen\u00e7lik meclisinde \u00e7al\u0131\u015ft\u0131\u011f\u0131 i\u00e7in tutukland\u0131\u011f\u0131n\u0131 a\u00e7\u0131klad\u0131, hedef g\u00f6sterildi\u011fini s\u00f6yledi.<!--more--><\/p>\n<p style=\"text-align: justify;\">BDP \u0130stanbul Milletvekili Sebahat Tuncel, \u00f6ld\u00fcr\u00fclen ter\u00f6rist Mensur G\u00fczel\u2019in k\u0131z karde\u015fi \u015eeyma G\u00fczel\u2019in yan\u0131ndaki g\u00f6r\u00fcnt\u00fcleriyle ilgili a\u00e7\u0131klama yapt\u0131.<\/p>\n<p style=\"text-align: justify;\">PKK&#8217;yak\u0131n internet sitesi ANF&#8217;ye yapt\u0131\u011f\u0131 a\u00e7\u0131klamada \u201cBelirtilen tarihte \u015eeyma G\u00fczel\u2019i ben Sabiha G\u00f6k\u00e7en Havaalan\u0131&#8217;na b\u0131rakt\u0131m. Diyarbak\u0131r\u2019da gen\u00e7lik meclisinin toplant\u0131s\u0131 vard\u0131. Bir partili \u00e7al\u0131\u015fan\u0131m\u0131z\u0131 havaalan\u0131na b\u0131rakman\u0131n neresi gariptir\u201d diyen Tuncel, bas\u0131nda iki g\u00fcnd\u00fcr \u015fahs\u0131na y\u00f6nelik haberlerin bir \u201clin\u00e7 kampanyas\u0131\u201d oldu\u011funu s\u00f6yledi.<\/p>\n<p style=\"text-align: justify;\"><span style=\"text-decoration: underline;\">Tuncel\u2019in a\u00e7\u0131klamas\u0131n\u0131n bir b\u00f6l\u00fcm\u00fc \u015f\u00f6yle:<\/span><\/p>\n<p style=\"text-align: justify;\">-T\u00fcrkiye\u2019de muhalif siyaset yapman\u0131n \u00e7ok kolay olmad\u0131\u011f\u0131n\u0131n bilincindeyim. Hele bizim \u00fclkemiz gibi giderek otoriterle\u015fen, sosyal, ekonomik, k\u00fclt\u00fcrel ve siyasal ya\u015famda tek tiple\u015ftirilmeyi dayatan bir atmosferde, farkl\u0131 seslerin \u00e7\u0131kmas\u0131 sorular\u0131n sorulmas\u0131 hi\u00e7 de kabullenilmeyecek bir durumdur.<\/p>\n<p style=\"text-align: justify;\">&#8211; Kartepe adl\u0131 deniz otob\u00fcs\u00fcn\u00fcn ka\u00e7\u0131r\u0131lmas\u0131 sonras\u0131nda Mensur G\u00fczel adl\u0131 gencin \u201cNeden ikna edilmedi de infaz edildi?\u201d sorusu hen\u00fcz cevap bulmam\u0131\u015f ancak belikli bu soru yetkilileri, \u00f6zellikle \u0130stanbul valili\u011fi ve emniyetini \u00e7ok rahats\u0131z etmi\u015ftir. Bu sorunun cevab\u0131 verilece\u011fine \u201cbu soruyu soran sen misin?\u201d denilerek medya arac\u0131l\u0131\u011f\u0131yla lin\u00e7 kampanyas\u0131 ba\u015flat\u0131lm\u0131\u015ft\u0131r. Bu olay vesilesi ile \u201cpolis muhabirli\u011finin\u201d ne kadar yayg\u0131n oldu\u011funa bir kez daha tan\u0131kl\u0131k etmi\u015f oluyoruz.<\/p>\n<p style=\"text-align: justify;\">-\u00dcstelik bir cenazeye kat\u0131lmak sanki su\u00e7mu\u015f gibi yans\u0131t\u0131larak \u015fahs\u0131m hedef al\u0131nmaya devam edilmi\u015ftir. Orada ya\u015fam\u0131n\u0131 yitiren bir insand\u0131r ve cenazeye kat\u0131lmak, sahiplenmek hem dini hem de insani bir g\u00f6revdir.<\/p>\n<p style=\"text-align: justify;\">-Bak\u0131ld\u0131\u011f\u0131nda bu haberleri yapan bas\u0131n\u0131n yarg\u0131s\u0131z infazlar\u0131 da; AKP iktidar\u0131n\u0131n g\u00f6z alt\u0131larla, tutuklamalarla, t\u00fcm farkl\u0131 ve muhalif kesimleri bast\u0131rma politikas\u0131n\u0131n bir uzant\u0131s\u0131 olarak kar\u015f\u0131m\u0131za \u00e7\u0131kmaktad\u0131r. Sonu\u00e7 olarak ben ve partim BDP, AKP\u2019nin K\u00fcrt sorunun \u00e7\u00f6z\u00fcms\u00fczl\u00fc\u011f\u00fc kar\u015f\u0131s\u0131nda direnmeye devam etti\u011fimiz, sava\u015f politikalar\u0131na hay\u0131r dedi\u011fimiz, her \u015feye ra\u011fmen legal siyaset ve demokrasi dedi\u011fimiz i\u00e7in t\u00fcm bu lin\u00e7 kampanyalar\u0131na ve yarg\u0131s\u0131z infazlara, hukuksuzluklara maruz kal\u0131yoruz. Ancak \u015fahs\u0131m ad\u0131na sorular sormaya, yan\u0131tlar aramaya ve sorgulamaya devam edece\u011fimi belirtirim.<\/p>\n<p style=\"text-align: justify;\"><strong>KANAL D&#8217;N\u0130N HABER\u0130YLE ORTAYA \u00c7IKTI<\/strong><\/p>\n<p style=\"text-align: justify;\">\u0130zmit&#8217;te deniz otob\u00fcs\u00fcn\u00fc ka\u00e7\u0131ran ter\u00f6rist Mansur G\u00fczel&#8217;in karde\u015fi \u015eeyma G\u00fczel&#8217;in, Sebahat Tuncel taraf\u0131ndan Diyarbak\u0131r&#8217;a ka\u00e7\u0131r\u0131l\u0131rken yakaland\u0131\u011f\u0131 anla\u015f\u0131lm\u0131\u015ft\u0131. BDP Milletvekili Tuncel&#8217;in G\u00fczel&#8217;i V\u0130P&#8217;ten ge\u00e7irmek istedi\u011fi ortaya \u00e7\u0131kt\u0131.<\/p>\n<p style=\"text-align: justify;\">Polisler \u015eeyma G\u00fczel&#8217;i g\u00f6zalt\u0131na ald\u0131klar\u0131 s\u0131rada Tuncel&#8217;in arac\u0131ndan inerek polislerin \u00fczerine y\u00fcr\u00fcd\u00fc\u011f\u00fc, ancak polisin \u015eeyma G\u00fczel&#8217;i g\u00f6zalt\u0131na almakta kararl\u0131 davranmas\u0131 nedeniyle Tuncel&#8217;in vazge\u00e7ti\u011fi \u00f6\u011frenilmi\u015fti.<\/p>\n<p style=\"text-align: justify;\">\u015eeyma G\u00fczel, Sabahat Tuncel&#8217;in arabas\u0131ndan al\u0131nd\u0131ktan sonra \u00e7\u0131kar\u0131ld\u0131\u011f\u0131 mahkeme taraf\u0131ndan tutukland\u0131.<\/p>\n<p style=\"text-align: justify;\">[flv]http:\/\/video.radikal.com.tr\/video\/2011\/11\/15\/1641.flv[\/flv]<\/p>\n<p style=\"text-align: justify;\"><a href=\"http:\/\/www.radikal.com.tr\/Radikal.aspx?aType=RadikalDetayV3&amp;ArticleID=1069586&amp;Date=15.11.2011&amp;CategoryID=78\" target=\"_blank\">Kaynak : Radikal.com.tr<\/a><\/p>\n","protected":false},"excerpt":{"rendered":"<p style=\"text-align: center;\">\n<p style=\"text-align: justify;\">BDP Milletvekili Sabahat Tuncel, \u00f6ld\u00fcr\u00fclen ter\u00f6ristin karde\u015fi \u015eeyma G\u00fczel&#8217;in BDP&#8217;nin gen\u00e7lik meclisinde \u00e7al\u0131\u015ft\u0131\u011f\u0131 i\u00e7in tutukland\u0131\u011f\u0131n\u0131 a\u00e7\u0131klad\u0131, hedef g\u00f6sterildi\u011fini s\u00f6yledi.<\/p>\n","protected":false},"author":1,"featured_media":0,"comment_status":"open","ping_status":"open","sticky":false,"template":"","format":"standard","meta":{"footnotes":""},"categories":[105],"tags":[],"class_list":["post-42489","post","type-post","status-publish","format-standard","hentry","category-gundem","odd"],"_links":{"self":[{"href":"http:\/\/www.korhanyilmaz.com\/index.php?rest_route=\/wp\/v2\/posts\/42489","targetHints":{"allow":["GET"]}}],"collection":[{"href":"http:\/\/www.korhanyilmaz.com\/index.php?rest_route=\/wp\/v2\/posts"}],"about":[{"href":"http:\/\/www.korhanyilmaz.com\/index.php?rest_route=\/wp\/v2\/types\/post"}],"author":[{"embeddable":true,"href":"http:\/\/www.korhanyilmaz.com\/index.php?rest_route=\/wp\/v2\/users\/1"}],"replies":[{"embeddable":true,"href":"http:\/\/www.korhanyilmaz.com\/index.php?rest_route=%2Fwp%2Fv2%2Fcomments&post=42489"}],"version-history":[{"count":0,"href":"http:\/\/www.korhanyilmaz.com\/index.php?rest_route=\/wp\/v2\/posts\/42489\/revisions"}],"wp:attachment":[{"href":"http:\/\/www.korhanyilmaz.com\/index.php?rest_route=%2Fwp%2Fv2%2Fmedia&parent=42489"}],"wp:term":[{"taxonomy":"category","embeddable":true,"href":"http:\/\/www.korhanyilmaz.com\/index.php?rest_route=%2Fwp%2Fv2%2Fcategories&post=42489"},{"taxonomy":"post_tag","embeddable":true,"href":"http:\/\/www.korhanyilmaz.com\/index.php?rest_route=%2Fwp%2Fv2%2Ftags&post=42489"}],"curies":[{"name":"wp","href":"https:\/\/api.w.org\/{rel}","templated":true}]}}