{"id":42485,"date":"2011-11-15T15:49:07","date_gmt":"2011-11-15T13:49:07","guid":{"rendered":"http:\/\/www.korhanyilmaz.com\/?p=42485"},"modified":"2011-11-15T18:36:48","modified_gmt":"2011-11-15T16:36:48","slug":"suriye-ile-gerilen-iliskiler-elektrik-hattini-koparabilir","status":"publish","type":"post","link":"http:\/\/www.korhanyilmaz.com\/?p=42485","title":{"rendered":"Suriye ile gerilen ili\u015fkiler elektrik hatt\u0131n\u0131 koparabilir"},"content":{"rendered":"<p style=\"text-align: center;\"><a href=\"http:\/\/www.korhanyilmaz.com\/wp-content\/uploads\/2011\/11\/7097.jpg\"  class=\"lightview\"><img loading=\"lazy\" decoding=\"async\" class=\"aligncenter  wp-image-42486\" src=\"http:\/\/www.korhanyilmaz.com\/wp-content\/uploads\/2011\/11\/7097.jpg\" alt=\"\" width=\"336\" height=\"223\" \/><\/a><\/p>\n<p style=\"text-align: justify;\">Enerji ve Tabii Kaynaklar Bakan\u0131 Taner Y\u0131ld\u0131z, Suriye ile ili\u015fkiler konusunda, &#8220;\u015eu anda oraya elektrik veriyoruz. Bu seyir devam ederse t\u00fcm bu kararlar\u0131 g\u00f6zden ge\u00e7irmek zorunda kalabiliriz&#8221; dedi.<!--more--><\/p>\n<p style=\"text-align: justify;\">Bakan Y\u0131ld\u0131z, Suriye ile ili\u015fkiler konusunda, &#8221;\u015eu anda oraya elektrik veriyoruz. Bu seyir devam ederse t\u00fcm bu kararlar\u0131 g\u00f6zden ge\u00e7irmek zorunda kalabiliriz&#8221; dedi. Y\u0131ld\u0131z, \u00f6zel sekt\u00f6r\u00fcn \u00fcretimdeki pay\u0131n\u0131 y\u00fczde 75 d\u00fczeyine \u00e7\u0131karmak istediklerini belirterek, enerji borsas\u0131yla ilgili \u00e7al\u0131\u015fmalar\u0131n da olgunla\u015ft\u0131\u011f\u0131n\u0131 bildirdi. Y\u0131ld\u0131z, deprem b\u00f6lgesindeki vatanda\u015flar\u0131n yakla\u015f\u0131k 227 milyon lira civar\u0131ndaki elektrik bor\u00e7lar\u0131n\u0131n bir y\u0131l, faizsiz olarak ertelenece\u011fini kaydetti.<\/p>\n<p style=\"text-align: justify;\"><a href=\"http:\/\/www.radikal.com.tr\/Radikal.aspx?aType=RadikalDetayV3&amp;ArticleID=1069594&amp;Date=15.11.2011&amp;CategoryID=78\" target=\"_blank\">Kaynak : Radikal.com.tr<\/a><\/p>\n","protected":false},"excerpt":{"rendered":"<p style=\"text-align: center;\">\n<p style=\"text-align: justify;\">Enerji ve Tabii Kaynaklar Bakan\u0131 Taner Y\u0131ld\u0131z, Suriye ile ili\u015fkiler konusunda, &#8220;\u015eu anda oraya elektrik veriyoruz. Bu seyir devam ederse t\u00fcm bu kararlar\u0131 g\u00f6zden ge\u00e7irmek zorunda kalabiliriz&#8221; dedi.<\/p>\n","protected":false},"author":1,"featured_media":0,"comment_status":"open","ping_status":"open","sticky":false,"template":"","format":"standard","meta":{"footnotes":""},"categories":[105],"tags":[],"class_list":["post-42485","post","type-post","status-publish","format-standard","hentry","category-gundem","odd"],"_links":{"self":[{"href":"http:\/\/www.korhanyilmaz.com\/index.php?rest_route=\/wp\/v2\/posts\/42485","targetHints":{"allow":["GET"]}}],"collection":[{"href":"http:\/\/www.korhanyilmaz.com\/index.php?rest_route=\/wp\/v2\/posts"}],"about":[{"href":"http:\/\/www.korhanyilmaz.com\/index.php?rest_route=\/wp\/v2\/types\/post"}],"author":[{"embeddable":true,"href":"http:\/\/www.korhanyilmaz.com\/index.php?rest_route=\/wp\/v2\/users\/1"}],"replies":[{"embeddable":true,"href":"http:\/\/www.korhanyilmaz.com\/index.php?rest_route=%2Fwp%2Fv2%2Fcomments&post=42485"}],"version-history":[{"count":0,"href":"http:\/\/www.korhanyilmaz.com\/index.php?rest_route=\/wp\/v2\/posts\/42485\/revisions"}],"wp:attachment":[{"href":"http:\/\/www.korhanyilmaz.com\/index.php?rest_route=%2Fwp%2Fv2%2Fmedia&parent=42485"}],"wp:term":[{"taxonomy":"category","embeddable":true,"href":"http:\/\/www.korhanyilmaz.com\/index.php?rest_route=%2Fwp%2Fv2%2Fcategories&post=42485"},{"taxonomy":"post_tag","embeddable":true,"href":"http:\/\/www.korhanyilmaz.com\/index.php?rest_route=%2Fwp%2Fv2%2Ftags&post=42485"}],"curies":[{"name":"wp","href":"https:\/\/api.w.org\/{rel}","templated":true}]}}