{"id":4248,"date":"2009-03-01T08:59:23","date_gmt":"2009-03-01T06:59:23","guid":{"rendered":"http:\/\/www.korhanyilmaz.com\/?p=4248"},"modified":"2009-03-01T08:59:23","modified_gmt":"2009-03-01T06:59:23","slug":"yasak-elma-sanliurfada-mi-yendi","status":"publish","type":"post","link":"http:\/\/www.korhanyilmaz.com\/?p=4248","title":{"rendered":"Yasak elma \u015eanl\u0131urfa&#039;da m\u0131 yendi?"},"content":{"rendered":"<p><img loading=\"lazy\" decoding=\"async\" class=\"aligncenter size-full wp-image-4249\" title=\"Yasak elma \u015eanl\u0131urfa'da m\u0131 yendi?\" src=\"http:\/\/www.korhanyilmaz.com\/wp-content\/uploads\/2009\/03\/yesakkkkelmaaa.jpg\" alt=\"Yasak elma \u015eanl\u0131urfa'da m\u0131 yendi?\" width=\"352\" height=\"184\" \/><\/p>\n<p style=\"text-align: justify;\"><strong>D\u00fcnya bilim adamlar\u0131 bu soruyu tart\u0131\u015f\u0131yor&#8230;<\/strong><\/p>\n<p style=\"text-align: justify;\">\u015eanl\u0131urfa&#8217;da arkeologlar\u0131 \u015foke edecek d\u00fczeyde \u00f6nemli kal\u0131nt\u0131lar\u0131n bulundu\u011fu G\u00f6bekli Tepe hakk\u0131nda bir iddia ortaya at\u0131ld\u0131.<\/p>\n<p style=\"text-align: justify;\">Hayat\u0131n\u0131 buradaki kaz\u0131lara adayan Alman arkeolog Klaus Schmidt, Piramitler&#8217;den 7 bin 500 y\u0131l \u00f6nce in\u015fa edildi\u011fi tespit edilen bu mekan\u0131n Kutsal Kitaplar&#8217;da ad\u0131 Garden of Eden ya da &#8220;Cennet Bah\u00e7esi&#8221; olarak ge\u00e7en ve Adem ile Havva&#8217;n\u0131n yasak elma a\u011fac\u0131n\u0131n meyvesinden yiyerek kovulduklar\u0131 yer oldu\u011funu ileri s\u00fcrd\u00fc.<!--more--><\/p>\n<p style=\"text-align: justify;\">1994&#8217;te s\u00fcr\u00fcs\u00fcn\u00fc otlatan bir \u00e7oban, \u015eanl\u0131urfa&#8217;n\u0131n 15 km kuzey do\u011fusundaki G\u00f6bekli Tepe&#8217;-de dikd\u00f6rtgen \u015feklinde \u00fczerinde oymalar olan ta\u015flar buldu, yetkililere g\u00f6t\u00fcrd\u00fc. Vatan Gazetesi&#8217;nde de yer alan habere g\u00f6re \u0130stanbul&#8217;daki Alman Arkeoloji Enstit\u00fcs\u00fc g\u00f6revlisi Klaus Schmidt, b\u00f6lgeye giderek incelemelere ba\u015flad\u0131. Kaz\u0131larda \u015fimdiye dek \u00e7\u0131kar\u0131lan 45 adet T \u015feklindeki ta\u015f an\u0131t\u0131n \u00fczerinde yabani domuz, \u00f6rdek, y\u0131lan, aslan, bal\u0131k ve avc\u0131l\u0131k yapan insan fig\u00fcrleri var. Daha y\u00fczlerce ta\u015f an\u0131t\u0131n \u00e7\u0131kar\u0131lmay\u0131 bekledi\u011fi b\u00f6lgenin tap\u0131nak olarak kullan\u0131ld\u0131\u011f\u0131n\u0131 tahmin ediliyor.<\/p>\n<p style=\"text-align: justify;\"><strong>UZMANLAR HEYECANLI<\/strong><\/p>\n<p style=\"text-align: justify;\">\u0130ngiliz Daily Mail gazetesinin konu\u015ftu\u011fu bilim adamlar\u0131, &#8220;Medeniyetten ve her \u015feyden \u00f6nce G\u00f6bekli Tepe vard\u0131&#8221; ifadesini kulland\u0131. \u0130\u015fte b\u00f6lgeyi inceleyen uzmanlar\u0131n tepkileri:<\/p>\n<p style=\"text-align: justify;\">&#8211; Stanford \u00dcniversitesi&#8217;nden Ian Hodder: G\u00f6bekli Tepe tarihle ilgili bildi\u011fimiz her \u015feyin de\u011fi\u015fmesine sebep olacak.<\/p>\n<p style=\"text-align: justify;\">&#8211; Witwatersrand \u00dcniversitesi&#8217;nden David Lewis Williams: G\u00f6bekli Tepe tarihin gelmi\u015f ge\u00e7mi\u015f en b\u00fcy\u00fck arkeolojik ke\u015ffi.<\/p>\n<p style=\"text-align: justify;\">&#8211; Reading \u00dcniversitesi&#8217;nden Steve Mithen: Buras\u0131 insan akl\u0131n\u0131n anlamakta zorlanaca\u011f\u0131 kadar ola\u011fan\u00fcst\u00fc.<\/p>\n<p style=\"text-align: justify;\">&#8211; Alman arkeolog Klaus Schmidt: T\u00fcm kan\u0131tlar g\u00f6steriyor ki buras\u0131 insanl\u0131\u011f\u0131n do\u011fdu\u011fu yer. G\u00f6bekli Tepe, Adem&#8217;le Havva&#8217;n\u0131n ya\u015fad\u0131\u011f\u0131 Cennet Bah\u00e7esi&#8217;ndeki bir tap\u0131nakt\u0131.<\/p>\n<p style=\"text-align: justify;\"><span style=\"color: #888888;\">Kaynak : Habert\u00fcrk<\/span><\/p>\n","protected":false},"excerpt":{"rendered":"<\/p>\n<p style=\"text-align: justify;\">D\u00fcnya bilim adamlar\u0131 bu soruyu tart\u0131\u015f\u0131yor&#8230;<\/p>\n<p style=\"text-align: justify;\">\u015eanl\u0131urfa&#8217;da arkeologlar\u0131 \u015foke edecek d\u00fczeyde \u00f6nemli kal\u0131nt\u0131lar\u0131n bulundu\u011fu G\u00f6bekli Tepe hakk\u0131nda bir iddia ortaya at\u0131ld\u0131.<\/p>\n<p style=\"text-align: justify;\">Hayat\u0131n\u0131 buradaki kaz\u0131lara adayan Alman arkeolog Klaus Schmidt, Piramitler&#8217;den 7 bin 500 y\u0131l \u00f6nce in\u015fa edildi\u011fi tespit edilen bu mekan\u0131n Kutsal Kitaplar&#8217;da ad\u0131 Garden of Eden ya <\/p>\n","protected":false},"author":1,"featured_media":0,"comment_status":"open","ping_status":"closed","sticky":false,"template":"","format":"standard","meta":{"footnotes":""},"categories":[7],"tags":[],"class_list":["post-4248","post","type-post","status-publish","format-standard","hentry","category-ekonomi","odd"],"_links":{"self":[{"href":"http:\/\/www.korhanyilmaz.com\/index.php?rest_route=\/wp\/v2\/posts\/4248","targetHints":{"allow":["GET"]}}],"collection":[{"href":"http:\/\/www.korhanyilmaz.com\/index.php?rest_route=\/wp\/v2\/posts"}],"about":[{"href":"http:\/\/www.korhanyilmaz.com\/index.php?rest_route=\/wp\/v2\/types\/post"}],"author":[{"embeddable":true,"href":"http:\/\/www.korhanyilmaz.com\/index.php?rest_route=\/wp\/v2\/users\/1"}],"replies":[{"embeddable":true,"href":"http:\/\/www.korhanyilmaz.com\/index.php?rest_route=%2Fwp%2Fv2%2Fcomments&post=4248"}],"version-history":[{"count":0,"href":"http:\/\/www.korhanyilmaz.com\/index.php?rest_route=\/wp\/v2\/posts\/4248\/revisions"}],"wp:attachment":[{"href":"http:\/\/www.korhanyilmaz.com\/index.php?rest_route=%2Fwp%2Fv2%2Fmedia&parent=4248"}],"wp:term":[{"taxonomy":"category","embeddable":true,"href":"http:\/\/www.korhanyilmaz.com\/index.php?rest_route=%2Fwp%2Fv2%2Fcategories&post=4248"},{"taxonomy":"post_tag","embeddable":true,"href":"http:\/\/www.korhanyilmaz.com\/index.php?rest_route=%2Fwp%2Fv2%2Ftags&post=4248"}],"curies":[{"name":"wp","href":"https:\/\/api.w.org\/{rel}","templated":true}]}}