{"id":42478,"date":"2011-11-15T13:32:02","date_gmt":"2011-11-15T11:32:02","guid":{"rendered":"http:\/\/www.korhanyilmaz.com\/?p=42478"},"modified":"2011-11-15T18:30:51","modified_gmt":"2011-11-15T16:30:51","slug":"bdp-mecliste-kalsa-ne-olur-kalmasa-ne-olur","status":"publish","type":"post","link":"http:\/\/www.korhanyilmaz.com\/?p=42478","title":{"rendered":"&#8216;BDP Meclis&#8217;te kalsa ne olur kalmasa ne olur&#8217;"},"content":{"rendered":"<p style=\"text-align: center;\"><a href=\"http:\/\/www.korhanyilmaz.com\/wp-content\/uploads\/2011\/11\/7095.jpg\"  class=\"lightview\"><img loading=\"lazy\" decoding=\"async\" class=\"aligncenter  wp-image-42479\" src=\"http:\/\/www.korhanyilmaz.com\/wp-content\/uploads\/2011\/11\/7095.jpg\" alt=\"\" width=\"336\" height=\"223\" \/><\/a><\/p>\n<p style=\"text-align: justify;\">Ba\u015fbakan Erdo\u011fan partisinin grup toplant\u0131s\u0131nda yapt\u0131\u011f\u0131 konu\u015fmada CHP ve BDP&#8217;yi sert s\u00f6zlerle ele\u015ftirdi.<\/p>\n<p style=\"text-align: justify;\">Ba\u015fbakan Recep Tayyip Erdo\u011fan konu\u015fmas\u0131nda, Suriye&#8217;de T\u00fcrk B\u00fcy\u00fckel\u00e7ili\u011fi&#8217;ne yap\u0131lan sald\u0131r\u0131lar ve T\u00fcrk Bayra\u011f\u0131&#8217;n\u0131n yak\u0131lmak istenmesiyle ilgili olarak Esad y\u00f6netimine tepki g\u00f6sterdi. Erdo\u011fan, Esad&#8217;a ad\u0131yla seslenerek, &#8221;Tarih boyunca, Ay y\u0131ld\u0131zl\u0131 T\u00fcrk Bayra\u011f\u0131\u2019na uzanan her el cevab\u0131n\u0131 alm\u0131\u015ft\u0131r. Be\u015far, sen T\u00fcrk bayra\u011f\u0131na sald\u0131ranlar\u0131 bulup gereken cezay\u0131 vermek durumundas\u0131n&#8221; dedi.\u00a0<!--more--><\/p>\n<p style=\"text-align: justify;\">Meclis \u0130dare Amiri Salim Uslu&#8217;nun CHP&#8217;li Kamer Gen\u00e7&#8217;i k\u00fcrs\u00fcden iterek uzakla\u015ft\u0131rmas\u0131na da de\u011finen Ba\u015fbakan, &#8221;K\u0131l\u0131\u00e7daro\u011flu \u00f6nce Genel Kurul&#8217;u ter\u00f6rize eden \u015fovmen ve k\u00fcf\u00fcrbazlara ahlak dersi versin&#8221; dedi. BDP&#8217;yi de ele\u015ftiren Erdo\u011fan, &#8221;BDP Meclis&#8217;te kalsa ne olur, \u00e7ekilse ne olur&#8221; s\u00f6zlerini kulland\u0131.<\/p>\n<p style=\"text-align: justify;\"><span style=\"text-decoration: underline;\">\u0130\u015fte Ba\u015fbakan&#8217;\u0131n konu\u015fmas\u0131ndan sat\u0131r ba\u015flar\u0131:<\/span><\/p>\n<p style=\"text-align: justify;\">&#8220;Su\u00e7 \u00f6rg\u00fctlerine avukatl\u0131k yapan, \u00fcye olmak i\u00e7in can atan CHP, Meclis Genel Kurulu\u2019nu da ter\u00f6rize etmekten ka\u00e7\u0131nm\u0131yor. Ge\u00e7en olan hadise. \u00c7\u0131k\u0131yor Meclis k\u00fcrs\u00fcs\u00fcn\u00fc adeta i\u015fgal ediyor. Meclis Ba\u015fkan vekili kendisini uyar\u0131yor. \u00c7ekilmiyor. \u0130dare Amiri\u2019ni g\u00f6reve \u00e7a\u011f\u0131r\u0131yor. Ondan sonra idare amiri g\u00f6revini yaparken, ilk oradaki yanl\u0131\u015f fiili durum malum milletvekilinden geliyor. Tabi\u00ee ki idare amiri de g\u00f6revinin gere\u011fini yap\u0131yor. Ne oldu? Bunlar\u0131n destek k\u0131talar\u0131 var devreye giriyor ve \u00e7\u0131k\u0131yor bu genel ba\u015fkan, milletvekilimizin ge\u00e7mi\u015fteki sendikalar\u0131ndan bahsediyor. Ge\u00e7 bu i\u015fleri ge\u00e7. Siyaset bu kadar basit de\u011fil. Ge\u00e7en d\u00f6nem parlamentoda senin T\u00fcrkiye\u2019nin en b\u00fcy\u00fck sendikas\u0131n\u0131n ba\u015fkan\u0131 \u00fcyendi. Onun nelere bindi\u011fini, nelere sahip oldu\u011funu i\u015f\u00e7i d\u00fcnyas\u0131 \u00e7ok iyi bilir. Bu i\u015flerle u\u011fra\u015fma. Ben Mercedes\u2019e binmiyorum, Audi\u2019ye biniyorum. Bununla bu milleti aldatamazs\u0131n. Anadolu\u2019da vatanda\u015flar\u0131m diyor ki, \u201cBunlar\u0131n dediklerine bakmay\u0131n. S\u00fcr e\u015fe\u011fi Ni\u011fde\u2019ye\u201d<\/p>\n<p style=\"text-align: justify;\"><strong>&#8216;TUTUKLULUK S\u00dcRELER\u0130 UZUYORSA S\u0130Z\u0130N Y\u00dcZ\u00dcN\u00dcZDEN&#8217;<\/strong><\/p>\n<p style=\"text-align: justify;\">&#8220;Eline diline dursun ya. ne protokol\u00fc yapm\u0131\u015f\u0131z? Hangi protokol yap\u0131lm\u0131\u015f? Neyin s\u00f6z\u00fcn\u00fc vermi\u015fiz. Tutukluluk s\u00fcreleri uzuyorsa o da sizin y\u00fcz\u00fcn\u00fczden. Bu zihniyetle devam etti\u011finiz s\u00fcrece bu s\u00fcre\u00e7ler k\u0131salmaz. Ana muhalefetin genel ba\u015fkan\u0131 g\u00f6revini yapan idare amirine hakaret etmeyi b\u0131raks\u0131n. Genel kurulu ter\u00f6rize eden kendi partisi i\u00e7indeki k\u00fcf\u00fcrbazlara, \u00f6nce bir ahlak dersi versin. Muhalefetin millet diye bir derdi olmayabilir. Ama bizim derdimiz. \u00c7\u00f6z\u00fcm \u00fcretmeye devam edece\u011fiz.<\/p>\n<p style=\"text-align: justify;\"><strong>&#8216;VAN&#8217;DA G\u00d6RMED\u0130\u011e\u0130M\u0130Z BDP&#8217;Y\u0130 TER\u00d6R\u0130ST CENAZES\u0130NDE G\u00d6R\u00dcYORUZ&#8217;<\/strong><\/p>\n<p style=\"text-align: justify;\">&#8220;Van\u2019da deprem b\u00f6lgesinde g\u00f6remedi\u011fimiz BDP\u2019yi ter\u00f6rist cenazelerinde g\u00f6r\u00fcyoruz. Ter\u00f6rle aralar\u0131na mesafe koymak \u015f\u00f6yle dursun, ter\u00f6re aleni destek veren tutum i\u00e7ine girdiler. O kadar ki aileler yeter art\u0131k dedi\u011fi halde, BDP ac\u0131l\u0131 ailelerine dahi bask\u0131 uyguluyor. 14-15 ya\u015f\u0131nda \u00e7ocuklar ka\u00e7\u0131r\u0131l\u0131yor. Birer \u00f6l\u00fcm makinesi olarak intihara yollan\u0131yor. Kanl\u0131 ter\u00f6r \u00f6rg\u00fct\u00fcn\u00fcn yede\u011finde siyaset yapanlar bilsinler ki o kan onlar\u0131n da \u00fczerine s\u0131\u00e7ramaktad\u0131r. Ter\u00f6r \u00f6rg\u00fct\u00fcn\u00fcn her insanl\u0131k d\u0131\u015f\u0131 eyleminde s\u0131\u00e7rayan kan, ter\u00f6ristler kadar art\u0131k BDP\u2019nin de eline y\u00fcz\u00fcne bula\u015f\u0131yor. BDP\u2019ye bir kez daha \u00e7a\u011fr\u0131 yap\u0131yorum ter\u00f6r \u00f6rg\u00fct\u00fcne art\u0131k mesafe koyun. Onun vesayetinden \u00e7\u0131k\u0131n.<\/p>\n<p style=\"text-align: justify;\"><strong>&#8216;CESARET\u0130N\u0130Z VARSA TER\u00d6R \u00d6RG\u00dcT\u00dcNE ELE\u015eT\u0130R\u0130 GET\u0130R\u0130N&#8217;<\/strong><\/p>\n<p style=\"text-align: justify;\">&#8220;Bu bir bumerang gibi yar\u0131n sizi de bulabilir. Kendi ayaklar\u0131n\u0131z \u00fczerinde, kendi h\u00fcr iradenizle siyaset \u00fcretin. E\u011fer kendinizde bu iradeyi g\u00f6remiyorsan\u0131z, Diyarbak\u0131r\u2019da ter\u00f6r \u00f6rg\u00fct\u00fcne isyan eden o y\u00fcrekli anne babalardan biraz ders al\u0131n. E\u011fer isyan edemiyorsan\u0131z, gidin Do\u011fu\u2019da G\u00fcneydo\u011fu\u2019da yeter art\u0131k diyen, benim ad\u0131ma \u00f6ld\u00fcrme diyen K\u00fcrt karde\u015flerimden kahramanl\u0131k \u00f6\u011frenin. Cesaretiniz varsa, ter\u00f6r \u00f6rg\u00fct\u00fcne ufak bir ele\u015ftiri getirin. Ter\u00f6r \u00f6rg\u00fct\u00fc mensubu 5 kad\u0131n militan \u00f6rg\u00fctten ka\u00e7arken yakalan\u0131yor. Bu 5 kad\u0131na g\u00fcnlerce i\u015fkence yap\u0131l\u0131yor ve 5\u2019i de \u00f6ld\u00fcr\u00fcl\u00fcyor. Onlarla birlikte ka\u00e7an \u0130ranl\u0131 bir kad\u0131n\u0131n itiraf\u0131yla bu katliam bir sene sonra ortaya \u00e7\u0131k\u0131yor.&#8221;<\/p>\n<p style=\"text-align: justify;\">&#8220;BDP\u2019liler insanl\u0131k ad\u0131na, bar\u0131\u015f ad\u0131na, demokrasi ad\u0131na bunu sorgulamak yerine, adeta bu cinayetin \u00fczerini \u00f6rtmek amac\u0131yla kalk\u0131p o kad\u0131nlar\u0131n ailelerine taziyeye gidiyor. Yahu nas\u0131l bakt\u0131n\u0131z o annelerin y\u00fcz\u00fcne, g\u00f6z\u00fcne? Hangi y\u00fczle taziyeye gittiniz? \u00d6rg\u00fct\u00fcn yalan\u0131n\u0131 onlara nas\u0131l izah ettiniz? O 5 kad\u0131n\u0131n infaz\u0131n\u0131 neden sorgulayam\u0131yorsunuz? Sizi bu kadar m\u0131 korkuttular? Kendi h\u00fcr iradenizle siyaset yapamayacak kadar korkak m\u0131s\u0131n\u0131z?&#8221;<\/p>\n<p style=\"text-align: justify;\">&#8220;KCK operasyonlar\u0131 i\u00e7in dediklerimden rahats\u0131z olmu\u015ftur. Ne diyecektim? \u0130yi mi yapt\u0131n\u0131z diyecektim? Siz bu iktidar\u0131 devletin i\u00e7inde bir devlet yap\u0131lanmas\u0131n\u0131 \u00f6veceksiniz, alk\u0131\u015flayacaks\u0131n\u0131z? Ni\u00e7in h\u00fck\u00fcmet ni\u00e7in devlet \u00e7\u00f6z\u00fcm \u00fcretmiyor diye bizleri ele\u015ftireceksiniz. Biz kalk\u0131p da devletin i\u00e7inde devlet yap\u0131lanmas\u0131n\u0131 ortaya koyarsak rahats\u0131z olacaks\u0131n\u0131z.&#8221;<\/p>\n<p style=\"text-align: justify;\"><strong>&#8216;BDP MECL\u0130S&#8217;TE KALSA NE OLUR, \u00c7EK\u0130LSE NE OLUR&#8217;<\/strong><\/p>\n<p style=\"text-align: justify;\">&#8220;Da\u011fdan emir al\u0131p Meclis\u2019ten \u00e7ekilmeyi d\u00fc\u015f\u00fcnenler kalsalar ne olur? \u00c7ekilseler ne olur? Onlar olmasa da Meclis \u00e7al\u0131\u015fmaya devam eder. Neymi\u015f Diyarbak\u0131r\u2019da parlamentolar\u0131 varm\u0131\u015f. B\u00f6yle sa\u00e7mal\u0131k olur mu? Bu \u00fclkede bizler sizlere asla b\u00f6yle bir yap\u0131lanman\u0131n m\u00fcsaadesini vermeyiz.&#8221;<\/p>\n<p style=\"text-align: justify;\"><a href=\"http:\/\/www.radikal.com.tr\/Radikal.aspx?aType=RadikalDetayV3&amp;ArticleID=1069580&amp;Date=15.11.2011&amp;CategoryID=78\" target=\"_blank\">Kaynak : Radikal.com.tr<\/a><\/p>\n","protected":false},"excerpt":{"rendered":"<p style=\"text-align: center;\">\n<p style=\"text-align: justify;\">Ba\u015fbakan Erdo\u011fan partisinin grup toplant\u0131s\u0131nda yapt\u0131\u011f\u0131 konu\u015fmada CHP ve BDP&#8217;yi sert s\u00f6zlerle ele\u015ftirdi.<\/p>\n<p style=\"text-align: justify;\">Ba\u015fbakan Recep Tayyip Erdo\u011fan konu\u015fmas\u0131nda, Suriye&#8217;de T\u00fcrk B\u00fcy\u00fckel\u00e7ili\u011fi&#8217;ne yap\u0131lan sald\u0131r\u0131lar ve T\u00fcrk Bayra\u011f\u0131&#8217;n\u0131n yak\u0131lmak istenmesiyle ilgili olarak Esad y\u00f6netimine tepki g\u00f6sterdi. Erdo\u011fan, Esad&#8217;a ad\u0131yla seslenerek, &#8221;Tarih boyunca, Ay y\u0131ld\u0131zl\u0131 T\u00fcrk Bayra\u011f\u0131\u2019na uzanan her el cevab\u0131n\u0131 <\/p>\n","protected":false},"author":1,"featured_media":0,"comment_status":"open","ping_status":"open","sticky":false,"template":"","format":"standard","meta":{"footnotes":""},"categories":[105],"tags":[],"class_list":["post-42478","post","type-post","status-publish","format-standard","hentry","category-gundem","odd"],"_links":{"self":[{"href":"http:\/\/www.korhanyilmaz.com\/index.php?rest_route=\/wp\/v2\/posts\/42478","targetHints":{"allow":["GET"]}}],"collection":[{"href":"http:\/\/www.korhanyilmaz.com\/index.php?rest_route=\/wp\/v2\/posts"}],"about":[{"href":"http:\/\/www.korhanyilmaz.com\/index.php?rest_route=\/wp\/v2\/types\/post"}],"author":[{"embeddable":true,"href":"http:\/\/www.korhanyilmaz.com\/index.php?rest_route=\/wp\/v2\/users\/1"}],"replies":[{"embeddable":true,"href":"http:\/\/www.korhanyilmaz.com\/index.php?rest_route=%2Fwp%2Fv2%2Fcomments&post=42478"}],"version-history":[{"count":0,"href":"http:\/\/www.korhanyilmaz.com\/index.php?rest_route=\/wp\/v2\/posts\/42478\/revisions"}],"wp:attachment":[{"href":"http:\/\/www.korhanyilmaz.com\/index.php?rest_route=%2Fwp%2Fv2%2Fmedia&parent=42478"}],"wp:term":[{"taxonomy":"category","embeddable":true,"href":"http:\/\/www.korhanyilmaz.com\/index.php?rest_route=%2Fwp%2Fv2%2Fcategories&post=42478"},{"taxonomy":"post_tag","embeddable":true,"href":"http:\/\/www.korhanyilmaz.com\/index.php?rest_route=%2Fwp%2Fv2%2Ftags&post=42478"}],"curies":[{"name":"wp","href":"https:\/\/api.w.org\/{rel}","templated":true}]}}