{"id":42461,"date":"2011-11-15T14:06:55","date_gmt":"2011-11-15T12:06:55","guid":{"rendered":"http:\/\/www.korhanyilmaz.com\/?p=42461"},"modified":"2011-11-15T15:10:23","modified_gmt":"2011-11-15T13:10:23","slug":"yargilamalarin-hizlandirilmasina-calisiliyor","status":"publish","type":"post","link":"http:\/\/www.korhanyilmaz.com\/?p=42461","title":{"rendered":"&#8216;Yarg\u0131lamalar\u0131n h\u0131zland\u0131r\u0131lmas\u0131na \u00e7al\u0131\u015f\u0131l\u0131yor&#8217;"},"content":{"rendered":"<p style=\"text-align: center;\"><a href=\"http:\/\/www.korhanyilmaz.com\/wp-content\/uploads\/2011\/11\/7092.jpg\"  class=\"lightview\"><img loading=\"lazy\" decoding=\"async\" class=\"aligncenter  wp-image-42462\" src=\"http:\/\/www.korhanyilmaz.com\/wp-content\/uploads\/2011\/11\/7092.jpg\" alt=\"\" width=\"322\" height=\"241\" \/><\/a><\/p>\n<p style=\"text-align: justify;\">Adalet Bakan\u0131 Sadullah Ergin, yarg\u0131lamalar\u0131n h\u0131zland\u0131r\u0131lmas\u0131na y\u00f6nelik olarak mevzuat\u0131n taranmas\u0131 \u00e7al\u0131\u015fmalar\u0131na hali haz\u0131rda devam edildi\u011fini belirterek, bu konuda haz\u0131rlanmakta olan yeni bir kanun tasar\u0131s\u0131n\u0131n da yak\u0131n zamanda T\u00fcrkiye B\u00fcy\u00fck Millet Meclisi&#8217;ne sunulaca\u011f\u0131n\u0131 kaydetti.<!--more--><\/p>\n<p style=\"text-align: justify;\">Ankara- &#8220;Avrupa \u0130nsan Haklar\u0131 Mahkemesi&#8217;nin (A\u0130HM) T\u00fcrkiye Hakk\u0131nda Verdi\u011fi \u0130hlal Kararlar\u0131na Esas Alanlar\u0131n Tespiti ve \u0130hlallerin Ortadan Kald\u0131r\u0131lmas\u0131na Y\u00f6nelik \u00c7\u00f6z\u00fcm \u00d6nerileri&#8221; konulu y\u00fcksek d\u00fczeyli konferans ve \u00e7al\u0131\u015ftay Ankara Hilton Otel&#8217;de ba\u015flad\u0131. \u00c7al\u0131\u015ftaya Ba\u015fbakan Recep Tayyip Erdo\u011fan, Adalet Bakan\u0131 Sadullah Ergin, Avrupa Konseyi Genel Sekreteri Thorbjorn Jagland, Anayasa Mahkemesi Ba\u015fkan\u0131 Ha\u015fim K\u0131l\u0131\u00e7, Yarg\u0131tay Ba\u015fkan\u0131 Naz\u0131m Kaynak, Dan\u0131\u015ftay Bakan\u0131 H\u00fcseyin Karakulluk\u00e7u ve \u00e7ok say\u0131da y\u00fcksek yarg\u0131 mensubu kat\u0131ld\u0131.<\/p>\n<p style=\"text-align: justify;\"><strong>Bakan: \u00dclkenin geli\u015fmi\u015fli\u011fi etkin adalet sistemiyle \u00f6l\u00e7\u00fcl\u00fcr\u00a0<\/strong><\/p>\n<p style=\"text-align: justify;\">\u00dc\u00e7 g\u00fcn s\u00fcrecek olan \u00e7al\u0131\u015ftay\u0131n a\u00e7\u0131l\u0131\u015f konu\u015fmas\u0131n\u0131 yapan Bakan Ergin, insan haklar\u0131n\u0131n devletler taraf\u0131ndan bireylere sunulan bir l\u00fctuf olmad\u0131\u011f\u0131n\u0131 ifade ederek, insan haklar\u0131n\u0131n g\u00fcvenceye al\u0131nmas\u0131n\u0131n insanl\u0131k tarihinin en b\u00fcy\u00fck m\u00fccadelelerinden biri oldu\u011funu kaydetti. \u0130nsan haklar\u0131n\u0131n g\u00fcn\u00fcm\u00fcze b\u00fct\u00fcn medeni \u00fclkelerin ortak paydas\u0131 oldu\u011funu s\u00f6yleyen Ergin, insan haklar\u0131n\u0131n siyasi iktidarlar\u0131n me\u015fruiyet g\u00f6steren en \u00f6nemli kavramlar\u0131ndan bir tanesi oldu\u011funu s\u00f6yledi. T\u00fcrkiye&#8217;nin de taraf oldu\u011fu Avrupa \u0130nsan Haklar\u0131 S\u00f6zle\u015fmesi&#8217;nin yapt\u0131r\u0131m sistemi bak\u0131m\u0131ndan en \u00f6nemli uluslararas\u0131 belgelerden biri oldu\u011funu belirten Ergin, &#8220;Zira, Mahkeme taraf\u0131ndan verilen bir ihlal karar\u0131, ilgili taraf devlete yapt\u0131r\u0131m uygulanmas\u0131 yan\u0131nda, taraf devletin insan haklar\u0131 alan\u0131nda uluslararas\u0131 imaj\u0131n\u0131n zedelenmesi sonucunu da do\u011furmaktad\u0131r. \u0130nsan haklar\u0131n\u0131n korunmas\u0131, statik de\u011fil daima de\u011fi\u015fen, geli\u015fen, dinamik bir yap\u0131ya sahiptir. Bu ba\u011flamda, Avrupa \u0130nsan Haklar\u0131 S\u00f6zle\u015fmesinde d\u00fczenlenen haklar S\u00f6zle\u015fmenin yorumu niteli\u011findeki Avrupa \u0130nsan Haklar\u0131 Mahkemesi i\u00e7tihatlar\u0131 ile s\u00fcrekli geli\u015fmektedir. Mahkeme i\u00e7tihatlar\u0131 ile yorumlanan S\u00f6zle\u015fme, Anayasam\u0131z\u0131n 90. maddesi gere\u011fince i\u00e7 hukukumuzun bir par\u00e7as\u0131 haline gelerek, temel hak ve \u00f6zg\u00fcrl\u00fcklerin korunmas\u0131nda \u00e7ok \u00f6nemli bir rol oynamaktad\u0131r&#8221; dedi.<\/p>\n<p style=\"text-align: justify;\">Ergin \u00fcye devletlerin yap\u0131sal sorunlar\u0131ndan kaynaklanan ba\u015fvurular\u0131n, Mahkemenin toplam i\u015f y\u00fck\u00fcn\u00fcn y\u00fczde 85&#8217;ini olu\u015fturdu\u011funu ve bu nedenle \u00fcye devletlerin, sorunlar\u0131na \u00e7\u00f6z\u00fcm ararken Mahkemeye g\u00f6t\u00fcr\u00fclen ba\u015fvuru t\u00fcrlerini ve bu do\u011frultuda geli\u015fen i\u00e7tihatlar\u0131 g\u00f6z \u00f6n\u00fcne almas\u0131 gerekti\u011fini vurgulad\u0131. Bir \u00fclkenin geli\u015fmi\u015fli\u011finin sadece ekonomisinin g\u00fc\u00e7l\u00fc olmas\u0131 ile de\u011fil, ayn\u0131 zamanda etkin bir adalet sistemine sahip olmas\u0131 ile \u00f6l\u00e7\u00fcld\u00fc\u011f\u00fcn\u00fc belirten Ergin, 12 Eyl\u00fcl 2010 tarihinde yap\u0131lan de\u011fi\u015fiklikle, yarg\u0131 ba\u011f\u0131ms\u0131zl\u0131\u011f\u0131 ve tarafs\u0131zl\u0131\u011f\u0131n\u0131n g\u00fc\u00e7lendirildi\u011fini, bilgi edinme ve kamu denet\u00e7isine ba\u015fvurma hakk\u0131n\u0131n Anayasal g\u00fcvenceye kavu\u015fturularak, bireysel ba\u015fvuru hakk\u0131 tan\u0131nd\u0131\u011f\u0131n\u0131 kaydetti. Ergin, 23 Eyl\u00fcl 2012 tarihinden itibaren uygulanmaya ba\u015flayacak olan, Anayasa Mahkemesi&#8217;ne bireysel ba\u015fvuru yolunun etkin olarak i\u015fletilmesiyle T\u00fcrkiye&#8217;den Avrupa \u0130nsan Haklar\u0131 Mahkemesi&#8217;ne yap\u0131lan ba\u015fvurular\u0131n say\u0131s\u0131nda \u00f6nemli bir azalma olaca\u011f\u0131n\u0131n \u00f6ng\u00f6r\u00fcld\u00fc\u011f\u00fcn\u00fc ifade etti.<\/p>\n<p style=\"text-align: justify;\">Ergin, yarg\u0131lamalar\u0131n h\u0131zland\u0131r\u0131lmas\u0131na y\u00f6nelik olarak mevzuat\u0131n taranmas\u0131 \u00e7al\u0131\u015fmalar\u0131na ise hali haz\u0131rda devam edildi\u011fini belirterek, bu konuda haz\u0131rlanmakta olan yeni bir kanun tasar\u0131s\u0131n\u0131n da yak\u0131n zamanda T\u00fcrkiye B\u00fcy\u00fck Millet Meclisi&#8217;ne sunulaca\u011f\u0131n\u0131 kaydetti. Ergin, A\u0130HM nezdinde T\u00fcrkiye aleyhine yap\u0131lan ba\u015fvurularda savunman\u0131n haz\u0131rlanmas\u0131, ihlallerin \u00f6n\u00fcne ge\u00e7ilebilmesi ve bu husustaki sorunlara kal\u0131c\u0131 \u00e7\u00f6z\u00fcmler bulunabilmesi amac\u0131yla &#8220;\u0130nsan Haklar\u0131 Daire Ba\u015fkanl\u0131\u011f\u0131&#8221; kuruldu\u011funu da an\u0131msat\u0131rken, bu organizasyonun temel amac\u0131n\u0131n da T\u00fcrkiye ile ilgili ihl\u00e2l kararlar\u0131na yol a\u00e7an yap\u0131sal sorunlar\u0131, uygulama problemlerini tespit etmek ve bu sorunlar\u0131n ortadan kald\u0131r\u0131lmas\u0131na y\u00f6nelik \u00e7\u00f6z\u00fcm \u00f6nerileri geli\u015ftirmek oldu\u011funu kaydetti. Ergin, \u00e7al\u0131\u015fma gruplar\u0131 taraf\u0131ndan tespit edilen \u00f6nerilerin bir bildiri haline d\u00f6n\u00fc\u015ft\u00fcr\u00fclerek, Mahkemenin ihlal karar\u0131na konu sorunlar\u0131n ortadan kald\u0131r\u0131lmas\u0131 amac\u0131yla Bakanl\u0131k\u00e7a haz\u0131rlanacak &#8220;Eylem Plan\u0131&#8221;na temel te\u015fkil edece\u011fini kaydetti.<\/p>\n<p style=\"text-align: justify;\"><strong>Jagland: \u0130fade \u00f6zg\u00fcrl\u00fc\u011f\u00fc ilerleme i\u00e7in gereklidir\u00a0<\/strong><\/p>\n<p style=\"text-align: justify;\">Avrupa Konseyi Genel Sekreteri Thorbjorn Jagland ise A\u0130HM&#8217;in T\u00fcrkiye i\u00e7in 150&#8217;den fazla davada ifade \u00f6zg\u00fcrl\u00fc\u011f\u00fcn\u00fcn ihlal edildi\u011fini tespit etti\u011fi ifade ederken, davalar\u0131n ve tutukluluk s\u00fcrelerinin uzunlu\u011funa dikkat \u00e7ekti. Konu\u015fmas\u0131nda, Ba\u015fbakan Recep Tayyip Erdo\u011fan&#8217;\u0131n \u015fiir okudu\u011fu gerek\u00e7esiyle 2002 se\u00e7imlerinde milletvekili se\u00e7ilemedi\u011fini an\u0131msatan Jagland, &#8220;T\u00fcrkiye daha sonra do\u011fru yolu buldu. Ba\u015fbakan oldunuz, enerji katt\u0131n\u0131z. Tarihsel bir d\u00f6nemde Ba\u015fbakanl\u0131k ediyorsunuz. Sizin olman\u0131zla insan haklar\u0131 daha ileriye g\u00f6t\u00fcr\u00fclecek&#8221; dedi.<\/p>\n<p style=\"text-align: justify;\">Van&#8217;da ya\u015fanan depremden dolay\u0131 \u00fcz\u00fcnt\u00fcs\u00fcn\u00fc dile getiren Jagland, bu toplant\u0131n amac\u0131n\u0131n A\u0130HM&#8217;de T\u00fcrkiye aleyhine \u00e7\u0131kan kararlara \u00e7\u00f6z\u00fcm bulmaya y\u00f6nelik oldu\u011funu kaydetti. Bu toplant\u0131n\u0131n T\u00fcrkiye&#8217;de insan haklar\u0131n\u0131n korunmas\u0131nda yarg\u0131n\u0131n ciddiye al\u0131nd\u0131\u011f\u0131n\u0131n bir g\u00f6stergesi oldu\u011funu kaydeden Jagland, \u015f\u00f6yle konu\u015ftu: &#8220;\u00dcye devletler mahkeme taraf\u0131ndan verilen kararlar\u0131n sorumlu\u011funu almal\u0131d\u0131r. T\u00fcrkiye A\u0130HM&#8217;de 16 binden fazla ba\u015fvuru ile ikinci s\u0131radad\u0131r. 2010 y\u0131l\u0131nda \u00f6nemli de\u011fi\u015fikliler yap\u0131ld\u0131. Anayasa Mahkemesine tan\u0131nan bireysel ba\u015fvuru hakk\u0131 ile A\u0130HM&#8217;e yap\u0131lan ba\u015fvurular d\u00fc\u015fecektir. Adalet Bakanl\u0131\u011f\u0131 i\u00e7in de \u0130nsan Haklar\u0131 Ba\u015fkanl\u0131\u011f\u0131 kuruldu. A\u0130HM 150&#8217;den fazla davada ifade \u00f6zg\u00fcrl\u00fc\u011f\u00fcn\u00fcn ihlal edildi\u011fini tespit etti. Bu davalar medyayla ve gazetecilerin ifade \u00f6zg\u00fcrl\u00fc\u011f\u00fc ile ilgili Avrupa \u0130nsan Haklar\u0131 S\u00f6zle\u015fmesi ifade \u00f6zg\u00fcrl\u00fc\u011f\u00fcn\u00fc korumaya alm\u0131\u015ft\u0131r. Devletin baz\u0131 uygulamalar\u0131ndan bir kesim rahats\u0131z olabilir. Ancak ifade \u00f6zg\u00fcrl\u00fc\u011f\u00fcn\u00fcn olmamas\u0131 t\u00fcm kesimler i\u00e7in \u00e7ok zararl\u0131d\u0131r. \u0130fade \u00f6zg\u00fcrl\u00fc\u011f\u00fc ilerleme i\u00e7in gereklidir.&#8221;<\/p>\n<p style=\"text-align: justify;\">T\u00fcrkiye&#8217;deki davalar\u0131n ve tutukluluk s\u00fcrelerinin uzunlu\u011funa dikkat \u00e7eken Jagland, &#8220;Siyasi iradenin bu konuda bir de\u011fi\u015fiklik ortaya koyabilece\u011fine ikna olmu\u015f durumday\u0131m. Eksiklikler t\u00fcm k\u0131tada bulunabilir, \u00f6nemli olan bu sorunlar\u0131 ele almak i\u00e7in nelerin yap\u0131labilece\u011fidir&#8221; dedi.<\/p>\n<p style=\"text-align: justify;\"><strong>&#8216;Vicdan\u0131 ret konusnda MSB \u00e7al\u0131\u015f\u0131yor&#8217;\u00a0<\/strong><\/p>\n<p style=\"text-align: justify;\">Bakan Ergin, &#8220;Avrupa \u0130nsan Haklar\u0131 Mahkemesi&#8217;nin (A\u0130HM) T\u00fcrkiye Hakk\u0131nda Verdi\u011fi \u0130hlal Kararlar\u0131na Esas Alanlar\u0131n Tespiti ve \u0130hlallerin Ortadan Kald\u0131r\u0131lmas\u0131na Y\u00f6nelik \u00c7\u00f6z\u00fcm \u00d6nerileri&#8221; konulu y\u00fcksek d\u00fczeyli konferans ve \u00e7al\u0131\u015ftay\u0131nda gazetecilerin sorular\u0131n\u0131 yan\u0131tlad\u0131. Bir gazetecinin bedelli askerlik ve vicdani retle ilgili yap\u0131lmas\u0131 planlanan d\u00fczenlemelerin ayn\u0131 zamana denk gelmesinin raslant\u0131 olup olmad\u0131\u011f\u0131n\u0131 sormas\u0131 \u00fczerine Ergin, bunun raslant\u0131 oldu\u011funu, konuyla ilgili \u00f6zel bir gayret i\u00e7inde bulunmad\u0131klar\u0131n\u0131 ifade etti. Vicdani retle ilgili konunun \u00e7al\u0131\u015fma a\u015famas\u0131nda oldu\u011fu s\u00f6yleyen Ergin &#8220;De\u011ferlendirmeler masaya konulacak, uygun g\u00f6r\u00fclmesi halinde meclise getirilecektir. D\u00fczenlemenin i\u00e7ini g\u00f6rmeden yap\u0131lan yorumlar yanl\u0131\u015f olur&#8221; dedi.<\/p>\n<p style=\"text-align: justify;\">A\u0130HM&#8217;nin konuyla ilgili ihlal karar\u0131n\u0131 an\u0131msatan Adalet Bakan\u0131 s\u00f6zlerine \u015f\u00f6yle devam etti: &#8220;A\u0130HM diyor ki, siz ayn\u0131 konuda vicdani ret nedeniyle askere gitmedi\u011fi i\u00e7in h\u00fcrriyeti ba\u011flay\u0131c\u0131 bir ceza verdiniz. Cezas\u0131n\u0131 infaz ettiniz, ceza bittikten sonra ayn\u0131 fiilden yarg\u0131l\u0131yor, tekrar ceza veriyorsunuz. Ayn\u0131 eylemden dolay\u0131 birden \u00e7ok ceza verilmesini adil yarg\u0131lanma hakk\u0131na ayk\u0131r\u0131 buldu\u011fu i\u00e7in T\u00fcrkiye&#8217;yi mahk\u00fbm etmi\u015ftir. Dolay\u0131s\u0131yla biz buradaki ihlali baz al\u0131yoruz. Ona g\u00f6re de\u011ferlendiriyoruz.&#8221; Ergin, vicdani retle ilgili Milli Savunma Bakanl\u0131\u011f\u0131&#8217;nda bir \u00e7al\u0131\u015fma yap\u0131ld\u0131\u011f\u0131n\u0131 vurgulad\u0131.<\/p>\n<p style=\"text-align: justify;\"><a href=\"http:\/\/www.cumhuriyet.com.tr\/?kn=6&amp;hn=293102\" target=\"_blank\">Kaynak : Cumhuriyet Haber Portal\u0131<\/a><\/p>\n","protected":false},"excerpt":{"rendered":"<p style=\"text-align: center;\">\n<p style=\"text-align: justify;\">Adalet Bakan\u0131 Sadullah Ergin, yarg\u0131lamalar\u0131n h\u0131zland\u0131r\u0131lmas\u0131na y\u00f6nelik olarak mevzuat\u0131n taranmas\u0131 \u00e7al\u0131\u015fmalar\u0131na hali haz\u0131rda devam edildi\u011fini belirterek, bu konuda haz\u0131rlanmakta olan yeni bir kanun tasar\u0131s\u0131n\u0131n da yak\u0131n zamanda T\u00fcrkiye B\u00fcy\u00fck Millet Meclisi&#8217;ne sunulaca\u011f\u0131n\u0131 kaydetti.<\/p>\n","protected":false},"author":1,"featured_media":0,"comment_status":"open","ping_status":"open","sticky":false,"template":"","format":"standard","meta":{"footnotes":""},"categories":[105],"tags":[],"class_list":["post-42461","post","type-post","status-publish","format-standard","hentry","category-gundem","odd"],"_links":{"self":[{"href":"http:\/\/www.korhanyilmaz.com\/index.php?rest_route=\/wp\/v2\/posts\/42461","targetHints":{"allow":["GET"]}}],"collection":[{"href":"http:\/\/www.korhanyilmaz.com\/index.php?rest_route=\/wp\/v2\/posts"}],"about":[{"href":"http:\/\/www.korhanyilmaz.com\/index.php?rest_route=\/wp\/v2\/types\/post"}],"author":[{"embeddable":true,"href":"http:\/\/www.korhanyilmaz.com\/index.php?rest_route=\/wp\/v2\/users\/1"}],"replies":[{"embeddable":true,"href":"http:\/\/www.korhanyilmaz.com\/index.php?rest_route=%2Fwp%2Fv2%2Fcomments&post=42461"}],"version-history":[{"count":0,"href":"http:\/\/www.korhanyilmaz.com\/index.php?rest_route=\/wp\/v2\/posts\/42461\/revisions"}],"wp:attachment":[{"href":"http:\/\/www.korhanyilmaz.com\/index.php?rest_route=%2Fwp%2Fv2%2Fmedia&parent=42461"}],"wp:term":[{"taxonomy":"category","embeddable":true,"href":"http:\/\/www.korhanyilmaz.com\/index.php?rest_route=%2Fwp%2Fv2%2Fcategories&post=42461"},{"taxonomy":"post_tag","embeddable":true,"href":"http:\/\/www.korhanyilmaz.com\/index.php?rest_route=%2Fwp%2Fv2%2Ftags&post=42461"}],"curies":[{"name":"wp","href":"https:\/\/api.w.org\/{rel}","templated":true}]}}