{"id":42454,"date":"2011-11-15T09:42:30","date_gmt":"2011-11-15T07:42:30","guid":{"rendered":"http:\/\/www.korhanyilmaz.com\/?p=42454"},"modified":"2011-11-15T11:46:19","modified_gmt":"2011-11-15T09:46:19","slug":"vicdani-rette-flas-gelisme","status":"publish","type":"post","link":"http:\/\/www.korhanyilmaz.com\/?p=42454","title":{"rendered":"&#8220;Vicdani Ret&#8221;te fla\u015f geli\u015fme"},"content":{"rendered":"<p style=\"text-align: center;\"><a href=\"http:\/\/www.korhanyilmaz.com\/wp-content\/uploads\/2011\/11\/70891.jpg\"  class=\"lightview\"><img loading=\"lazy\" decoding=\"async\" class=\"aligncenter  wp-image-42455\" src=\"http:\/\/www.korhanyilmaz.com\/wp-content\/uploads\/2011\/11\/70891.jpg\" alt=\"\" width=\"320\" height=\"214\" \/><\/a><\/p>\n<p style=\"text-align: justify;\">Adalet Bakan\u0131 Sadullah Ergin, vicdani ret konusunda Milli Savunma Bakanl\u0131\u011f\u0131&#8217;n\u0131n bir \u00e7al\u0131\u015fma haz\u0131rlad\u0131\u011f\u0131n\u0131 belirterek, &#8220;Bu hafta i\u00e7inde olmazsa \u00f6n\u00fcm\u00fczdeki hafta i\u00e7inde karar a\u015famas\u0131na gelinmi\u015f olacak. \u00c7ok k\u0131sa s\u00fcre i\u00e7inde bunu Bakanlar Kurulu&#8217;nda g\u00f6r\u00fc\u015fece\u011fiz&#8221; dedi.\u00a0<!--more--><\/p>\n<p style=\"text-align: justify;\">T\u00fcrkiye&#8217;nin Avrupa \u0130nsan Haklar\u0131 Mahkemesindeki dava s\u00fcre\u00e7lerinde D\u0131\u015fi\u015fleri Bakanl\u0131\u011f\u0131 ile Adalet Bakanl\u0131\u011f\u0131 aras\u0131ndaki i\u015fbirli\u011finin daha etkin hale getirilmesi ve s\u00fcrecin h\u0131zland\u0131r\u0131lmas\u0131na ili\u015fkin \u00e7al\u0131\u015fmalar D\u0131\u015fi\u015fleri Bakanl\u0131\u011f\u0131nda D\u0131\u015fi\u015fleri Bakan\u0131 Ahmet Davuto\u011flu ve Adalet Bakan\u0131 Sadullah Ergin taraf\u0131ndan bir bas\u0131n toplant\u0131s\u0131yla de\u011ferlendirildi.<\/p>\n<p style=\"text-align: justify;\">Bas\u0131n toplant\u0131s\u0131nda bir gazetecinin vicdani ret ile ilgili sorusu \u00fczerine Ergin, konuyla ilgili olarak Milli Savunma Bakanl\u0131\u011f\u0131n\u0131n bir \u00e7al\u0131\u015fma haz\u0131rlad\u0131\u011f\u0131n\u0131 belirterek, &#8220;Bu hafta i\u00e7inde olmazsa \u00f6n\u00fcm\u00fczdeki hafta i\u00e7inde karar a\u015famas\u0131na gelinmi\u015f olacak. \u00c7ok k\u0131sa s\u00fcre i\u00e7inde bunu Bakanlar Kurulu&#8217;nda g\u00f6r\u00fc\u015fece\u011fiz. Bu konu \u00f6teden beri T\u00fcrkiye&#8217;den beklenen bir konuydu. Milli Savunma Bakanl\u0131\u011f\u0131m\u0131z ile bu konuyu takip ediyoruz. Onlar belli bir haz\u0131rl\u0131k yapt\u0131klar\u0131n\u0131 ifade ettiler. K\u0131sa s\u00fcre i\u00e7erisinde \u00e7al\u0131\u015fmalar\u0131n\u0131 Ba\u015fbakanl\u0131\u011fa tevdi edecekler&#8221; diye konu\u015ftu.<\/p>\n<p style=\"text-align: justify;\">T\u00fcrkiye daha \u00f6nce bu konuda tazminata mahkum edilmi\u015fti. Avrupa Konseyi de T\u00fcrkiye&#8217;ye bu konuda uyar\u0131da bulunmu\u015ftu.<\/p>\n<p style=\"text-align: justify;\"><strong>Milli Savunma Bakan\u0131: D\u0131\u015fardaki \u00f6rneklere bak\u0131ld\u0131\u00a0<\/strong><\/p>\n<p style=\"text-align: justify;\">Milli Savunma Bakan\u0131 \u0130smet Y\u0131lmaz, &#8220;vicdani ret&#8221; ile ilgili olarak, yurtd\u0131\u015f\u0131ndaki \u00f6rneklerinin incelendi\u011fini belirterek, &#8220;Arkada\u015flar bakt\u0131lar, ortak bir \u00e7al\u0131\u015fmay\u0131 getirecekler&#8221; dedi.<\/p>\n<p style=\"text-align: justify;\"><a href=\"http:\/\/www.cnnturk.com\/2011\/turkiye\/11\/14\/vicdani.rette.flas.gelisme\/636728.0\/index.html\" target=\"_blank\">Kaynak : CNN T\u00dcRK<\/a><\/p>\n","protected":false},"excerpt":{"rendered":"<p style=\"text-align: center;\">\n<p style=\"text-align: justify;\">Adalet Bakan\u0131 Sadullah Ergin, vicdani ret konusunda Milli Savunma Bakanl\u0131\u011f\u0131&#8217;n\u0131n bir \u00e7al\u0131\u015fma haz\u0131rlad\u0131\u011f\u0131n\u0131 belirterek, &#8220;Bu hafta i\u00e7inde olmazsa \u00f6n\u00fcm\u00fczdeki hafta i\u00e7inde karar a\u015famas\u0131na gelinmi\u015f olacak. \u00c7ok k\u0131sa s\u00fcre i\u00e7inde bunu Bakanlar Kurulu&#8217;nda g\u00f6r\u00fc\u015fece\u011fiz&#8221; dedi. <\/p>\n","protected":false},"author":1,"featured_media":0,"comment_status":"open","ping_status":"open","sticky":false,"template":"","format":"standard","meta":{"footnotes":""},"categories":[105],"tags":[],"class_list":["post-42454","post","type-post","status-publish","format-standard","hentry","category-gundem","odd"],"_links":{"self":[{"href":"http:\/\/www.korhanyilmaz.com\/index.php?rest_route=\/wp\/v2\/posts\/42454","targetHints":{"allow":["GET"]}}],"collection":[{"href":"http:\/\/www.korhanyilmaz.com\/index.php?rest_route=\/wp\/v2\/posts"}],"about":[{"href":"http:\/\/www.korhanyilmaz.com\/index.php?rest_route=\/wp\/v2\/types\/post"}],"author":[{"embeddable":true,"href":"http:\/\/www.korhanyilmaz.com\/index.php?rest_route=\/wp\/v2\/users\/1"}],"replies":[{"embeddable":true,"href":"http:\/\/www.korhanyilmaz.com\/index.php?rest_route=%2Fwp%2Fv2%2Fcomments&post=42454"}],"version-history":[{"count":0,"href":"http:\/\/www.korhanyilmaz.com\/index.php?rest_route=\/wp\/v2\/posts\/42454\/revisions"}],"wp:attachment":[{"href":"http:\/\/www.korhanyilmaz.com\/index.php?rest_route=%2Fwp%2Fv2%2Fmedia&parent=42454"}],"wp:term":[{"taxonomy":"category","embeddable":true,"href":"http:\/\/www.korhanyilmaz.com\/index.php?rest_route=%2Fwp%2Fv2%2Fcategories&post=42454"},{"taxonomy":"post_tag","embeddable":true,"href":"http:\/\/www.korhanyilmaz.com\/index.php?rest_route=%2Fwp%2Fv2%2Ftags&post=42454"}],"curies":[{"name":"wp","href":"https:\/\/api.w.org\/{rel}","templated":true}]}}