{"id":42451,"date":"2011-11-15T00:36:33","date_gmt":"2011-11-14T22:36:33","guid":{"rendered":"http:\/\/www.korhanyilmaz.com\/?p=42451"},"modified":"2011-11-15T11:49:16","modified_gmt":"2011-11-15T09:49:16","slug":"vanda-5-2-buyuklugunde-deprem","status":"publish","type":"post","link":"http:\/\/www.korhanyilmaz.com\/?p=42451","title":{"rendered":"Van&#8217;da 5.2 b\u00fcy\u00fckl\u00fc\u011f\u00fcnde deprem"},"content":{"rendered":"<p style=\"text-align: justify;\"><a href=\"http:\/\/www.korhanyilmaz.com\/wp-content\/uploads\/2011\/11\/7090.jpg\"  class=\"lightview\"><img loading=\"lazy\" decoding=\"async\" class=\"aligncenter size-full wp-image-42452\" title=\"\" src=\"http:\/\/www.korhanyilmaz.com\/wp-content\/uploads\/2011\/11\/7090.jpg\" alt=\"\" width=\"313\" height=\"188\" \/><\/a><\/p>\n<p style=\"text-align: justify;\">Van\u2019da gece yar\u0131s\u0131 Richter \u00f6l\u00e7e\u011fine g\u00f6re 5.2 b\u00fcy\u00fckl\u00fc\u011f\u00fcnde deprem meydana geldi. \u015eiddetli hissedilen depremde can ve mal kayb\u0131 ya\u015fanmad\u0131. Bo\u011fazi\u00e7i \u00dcniversitesi Kandilli Rasathanesi ve Deprem Ara\u015ft\u0131rma Enstit\u00fcs\u00fc Ulusal Deprem \u0130zleme Merkezi (UD\u0130M) M\u00fcd\u00fcr\u00fc Do\u011fan Kalafat, 5,2 b\u00fcy\u00fckl\u00fc\u011f\u00fcndeki depremin 7.2&#8217;lik ana depremin art\u00e7\u0131s\u0131 oldu\u011funu s\u00f6yledi.\u00a0<!--more--><\/p>\n<p style=\"text-align: justify;\">Bo\u011fazi\u00e7i \u00dcniversitesi Kandilli Rasathanesi ve Deprem Ara\u015ft\u0131rma Enstit\u00fcs\u00fc Ulusal Deprem \u0130zleme Merkez\u2019i verilerine g\u00f6re, saat 00.08\u2019de merkez\u00fcss\u00fc Van Mollakas\u0131m\u2019da 5.2 b\u00fcy\u00fckl\u00fc\u011f\u00fcnde deprem meydana geldi. 23 Ekim\u2019de meydana gelen 7.2 b\u00fcy\u00fckl\u00fc\u011f\u00fcndeki depremin ard\u0131ndan be\u015fik gibi sallanan Van\u2019da, son depremde \u015fiddetli hissedildi. Halk aras\u0131nda endi\u015fe yaratan depremde ilk belirlemelere g\u00f6re can kayb\u0131 ya\u015fanmad\u0131.<\/p>\n<p style=\"text-align: justify;\">Van\u2019da daha \u00f6nce meydana gelen 7.2 b\u00fcy\u00fckl\u00fc\u011f\u00fcndeki depremde 605, 5.6 b\u00fcy\u00fckl\u00fc\u011f\u00fcndeki depremde ise aralar\u0131nda 2 DHA muhabirinin de bulundu\u011fu 40 ki\u015fi ya\u015fam\u0131n\u0131 yitirmi\u015fti.<\/p>\n<p style=\"text-align: justify;\">Van&#8217;da d\u00fcn Saat 18.47&#8217;de merkez \u00fcss\u00fc Van G\u00f6l\u00fc olan 4.5 ve d\u00fcn saat 18.54&#8217;te merkez \u00fcss\u00fc Van Muradiye Ku\u015f\u00e7u olan 4.2 b\u00fcy\u00fckl\u00fc\u011f\u00fcnde iki deprem daha meydana gelmi\u015fti.<\/p>\n<p style=\"text-align: justify;\"><strong>HASTA VE YAKINLARI BAH\u00c7EYE KA\u00c7I\u015eTI\u00a0<\/strong><\/p>\n<p style=\"text-align: justify;\">Depremi \u015fiddeti hisseden Van\u2019da hastanelerde personel ile hasta ve refakat\u00e7\u0131lar\u0131 da korku i\u00e7inde d\u0131\u015far\u0131ya ka\u00e7\u0131\u015ft\u0131. Van E\u011fitim ve Ara\u015ft\u0131rma Hastanesi\u2019nde yeni apandist ameliyat\u0131 oldu\u011funu belirten \u00d6zcan Asl\u0131, da sars\u0131nt\u0131 ile birlikte \u00fczerine ald\u0131\u011f\u0131 battaniye ile hastane ba\u015f\u00e7esine \u00e7\u0131kt\u0131. \u00d6zcan Asl\u0131, &#8220;\u00c7ok k\u00f6t\u00fc salland\u0131k, b\u00fcy\u00fck bir panik ya\u015fand\u0131. Ben de hasta yata\u011f\u0131mdan \u00e7\u0131karak d\u0131\u015far\u0131ya att\u0131m. Ne yapaca\u011f\u0131m\u0131 bilmiyorum. Bu halimle nereye gidece\u011fimi de bilmiyorum&#8221; dedi.<\/p>\n<p style=\"text-align: justify;\">Bu arada g\u00fcnlerdir be\u015fik gibi sallanan ve bu nedenle bir\u00e7ok hasarl\u0131 binan\u0131n bulundu\u011fu Van\u2019da ekipler, yeni y\u0131k\u0131m olup olmad\u0131\u011f\u0131n\u0131n belirlenmesi i\u00e7in cadde ve sokaklarda incelemelerini s\u00fcrd\u00fcr\u00fcyor.<\/p>\n<p style=\"text-align: justify;\"><strong>&#8216;7.2&#8217;L\u0130K ANA DEPREM\u0130N ART\u00c7ISI&#8217;\u00a0<\/strong><\/p>\n<p style=\"text-align: justify;\">Bo\u011fazi\u00e7i \u00dcniversitesi Kandilli Rasathanesi ve Deprem Ara\u015ft\u0131rma Enstit\u00fcs\u00fc Ulusal Deprem \u0130zleme Merkezi (UD\u0130M) M\u00fcd\u00fcr\u00fc Do\u011fan Kalafat, Van&#8217;da saat 00.08 s\u0131ralar\u0131nda meydana gelen 5,2 b\u00fcy\u00fckl\u00fc\u011f\u00fcndeki depremin 7.2&#8217;lik ana depremin art\u00e7\u0131s\u0131 oldu\u011funu belirterek, \u201cZaman zaman 4.9-5.0&#8217;a yak\u0131n art\u00e7\u0131lar olabilece\u011fini s\u00f6ylemi\u015ftik. Endi\u015felenecek bir \u015fey yok\u201d dedi.<\/p>\n<p style=\"text-align: justify;\"><strong>&#8216;DEPREM HASARLI B\u0130NALARDA YIKILMALAR YARATAB\u0130L\u0130R&#8217;\u00a0<\/strong><\/p>\n<p style=\"text-align: justify;\">\u0130stanbul \u00dcniversitesi M\u00fchendislik Fak\u00fcltesi Jeofizik M\u00fchendisli\u011fi B\u00f6l\u00fcm\u00fc \u00d6\u011fretim \u00dcyesi Yard\u0131mc\u0131 Do\u00e7ent O\u011fuz G\u00fcndo\u011fdu, Van&#8217;da gece meydana gelen 5.2 b\u00fcy\u00fckl\u00fc\u011f\u00fcndeki depreme ili\u015fkin de\u011ferlendirmesinde, \u201cBu fay i\u00e7in ilk a\u00e7\u0131klamalarda &#8216;hayalet fay&#8217; ya da &#8216;k\u00f6r fay&#8217; demi\u015flerdi. \u0130\u015fte biz de bir deneyi ya\u015f\u0131yoruz. Bunun nerede bitece\u011fi, nas\u0131l olaca\u011f\u0131 konusunda bir \u015feyler s\u00f6ylemek \u00e7ok zor. \u00c7\u00fcnk\u00fc y\u00fczeyde hi\u00e7 g\u00f6r\u00fcnmeyen bir fay bu\u201d dedi.<\/p>\n<p style=\"text-align: justify;\">G\u00fcndo\u011fdu, daha \u00f6nceki sars\u0131nt\u0131lar\u0131n bir k\u0131sm\u0131n\u0131n g\u00f6l\u00fcn i\u00e7erisinde oldu\u011funu ifade etti. \u201cBu, bence &#8216;k\u0131r\u0131k ilerlemesi&#8217; diyebilece\u011fimiz bir olay. Yani Van&#8217;dan uzakta say\u0131l\u0131r ama Van&#8217;a hasar verici olaca\u011f\u0131n\u0131 sanm\u0131yorum\u201d diyen G\u00fcndo\u011fdu, buna kar\u015f\u0131n Van&#8217;daki binalar\u0131n durumunun \u00e7ok k\u00f6t\u00fc oldu\u011funu hat\u0131rlatt\u0131. G\u00fcndo\u011fdu, \u201cBu nedenle bu deprem hasarl\u0131 binalarda k\u0131smen y\u0131k\u0131lmalar yaratabilecek bir b\u00fcy\u00fckl\u00fc\u011fe sahip. \u00c7\u00fcnk\u00fc Van bir enkaz haline d\u00f6nd\u00fc Bu kadar fazla depreme yakalan\u0131nca ayakta duranlar dahi \u00e7ok tehlikeli. Art\u0131k insanlar evlerine girecek cesareti bulam\u0131yorlar kendilerinde\u201d diye konu\u015ftu.<\/p>\n<p style=\"text-align: justify;\"><strong>\u201cBU FAYLANMA TARZINI BUG\u00dcNE KADAR G\u00d6RMED\u0130M\u201d\u00a0<\/strong><\/p>\n<p style=\"text-align: justify;\">Bu faylanma tarz\u0131n\u0131 bug\u00fcne kadar g\u00f6rmedi\u011fini belirten G\u00fcndo\u011fdu, \u015f\u00f6yle devam etti:<\/p>\n<p style=\"text-align: justify;\">\u201cGeriye do\u011fru da bakt\u0131m, b\u00f6yle bir olay yok. B\u00f6yle bir olay \u0130zmir k\u00f6rfezinde oldu ama bu kadar b\u00fcy\u00fck depremden sonra bu kadar b\u00fcy\u00fck k\u0131r\u0131lmalarla devam etti\u011fini g\u00f6rmedim. Bu fay i\u00e7in de ilk a\u00e7\u0131klamalarda &#8216;hayalet fay&#8217; ya da &#8216;k\u00f6r fay&#8217; demi\u015flerdi. \u0130\u015fte biz de bir deneyi ya\u015f\u0131yoruz. Bunun nerede bitece\u011fi, nas\u0131l olaca\u011f\u0131 konusunda bir \u015feyler s\u00f6ylemek \u00e7ok zor. \u00c7\u00fcnk\u00fc y\u00fczeyde hi\u00e7 g\u00f6r\u00fcnmeyen bir fay bu. B\u00f6yle de olunca, daha do\u011frusu k\u0131r\u0131lman\u0131n devam edece\u011fi enerjiden ziyade, ters fay oldu\u011fu i\u00e7in k\u0131r\u0131lman\u0131n bitmesini beklemek zorunda insanlar ama bunun \u015fu g\u00fcnde olaca\u011f\u0131n\u0131 s\u00f6ylemeyiz.<\/p>\n<p style=\"text-align: justify;\">Bir de oradaki yerel ko\u015fullarda \u00e7ok zorlan\u0131yorlar ama yapacak da \u00e7ok fazla bir \u015fey yok do\u011frusu. \u00d6nemli bir ihtimal olarak k\u0131r\u0131lmayla alakal\u0131 oldu\u011funu s\u00f6yleyebiliriz ama esas olarak mekanizma \u00e7\u00f6z\u00fcmlerini verdiklerinde bunu netle\u015ftirebiliriz. Edremit&#8217;teki depremin mekanizmas\u0131 tamamen farkl\u0131yd\u0131 ve ona ba\u011f\u0131ms\u0131z deprem tan\u0131s\u0131n\u0131 koymu\u015ftuk. Ancak depremin y\u00fcksek b\u00fcy\u00fckl\u00fckte art\u00e7\u0131lar \u00fcretmesi b\u00f6lgede sorun olu\u015fturuyor.\u201d<\/p>\n<p style=\"text-align: justify;\"><strong>\u201cG\u00dcVEN\u0130LMEYEN B\u0130NALARA G\u0130RMEK AKILLICA B\u0130R \u015eEY DE\u011e\u0130L\u201d\u00a0<\/strong><\/p>\n<p style=\"text-align: justify;\">G\u00fcndo\u011fdu, orta hasarl\u0131 binalar\u0131n kanunen m\u00fch\u00fcrlenmesi gerekti\u011finin alt\u0131n\u0131 \u00e7izerek, \u015funlar\u0131 kaydetti:<\/p>\n<p style=\"text-align: justify;\">\u201cDevaml\u0131 sallan\u0131rken zaten kimse evine girmez. Baz\u0131lar\u0131 &#8216;ben korkmuyorum&#8217; deyip evine giriyor ama orta hasarl\u0131 olarak belirlenen yerlere girmek yasakt\u0131r. Onar\u0131m g\u00f6r\u00fcnceye kadar veya y\u0131k\u0131l\u0131ncaya kadar girilmemesi gerekiyor. Hafif hasarl\u0131lara girilir. Bunu da iyi d\u00fc\u015f\u00fcnmek gerekiyor. Bir yeri hafif hasarl\u0131 ilan etmek i\u00e7in olduk\u00e7a zaman laz\u0131m. Fakat zaman da yetmiyor. \u00c7\u00fcnk\u00fc a\u00e7\u0131kta kalan insanlar var. Ancak buralara giren insanlar\u0131n da kuvvetli bir art\u00e7\u0131 ile tehlike kar\u015f\u0131s\u0131nda kalacaklar\u0131 d\u00fc\u015f\u00fcn\u00fcl\u00fcnce olay karma\u015f\u0131k hale geliyor. Ama g\u00fcvenilmeyen binalara girmek ak\u0131ll\u0131ca bir \u015fey de\u011fil.\u201d<\/p>\n<p style=\"text-align: justify;\"><a href=\"http:\/\/www.hurriyet.com.tr\/gundem\/19242888.asp\" target=\"_blank\">Kaynak : H\u00fcrriyet.com.tr<\/a><\/p>\n","protected":false},"excerpt":{"rendered":"<p style=\"text-align: justify;\">\n<p style=\"text-align: justify;\">Van\u2019da gece yar\u0131s\u0131 Richter \u00f6l\u00e7e\u011fine g\u00f6re 5.2 b\u00fcy\u00fckl\u00fc\u011f\u00fcnde deprem meydana geldi. \u015eiddetli hissedilen depremde can ve mal kayb\u0131 ya\u015fanmad\u0131. Bo\u011fazi\u00e7i \u00dcniversitesi Kandilli Rasathanesi ve Deprem Ara\u015ft\u0131rma Enstit\u00fcs\u00fc Ulusal Deprem \u0130zleme Merkezi (UD\u0130M) M\u00fcd\u00fcr\u00fc Do\u011fan Kalafat, 5,2 b\u00fcy\u00fckl\u00fc\u011f\u00fcndeki depremin 7.2&#8217;lik ana depremin art\u00e7\u0131s\u0131 oldu\u011funu s\u00f6yledi. <\/p>\n","protected":false},"author":1,"featured_media":0,"comment_status":"open","ping_status":"open","sticky":false,"template":"","format":"standard","meta":{"footnotes":""},"categories":[105],"tags":[],"class_list":["post-42451","post","type-post","status-publish","format-standard","hentry","category-gundem","odd"],"_links":{"self":[{"href":"http:\/\/www.korhanyilmaz.com\/index.php?rest_route=\/wp\/v2\/posts\/42451","targetHints":{"allow":["GET"]}}],"collection":[{"href":"http:\/\/www.korhanyilmaz.com\/index.php?rest_route=\/wp\/v2\/posts"}],"about":[{"href":"http:\/\/www.korhanyilmaz.com\/index.php?rest_route=\/wp\/v2\/types\/post"}],"author":[{"embeddable":true,"href":"http:\/\/www.korhanyilmaz.com\/index.php?rest_route=\/wp\/v2\/users\/1"}],"replies":[{"embeddable":true,"href":"http:\/\/www.korhanyilmaz.com\/index.php?rest_route=%2Fwp%2Fv2%2Fcomments&post=42451"}],"version-history":[{"count":0,"href":"http:\/\/www.korhanyilmaz.com\/index.php?rest_route=\/wp\/v2\/posts\/42451\/revisions"}],"wp:attachment":[{"href":"http:\/\/www.korhanyilmaz.com\/index.php?rest_route=%2Fwp%2Fv2%2Fmedia&parent=42451"}],"wp:term":[{"taxonomy":"category","embeddable":true,"href":"http:\/\/www.korhanyilmaz.com\/index.php?rest_route=%2Fwp%2Fv2%2Fcategories&post=42451"},{"taxonomy":"post_tag","embeddable":true,"href":"http:\/\/www.korhanyilmaz.com\/index.php?rest_route=%2Fwp%2Fv2%2Ftags&post=42451"}],"curies":[{"name":"wp","href":"https:\/\/api.w.org\/{rel}","templated":true}]}}