{"id":42434,"date":"2011-11-14T18:18:27","date_gmt":"2011-11-14T16:18:27","guid":{"rendered":"http:\/\/www.korhanyilmaz.com\/?p=42434"},"modified":"2011-11-14T23:00:55","modified_gmt":"2011-11-14T21:00:55","slug":"bakanlar-kurulu-gundeminde-bedelli-askerlik-yoktu","status":"publish","type":"post","link":"http:\/\/www.korhanyilmaz.com\/?p=42434","title":{"rendered":"Bakanlar Kurulu g\u00fcndeminde bedelli askerlik yoktu"},"content":{"rendered":"<p style=\"text-align: center;\"><a href=\"http:\/\/www.korhanyilmaz.com\/wp-content\/uploads\/2011\/11\/7085.jpg\"  class=\"lightview\"><img loading=\"lazy\" decoding=\"async\" class=\"aligncenter  wp-image-42435\" src=\"http:\/\/www.korhanyilmaz.com\/wp-content\/uploads\/2011\/11\/7085.jpg\" alt=\"\" width=\"336\" height=\"223\" \/><\/a><\/p>\n<p>Ba\u015fbakan Yard\u0131mc\u0131s\u0131 B\u00fclent Ar\u0131n\u00e7, Bakanlar Kurulu&#8217;nun ard\u0131ndan ger\u00e7ekle\u015ftirdi\u011fi bas\u0131n toplant\u0131s\u0131nda, bedelli askerlik konusunun kurul g\u00fcndemine al\u0131nmad\u0131\u011f\u0131n\u0131 ifade etti.<\/p>\n<p>H\u00fck\u00fcmet s\u00f6zc\u00fcs\u00fc, Ba\u015fbakan Yard\u0131mc\u0131s\u0131 B\u00fclent Ar\u0131n\u00e7, Bakanlar Kurulu toplant\u0131s\u0131nda \u201cbedelli askerlik\u201d konusunun g\u00fcndeme gelmedi\u011fini belirterek, \u201cbedelli askerlik konusunda bir d\u00fczenleme yap\u0131laca\u011f\u0131n\u0131, burada temel g\u00f6stergenin T\u00fcrk Silahl\u0131 Kuvvetlerin (TSK) asker ihtiyac\u0131 oldu\u011funu\u201d dile getirdi.Ar\u0131n\u00e7, bu konudaki a\u00e7\u0131klaman\u0131n ise Ba\u015fbakan Recep Tayyip Erdo\u011fan taraf\u0131ndan a\u00e7\u0131klanaca\u011f\u0131n\u0131 s\u00f6yledi.\u00a0<!--more--><\/p>\n<p>Bakan Ar\u0131n\u00e7, Bakanlar Kurulu toplant\u0131s\u0131na ili\u015fkin a\u00e7\u0131klamalar\u0131n\u0131n ard\u0131ndan gazetecilerin sorular\u0131n\u0131 yan\u0131tlad\u0131. Kamuoyundaki ifadesiyle \u201cbedelli askerlik\u201d konusunda yap\u0131lan \u00e7al\u0131\u015fman\u0131n ayr\u0131nt\u0131lar\u0131n\u0131n sorulmas\u0131 \u00fczerine Ar\u0131n\u00e7, \u015fu yan\u0131t\u0131 verdi:<\/p>\n<p>\u201cBug\u00fcnk\u00fc Bakanlar Kurulu g\u00fcndemimizde bu konu yoktu. \u00c7\u00fcnk\u00fc \u00f6ncelikli olan hususlar\u0131 de\u011ferlendirmeye al\u0131yoruz. Tabii bu arada bas\u0131n\u0131m\u0131z\u0131n, ben de sabah saatlerinde b\u00fct\u00fcn televizyonlar\u0131 izledi\u011fimde, Ankara g\u00fcndemine kulak kesildi\u011fimde, gazetelerin birka\u00e7 g\u00fcnde yapt\u0131klar\u0131 yay\u0131nlar\u0131 izledi\u011fimde; bu konu \u00fczerinde farkl\u0131 beklentilere yol a\u00e7abilecek haberler yay\u0131nlan\u0131yor. Bunlar\u0131n bir k\u0131sm\u0131 kulis haberleri, bir k\u0131sm\u0131 belki verilere, bilgiye dayanan haberler. Ama b\u00fcy\u00fck bir hassasiyet ta\u015f\u0131yan bu konuda, beklentileri k\u00f6p\u00fcrtmemek, yanl\u0131\u015f y\u00f6nlere sevk etmemek ve b\u00f6yle bir d\u00fczenleme olacaksa, bunun sonucunu sab\u0131rla beklemek durumunday\u0131z. \u00c7\u00fcnk\u00fc bu konu, kim taraf\u0131ndan konu\u015fulursa konu\u015fulsun, belli y\u00f6nlere \u00e7ekilmekte, belki bizler de belli y\u00f6nlere \u00e7ekilebilecek c\u00fcmleler kullanmaktay\u0131z.<\/p>\n<p><strong>BA\u015eBAKAN ERDO\u011eAN A\u00c7IKLAYACAK<\/strong><\/p>\n<p>Bu konu \u00fczerinde benim s\u00f6yleyebilece\u011fim \u015fudur; bilgim dahilinde olan\u0131 s\u00f6yleyeyim; bedelli askerlik konusunda bir d\u00fczenleme yap\u0131lacakt\u0131r. Bu d\u00fczenlemedeki temel g\u00f6sterge, Silahl\u0131 Kuvvetlerimizin asker ihtiyac\u0131d\u0131r. Bug\u00fcne kadar oldu\u011fu gibi bu d\u00fczenleme i\u00e7inde de Genelkurmay\u0131m\u0131z\u0131n, T\u00fcrk Silahl\u0131 Kuvvetlerinin, asker ihtiyac\u0131 birinci derecede dikkate al\u0131nacakt\u0131r. Ancak, bedelli askerlik konusunda bir d\u00fczenleme yap\u0131l\u0131rken, siyasi karar\u0131 h\u00fck\u00fcmetimiz verecektir. Ya\u015f s\u0131n\u0131r\u0131n\u0131n ne olaca\u011f\u0131, bedel noktas\u0131nda miktar\u0131n ne olarak d\u00fczenlenebilece\u011fi ve buna ili\u015fkin detayl\u0131 bilgiler veyahut da kanun metninde yer alacak hususlar bizzat Say\u0131n Ba\u015fbakan\u0131m\u0131z taraf\u0131ndan a\u00e7\u0131klanacakt\u0131r.<\/p>\n<p>Bu konu ne olur bir daha bize, bir ba\u015fkas\u0131na sorularak dikkatleri ba\u015fka tarafa da\u011f\u0131tmadan, beklentileri farkl\u0131 y\u00f6nlerde odakla\u015ft\u0131rmadan, o insanlar\u0131m\u0131z\u0131n hassasiyetlerini d\u00fc\u015f\u00fcnerek, b\u00fcy\u00fck \u00fcmit ve hayaller i\u00e7inde olmamalar\u0131n\u0131 \u00f6zen g\u00f6stermemiz laz\u0131m. \u015eunu rahatl\u0131kla s\u00f6yleyebiliyorum; bedelli askerlik konusunda, bu isimli s\u00f6ylendi\u011fi i\u00e7in s\u00f6yl\u00fcyorum, bir d\u00fczenleme yap\u0131lacakt\u0131r. Bu d\u00fczenlemenin kapsam\u0131 ya\u015f\u0131 ve di\u011fer \u015fartlar\u0131 kanun tasar\u0131s\u0131nda g\u00f6sterilecektir. Elbette, bug\u00fcne kadar oldu\u011fu gibi TSK&#8217;n\u0131n asker ihtiyac\u0131 \u00f6nemle dikkate al\u0131nacakt\u0131r. B\u00fct\u00fcn bunlar\u0131 bir araya getirecek d\u00fczenlemeyi de san\u0131yorum \u00e7ok daha b\u00fcy\u00fck vakit ge\u00e7meden Say\u0131n Ba\u015fbakan\u0131m\u0131z bizzat a\u00e7\u0131klayacakt\u0131r.<\/p>\n<p>Bakanlar Kurulu&#8217;nun g\u00fcndeminde olmamas\u0131na ra\u011fmen, Say\u0131n Ba\u015fbakan\u0131m\u0131z\u0131ndan ve ilgililerden ald\u0131\u011f\u0131m bilgi bu noktad\u0131r.\u201d<\/p>\n<p><span style=\"text-decoration: underline;\">Ar\u0131n\u00e7&#8217;\u0131n a\u00e7\u0131klamalar\u0131ndan di\u011fer sat\u0131r ba\u015flar\u0131 ise \u015f\u00f6yle:\u00a0<\/span><\/p>\n<p><strong>DEPREMDE \u00d6LENLER\u0130N YAKINLARINA MAA\u015e BA\u011eLANACAK<\/strong><\/p>\n<p>&#8220;Say\u0131n Van Valisi&#8217;nin gazetecilerle baz\u0131 bilgileri payla\u015ft\u0131\u011f\u0131n\u0131 biliyorum. Bu hususlar hem Bakanl\u0131\u011f\u0131m\u0131z\u0131n hem de AFAD&#8217;\u0131n takibindedir. Eksikler en k\u0131sa s\u00fcrede giderilecektir.<\/p>\n<p>\u0130ki depremde malul kalan veya \u00f6len sigortal\u0131lar\u0131n hak sahiplerine olumlu anlamda maa\u015f ba\u011flanmas\u0131 planlan\u0131yor. S\u00f6z konusu kanun teklifinin yar\u0131n meclise sevk edilmesi bekleniyor. Ayr\u0131ca bu vatanda\u015flar\u0131n ailelerinden sa\u011fl\u0131k hizmetlerinde kat\u0131l\u0131m pay\u0131 al\u0131nmayacakt\u0131r.&#8221;<\/p>\n<p><strong>&#8220;SUR\u0130YE&#8217;DEN RESM\u0130 \u00d6Z\u00dcR BEKL\u0130YORUZ&#8221;<\/strong><\/p>\n<p>&#8220;12 Kas\u0131m ak\u015fam\u0131 Suriye&#8217;deki temsilciliklerimize sald\u0131r\u0131yla ilgili olarak, oralar\u0131n g\u00fcvenli\u011finin sa\u011flanmas\u0131n\u0131n Suriyeli yetkililere ait oldu\u011funu s\u00f6yleyebiliriz. Say\u0131n Muallim medya arac\u0131l\u0131\u011f\u0131yla \u00f6z\u00fcr dilemi\u015ftir. Suriye&#8217;den resmi bir \u00f6z\u00fcr bekliyoruz. Medya arac\u0131l\u0131\u011f\u0131yla gelen \u00f6zr\u00fcn resmi olarak taraf\u0131m\u0131za iletilmesini bekliyoruz.&#8221;<\/p>\n<p><strong>TRT GENEL M\u00dcD\u00dcR\u00dc YEN\u0130DEN \u015eAH\u0130N<\/strong><\/p>\n<p>Ar\u0131n\u00e7 ayr\u0131ca, TRT Genel M\u00fcd\u00fcr\u00fc \u0130brahim \u015eahin&#8217;in g\u00f6rev s\u00fcresinin dolmas\u0131 nedeniyle m\u00fcracaat eden adaylar aras\u0131ndan RT\u00dcK&#8217;\u00fcn 3 aday\u0131 de\u011ferlendirmeye ald\u0131\u011f\u0131n\u0131 belirterek, \u00fc\u00e7 ismin Ba\u015fbakanl\u0131\u011fa bildirildi\u011fini ve 3 aday i\u00e7erisinden TRT Genel M\u00fcd\u00fcrl\u00fc\u011f\u00fcne yeniden \u0130brahim \u015eahin&#8217;in atanmas\u0131na dair Bakanlar Kurulu karar\u0131n\u0131n imzaland\u0131\u011f\u0131n\u0131 s\u00f6yledi.<\/p>\n<p><a href=\"http:\/\/www.radikal.com.tr\/Radikal.aspx?aType=RadikalDetayV3&amp;ArticleID=1069485&amp;Date=14.11.2011&amp;CategoryID=78\" target=\"_blank\">Kaynak : Radikal.com.tr<\/a><\/p>\n","protected":false},"excerpt":{"rendered":"<p style=\"text-align: center;\">\n<p>Ba\u015fbakan Yard\u0131mc\u0131s\u0131 B\u00fclent Ar\u0131n\u00e7, Bakanlar Kurulu&#8217;nun ard\u0131ndan ger\u00e7ekle\u015ftirdi\u011fi bas\u0131n toplant\u0131s\u0131nda, bedelli askerlik konusunun kurul g\u00fcndemine al\u0131nmad\u0131\u011f\u0131n\u0131 ifade etti.<\/p>\n<p>H\u00fck\u00fcmet s\u00f6zc\u00fcs\u00fc, Ba\u015fbakan Yard\u0131mc\u0131s\u0131 B\u00fclent Ar\u0131n\u00e7, Bakanlar Kurulu toplant\u0131s\u0131nda \u201cbedelli askerlik\u201d konusunun g\u00fcndeme gelmedi\u011fini belirterek, \u201cbedelli askerlik konusunda bir d\u00fczenleme yap\u0131laca\u011f\u0131n\u0131, burada temel g\u00f6stergenin T\u00fcrk Silahl\u0131 Kuvvetlerin (TSK) asker ihtiyac\u0131 oldu\u011funu\u201d dile getirdi.Ar\u0131n\u00e7, bu <\/p>\n","protected":false},"author":1,"featured_media":0,"comment_status":"open","ping_status":"open","sticky":false,"template":"","format":"standard","meta":{"footnotes":""},"categories":[105],"tags":[],"class_list":["post-42434","post","type-post","status-publish","format-standard","hentry","category-gundem","odd"],"_links":{"self":[{"href":"http:\/\/www.korhanyilmaz.com\/index.php?rest_route=\/wp\/v2\/posts\/42434","targetHints":{"allow":["GET"]}}],"collection":[{"href":"http:\/\/www.korhanyilmaz.com\/index.php?rest_route=\/wp\/v2\/posts"}],"about":[{"href":"http:\/\/www.korhanyilmaz.com\/index.php?rest_route=\/wp\/v2\/types\/post"}],"author":[{"embeddable":true,"href":"http:\/\/www.korhanyilmaz.com\/index.php?rest_route=\/wp\/v2\/users\/1"}],"replies":[{"embeddable":true,"href":"http:\/\/www.korhanyilmaz.com\/index.php?rest_route=%2Fwp%2Fv2%2Fcomments&post=42434"}],"version-history":[{"count":0,"href":"http:\/\/www.korhanyilmaz.com\/index.php?rest_route=\/wp\/v2\/posts\/42434\/revisions"}],"wp:attachment":[{"href":"http:\/\/www.korhanyilmaz.com\/index.php?rest_route=%2Fwp%2Fv2%2Fmedia&parent=42434"}],"wp:term":[{"taxonomy":"category","embeddable":true,"href":"http:\/\/www.korhanyilmaz.com\/index.php?rest_route=%2Fwp%2Fv2%2Fcategories&post=42434"},{"taxonomy":"post_tag","embeddable":true,"href":"http:\/\/www.korhanyilmaz.com\/index.php?rest_route=%2Fwp%2Fv2%2Ftags&post=42434"}],"curies":[{"name":"wp","href":"https:\/\/api.w.org\/{rel}","templated":true}]}}