{"id":42430,"date":"2011-11-14T19:30:30","date_gmt":"2011-11-14T17:30:30","guid":{"rendered":"http:\/\/www.korhanyilmaz.com\/?p=42430"},"modified":"2011-11-14T22:56:36","modified_gmt":"2011-11-14T20:56:36","slug":"davutoglu-abd-tavir-koyuyor-diye-suriyeye-goz-mu-yumalim","status":"publish","type":"post","link":"http:\/\/www.korhanyilmaz.com\/?p=42430","title":{"rendered":"Davuto\u011flu: ABD tav\u0131r koyuyor diye Suriye&#8217;ye g\u00f6z m\u00fc yumal\u0131m?"},"content":{"rendered":"<p style=\"text-align: center;\"><a href=\"http:\/\/www.korhanyilmaz.com\/wp-content\/uploads\/2011\/11\/7084.jpg\"  class=\"lightview\"><img loading=\"lazy\" decoding=\"async\" class=\"aligncenter  wp-image-42431\" src=\"http:\/\/www.korhanyilmaz.com\/wp-content\/uploads\/2011\/11\/7084.jpg\" alt=\"\" width=\"336\" height=\"223\" \/><\/a><\/p>\n<p style=\"text-align: justify;\">D\u0131\u015fi\u015fleri Bakan\u0131 Ahmet Davuto\u011flu, TBMM Plan ve B\u00fct\u00e7e Komisyonununda g\u00f6r\u00fc\u015fmeleri \u0130ran&#8217;\u0131n T\u00fcrkiye&#8217;nin ta\u015feronluk yapt\u0131\u011f\u0131 iddialar\u0131na yan\u0131t verdi.<\/p>\n<p style=\"text-align: justify;\">TBMM &#8211; Davuto\u011flu, D\u0131\u015fi\u015fleri Bakanl\u0131\u011f\u0131n\u0131n b\u00fct\u00e7esinin TBMM Plan ve B\u00fct\u00e7e Komisyonununda g\u00f6r\u00fc\u015fmeleri s\u0131ras\u0131nda, milletvekillerinin soru ve ele\u015ftirilerini yan\u0131tlad\u0131. \u201cE\u011fer d\u0131\u015f politikada ba\u015far\u0131 varsa, bunun en temel dayana\u011f\u0131n\u0131n AK Parti iktidarlar\u0131ndaki s\u00fcrekliliktir\u201d diyen Davuto\u011flu, hedeflerinin \u00e7ok b\u00fcy\u00fck oldu\u011funu vurgulad\u0131. T\u00fcrkiye&#8217;nin BM G\u00fcvenlik Konseyi&#8217;ne \u00fcyelik s\u00fcrecini anlatan Davuto\u011flu, 2015&#8217;de T\u00fcrkiye&#8217;nin yeniden \u00fcye olmak i\u00e7in aday oldu\u011funu an\u0131msatt\u0131.\u00a0<!--more--><\/p>\n<p style=\"text-align: justify;\">Bu oturumda kendisini en \u00e7ok \u00fczen hususun \u201cta\u015feronluk\u201d ifadesi oldu\u011funu dile getiren Davuto\u011flu, \u201cBize y\u00f6nelik b\u00f6yle bir ifadenin kullan\u0131lmas\u0131 var olan realitelere de ayk\u0131r\u0131d\u0131r\u201d diye konu\u015ftu. Davuto\u011flu, s\u00f6zlerini \u015f\u00f6yle s\u00fcrd\u00fcrd\u00fc:<\/p>\n<p style=\"text-align: justify;\">\u201cGe\u00e7en sene burada sunum yaparken biz \u0130ran konusunda ABD&#8217;yi \u00fczen bir tav\u0131r sergiledi\u011fimiz i\u00e7in ele\u015ftiriye tabi tutulduk. O zaman &#8216;hay\u0131r&#8217; derken kimin ta\u015feronuyduk? Biz ABD&#8217;ye, \u0130ran&#8217;a y\u00f6nelik uygulanacak yapt\u0131r\u0131mlara &#8216;hay\u0131r&#8217; derken ne kadar ba\u011f\u0131ms\u0131zsak, f\u00fcze savunma sistemini geli\u015ftirirken de ayn\u0131 \u00f6l\u00e7\u00fcde ba\u011f\u0131ms\u0131zd\u0131k. \u0130srail&#8217;e m\u00fceyyide uygulad\u0131\u011f\u0131m\u0131z g\u00fcnlerde Suriye&#8217;ye tav\u0131r sergiledik. Amerika&#8217;n\u0131n ve Amerika&#8217;daki Yahudi lobisinin g\u00fcc\u00fcn\u00fc bilen sizler, biz o g\u00fcn \u0130srail&#8217;e net olarak 5 konuda m\u00fceyyide uygulama karar\u0131 g\u00f6sterirken Amerika&#8217;n\u0131n ta\u015feronu muyduk ki, ak\u015fam Suriye&#8217;ye ele\u015ftiri yaparken Amerika&#8217;n\u0131n ta\u015feronu olabilelim? Amerika ve \u0130srail&#8217;in b\u00f6lgede en yak\u0131n i\u015fbirli\u011fi yapt\u0131\u011f\u0131 lider olan M\u00fcbarek&#8217;e, Ba\u015fbakan\u0131m\u0131z &#8216;art\u0131k gitme vakti geldi, halk\u0131n istiyorsa \u00e7ekil&#8217; diye seslenirken, Amerika&#8217;n\u0131n ne kadar ta\u015feronuysak, Suriye Devlet Ba\u015fkan\u0131 Be\u015f\u015far Esad&#8217;a da &#8216;halk\u0131na zulmetme&#8217; derken o kadar ba\u011f\u0131ms\u0131z veye ta\u015feronduk.<\/p>\n<p style=\"text-align: justify;\">Neden b\u00f6yle &#8216;ta\u015feronluk&#8217; ifadesi bizde yerle\u015febiliyor? Gen\u00e7li\u011fimizden beri zihnimize yerle\u015ftirilmi\u015f: &#8216;Biz o kadar g\u00fc\u00e7s\u00fcz\u00fcz ki, birileri her \u015feyi planl\u0131yor ve biz o plan i\u00e7erisinde yer al\u0131yoruz. Birileri \u00f6ylesine g\u00fc\u00e7l\u00fc ki, biz o planlanan \u015feyi de\u011fi\u015ftiremeyiz.&#8217; Bizim d\u0131\u015f politikada yapmak istedi\u011fimiz zihniyet devrim tamamen budur. D\u0131\u015f politikada plan\u0131 da biz yapar\u0131z, ilkeyi de biz koyar\u0131z, s\u00f6ylemi de biz geli\u015ftiririz. Bazen bu hakl\u0131 ve do\u011fruysa, ABD ile uyumlu olabilir. Bazen hakl\u0131 ve do\u011fruysa, \u0130ran ile uyumlu olabilir. Bazen hakl\u0131 ve do\u011fruysa, Rusya ile uyumlu olabilir, bazen AB ile uyumlu olabilir. Dolay\u0131s\u0131yla ABD tav\u0131r koyuyor diye Suriye&#8217;ye g\u00f6z m\u00fc yumal\u0131m?\u201d<\/p>\n<p style=\"text-align: justify;\">\u201cYeni Osmanl\u0131c\u0131l\u0131k\u201d kavram\u0131n\u0131n \u00e7ok s\u0131k g\u00fcndeme geldi\u011fini belirten Davuto\u011flu, \u201cT\u00fcrkiye Cumhuriyeti devleti 1923&#8217;de do\u011fmu\u015ftur. Biz onun vatanda\u015flar\u0131y\u0131z ama T\u00fcrkiye Cumhuriyeti devletinin tarihi k\u00f6kleri \u00e7ok eskiye gider\u201d dedi.<\/p>\n<p style=\"text-align: justify;\">Davuto\u011flu, \u201cK\u00f6klerimize sahip \u00e7\u0131kt\u0131\u011f\u0131m\u0131zda b\u00fcy\u00fcr\u00fcz, k\u00f6klerimizle ba\u011f\u0131m\u0131z\u0131 kopard\u0131\u011f\u0131m\u0131zda k\u00fc\u00e7\u00fcl\u00fcr\u00fcz. Bizim d\u0131\u015f politika anlay\u0131\u015f\u0131m\u0131zda tarih referans\u0131m\u0131z budur\u201d diye konu\u015ftu.<\/p>\n<p style=\"text-align: justify;\"><a href=\"http:\/\/www.radikal.com.tr\/Radikal.aspx?aType=RadikalDetayV3&amp;ArticleID=1069492&amp;Date=14.11.2011&amp;CategoryID=78\" target=\"_blank\">Kaynak : Radikal.com.tr<\/a><\/p>\n","protected":false},"excerpt":{"rendered":"<p style=\"text-align: center;\">\n<p style=\"text-align: justify;\">D\u0131\u015fi\u015fleri Bakan\u0131 Ahmet Davuto\u011flu, TBMM Plan ve B\u00fct\u00e7e Komisyonununda g\u00f6r\u00fc\u015fmeleri \u0130ran&#8217;\u0131n T\u00fcrkiye&#8217;nin ta\u015feronluk yapt\u0131\u011f\u0131 iddialar\u0131na yan\u0131t verdi.<\/p>\n<p style=\"text-align: justify;\">TBMM &#8211; Davuto\u011flu, D\u0131\u015fi\u015fleri Bakanl\u0131\u011f\u0131n\u0131n b\u00fct\u00e7esinin TBMM Plan ve B\u00fct\u00e7e Komisyonununda g\u00f6r\u00fc\u015fmeleri s\u0131ras\u0131nda, milletvekillerinin soru ve ele\u015ftirilerini yan\u0131tlad\u0131. \u201cE\u011fer d\u0131\u015f politikada ba\u015far\u0131 varsa, bunun en temel dayana\u011f\u0131n\u0131n AK Parti iktidarlar\u0131ndaki s\u00fcrekliliktir\u201d <\/p>\n","protected":false},"author":1,"featured_media":0,"comment_status":"open","ping_status":"open","sticky":false,"template":"","format":"standard","meta":{"footnotes":""},"categories":[105],"tags":[],"class_list":["post-42430","post","type-post","status-publish","format-standard","hentry","category-gundem","odd"],"_links":{"self":[{"href":"http:\/\/www.korhanyilmaz.com\/index.php?rest_route=\/wp\/v2\/posts\/42430","targetHints":{"allow":["GET"]}}],"collection":[{"href":"http:\/\/www.korhanyilmaz.com\/index.php?rest_route=\/wp\/v2\/posts"}],"about":[{"href":"http:\/\/www.korhanyilmaz.com\/index.php?rest_route=\/wp\/v2\/types\/post"}],"author":[{"embeddable":true,"href":"http:\/\/www.korhanyilmaz.com\/index.php?rest_route=\/wp\/v2\/users\/1"}],"replies":[{"embeddable":true,"href":"http:\/\/www.korhanyilmaz.com\/index.php?rest_route=%2Fwp%2Fv2%2Fcomments&post=42430"}],"version-history":[{"count":0,"href":"http:\/\/www.korhanyilmaz.com\/index.php?rest_route=\/wp\/v2\/posts\/42430\/revisions"}],"wp:attachment":[{"href":"http:\/\/www.korhanyilmaz.com\/index.php?rest_route=%2Fwp%2Fv2%2Fmedia&parent=42430"}],"wp:term":[{"taxonomy":"category","embeddable":true,"href":"http:\/\/www.korhanyilmaz.com\/index.php?rest_route=%2Fwp%2Fv2%2Fcategories&post=42430"},{"taxonomy":"post_tag","embeddable":true,"href":"http:\/\/www.korhanyilmaz.com\/index.php?rest_route=%2Fwp%2Fv2%2Ftags&post=42430"}],"curies":[{"name":"wp","href":"https:\/\/api.w.org\/{rel}","templated":true}]}}