{"id":42422,"date":"2011-11-14T13:10:09","date_gmt":"2011-11-14T11:10:09","guid":{"rendered":"http:\/\/www.korhanyilmaz.com\/?p=42422"},"modified":"2011-11-14T22:48:31","modified_gmt":"2011-11-14T20:48:31","slug":"silivri-cezaevi-revirinde-stetoskop-disinda-alet-yok","status":"publish","type":"post","link":"http:\/\/www.korhanyilmaz.com\/?p=42422","title":{"rendered":"&#8216;Silivri Cezaevi revirinde stetoskop d\u0131\u015f\u0131nda alet yok&#8217;"},"content":{"rendered":"<p style=\"text-align: center;\"><a href=\"http:\/\/www.korhanyilmaz.com\/wp-content\/uploads\/2011\/11\/7082.jpg\"  class=\"lightview\"><img loading=\"lazy\" decoding=\"async\" class=\"aligncenter  wp-image-42423\" src=\"http:\/\/www.korhanyilmaz.com\/wp-content\/uploads\/2011\/11\/7082.jpg\" alt=\"\" width=\"420\" height=\"210\" \/><\/a><\/p>\n<p style=\"text-align: justify;\">CHP Grup Ba\u015fkanvekili Emine \u00dclker Tarhan, Silivri Cezaevi&#8217;nde tutuklu bulunan Ka\u015fif Kozino\u011flu\u2019nun \u00f6l\u00fcm\u00fcne ili\u015fkin yapt\u0131\u011f\u0131 de\u011ferlendirmede, &#8220;Cezaevlerinin art\u0131k morga d\u00f6n\u00fc\u015fmeye ba\u015flad\u0131. Hani ambulans helikopter vard\u0131, hani hi\u00e7 vakit kaybetmeden hastaneye yeti\u015ftiriliyordu?&#8221; dedi.\u00a0<!--more--><\/p>\n<p style=\"text-align: justify;\">CHP \u0130zmir Milletvekili Aytun \u00c7\u0131ray da, A\u011fustos ay\u0131nda Mehmet Haberal&#8217;\u0131 ziyaret ettiklerini ve cezaevindeki sa\u011fl\u0131k durumuna ili\u015fkin tutanak tuttuklar\u0131n\u0131 belirterek, Silivri Cezaevinde ilk m\u00fcdahalenin yap\u0131ld\u0131\u011f\u0131 revirde bulunan t\u0131bbi donan\u0131m hakk\u0131nda bilgi istedi\u011fini ve revirde steteskop ve tansiyon aleti d\u0131\u015f\u0131nda hi\u00e7bir t\u0131bbi cihaz olmad\u0131\u011f\u0131n\u0131n anla\u015f\u0131ld\u0131\u011f\u0131n\u0131 kayda ge\u00e7irdi\u011fini s\u00f6yledi.<\/p>\n<p style=\"text-align: justify;\">Kozino\u011flu&#8217;nun cezaevinde \u00f6l\u00fcm\u00fcn\u00fcn ard\u0131ndan CHP, cezaevlerindeki sa\u011fl\u0131k ko\u015fullar\u0131 ve m\u00fcdahalelerdeki yetersizli\u011fi g\u00fcndeme getirdi. Grup Ba\u015fkanvekili Emine \u00dclker Tarhan, \u00f6zel yetkili mahkemeler ve infaz evlerinin &#8220;adaletin de\u011fil iftiralar\u0131n, tuzaklar\u0131n, sahte davalar\u0131n ve komplolar\u0131n merkezi&#8221; haline geldi\u011fini ifade ederek, &#8220;Silivri art\u0131k yava\u015f yava\u015f koca bir morga d\u00f6n\u00fc\u015fmektedir. Oda TV \u015f\u00fcphelisi Ka\u015fif Kozino\u011flu&#8217;nun, cezaevinde, daha yarg\u0131\u00e7 kar\u015f\u0131s\u0131na bile \u00e7\u0131kamadan, \u015f\u00fcpheli \u00f6l\u00fcm\u00fc, hangi saikle a\u00e7\u0131ld\u0131\u011f\u0131 art\u0131k bir s\u0131r olmayan sahte davalar\u0131, cezaevine at\u0131lan muhaliflerin uzun tutukluluk s\u00fcrelerini ve a\u011f\u0131r cezaevi ko\u015fullar\u0131n\u0131 yeniden sorgulamam\u0131z\u0131 gerektirmektedir&#8221; dedi. Tarhan, \u015f\u00f6yle devam etti:<\/p>\n<p style=\"text-align: justify;\">&#8220;Cezaevindeki hastalara rapor verenleri bile cezaevine atan, hasta odalar\u0131nda bask\u0131n ve aramalar yapan bir zihniyetin, birilerinin kini susuncaya kadar ve intikam\u0131 al\u0131nmadan muhalifleri sal\u0131vermeyece\u011fi ve a\u011f\u0131r bedeller \u00f6detmeye yeminli oldu\u011fu a\u00e7\u0131kt\u0131r. Bu u\u011furda A\u0130HM&#8217;de bile ger\u00e7e\u011fe ayk\u0131r\u0131 ve abart\u0131l\u0131 bilgiler verecek kadar g\u00f6z\u00fcn\u00fcn d\u00f6nd\u00fc\u011f\u00fc de anla\u015f\u0131lmaktad\u0131r. Daha \u00f6nce \u00f6rnekleri g\u00f6r\u00fcld\u00fc\u011f\u00fc \u00fczere, bir kez daha bir infaz kurumunda ve devlete emanet edildi\u011fi s\u00f6ylenen bir ki\u015fi daha, kimleri \u00fcrk\u00fctt\u00fc\u011f\u00fc bilinmeyen t\u00fcm bildikleri ile birlikte \u00f6l\u00fcme gitmi\u015f ya da g\u00f6nderilmi\u015ftir.<\/p>\n<p style=\"text-align: justify;\"><strong>NEREDE BU AMBULANS HEL\u0130KOPTER?\u00a0<\/strong><\/p>\n<p style=\"text-align: justify;\">Taamm\u00fcden \u00f6l\u00fcme neden olan sahte dava kurgulay\u0131c\u0131lar\u0131, tutuklayanlar devlet eliyle korumaya al\u0131nm\u0131\u015f, tazminattan dahi muaf tutulmu\u015flard\u0131r. Hani hastalar i\u00e7in cezaevinde ambulans helikopter vard\u0131, hani hi\u00e7 vakit kaybetmeden hastaneye yeti\u015ftirip hayat kurtar\u0131yorlard\u0131? Hani A\u0130HM&#8217;e b\u00f6yle bilgi verilmi\u015fti? Nerede bu ambulans helikopter, nerede acil m\u00fcdahale ekipleri? Sa\u011fl\u0131kl\u0131 ki\u015filerin ya\u015fam\u0131n\u0131 cezaevinde koruyup kollayamayan bir devlet \u00e7ok hasta olan Mehmet Haberal\u2019\u0131 nas\u0131l koruyacak? Bu haks\u0131z ve hukuksuz tutuklamalar\u0131n sona ermesi i\u00e7in daha ka\u00e7 ki\u015finin \u00f6lmesi ya da isim isim kimlerin \u00f6lmesi bekleniyor? Ayd\u0131nlar\u0131, gazetecileri, milletvekillerini, yurtseverleri zindanlarda \u00f6lmeye yat\u0131ranlar, Halk\u0131n iradesine ve g\u00fcc\u00fcne, kelep\u00e7eler ve s\u00fcng\u00fclerle engel olanlar, birg\u00fcn bunun hesab\u0131n\u0131 vereceklerdir.&#8221;<\/p>\n<p style=\"text-align: justify;\"><strong>S\u0130L\u0130VR\u0130&#8217;DE SIRA K\u0130MDE\u00a0<\/strong><\/p>\n<p style=\"text-align: justify;\">CHP \u0130zmir Milletvekili Aytun \u00c7\u0131ray da \u00fc\u00e7 ay \u00f6nce Haberal&#8217;\u0131 bir grup milletvekili ile ziyaret ettiklerini ifade ederek, burada sa\u011fl\u0131k ko\u015fullar\u0131na ili\u015fkin tutanak tuttuklar\u0131n\u0131 a\u00e7\u0131klad\u0131. \u00c7\u0131ray, tutanakta ilk m\u00fcdahalenin yap\u0131ld\u0131\u011f\u0131 revirde bulunan t\u0131bbi donan\u0131m hakk\u0131nda bilgi istedi\u011fini ve revirde steteskop ve tansiyon aleti d\u0131\u015f\u0131nda hi\u00e7bir t\u0131bbi cihaz olmad\u0131\u011f\u0131n\u0131n anla\u015f\u0131ld\u0131\u011f\u0131n\u0131 kayda ge\u00e7irdi\u011fini s\u00f6yledi. \u00c7\u0131ray, durumun tam tespiti a\u00e7\u0131s\u0131ndan Haberal&#8217;a ortaya \u00e7\u0131kabilecek kalp durmas\u0131 halinde kullan\u0131lmas\u0131 gereken &#8220;defibrilat\u00f6r cihaz\u0131&#8221; ve defibrilasyon uygulanmadan \u00f6nce kullan\u0131lacak ila\u00e7lar\u0131n cezaevi revirinde olup olmad\u0131\u011f\u0131n\u0131 sordu\u011funu ve bunlar\u0131n olmad\u0131\u011f\u0131n\u0131 \u00f6\u011frendi\u011fini ifade etti. \u00c7\u0131ray, \u015f\u00f6yle konu\u015ftu:<\/p>\n<p style=\"text-align: justify;\">&#8220;Haberal&#8217;\u0131n ve benzeri durumda olan tutuklular\u0131n i\u00e7inde bulundu\u011fu ortam nedeni ile hayati tehlike i\u00e7inde olduklar\u0131n\u0131 tutanakla tespit ettik. Tutana\u011f\u0131n daha 3. ay\u0131nda do\u011frulanmas\u0131 ve Kozino\u011flu&#8217;nun hayat\u0131n\u0131 eksik m\u00fcdahaleden kaybetmesi insan haklar\u0131na ayk\u0131r\u0131d\u0131r. \u015eimdi soruyoruz, s\u0131ra kimde? Kozino\u011flu g\u00f6z g\u00f6re g\u00f6re \u00f6ld\u00fcr\u00fcld\u00fc. Revirde ne t\u0131bbi donan\u0131m var, ne de uzman. \u0130yi niyetli \u00e7abalar\u0131na kar\u015f\u0131n pratisyen hekimin elinden bir\u015fey gelmiyor. Mecburen hastaneye sevk ediyor. Adalet Bakanl\u0131\u011f\u0131\u2019n\u0131n a\u00e7\u0131klamas\u0131na g\u00f6re Silivri Devlet Hastanesi\u2019nde de uzman yok, bir ba\u015fka pratisyen hekim m\u00fcdahale ediyor. Bu \u00f6l\u00fcm hukuki ve insani ihmal sonucunda ger\u00e7ekle\u015fmi\u015ftir. Ba\u015f sorumlusu Adalet Bakan\u0131&#8217;d\u0131r.&#8221;<\/p>\n<p style=\"text-align: justify;\"><strong>HABERAL&#8217;IN DA BA\u015eINA GELEB\u0130L\u0130R\u00a0<\/strong><\/p>\n<p style=\"text-align: justify;\">Olayla ilgili derhal soru\u015fturma ba\u015flat\u0131lmas\u0131 gerekti\u011fini kaydeden \u00c7\u0131ray, Adalet Bakanl\u0131\u011f\u0131&#8217;n\u0131n daha \u00f6nce ya\u015fanan olaylarda oldu\u011fu gibi Silivri tutuklular\u0131na bu olayda da duyars\u0131z kald\u0131\u011f\u0131n\u0131 savundu. \u00c7\u0131ray, Kozino\u011flu&#8217;nun ya\u015fad\u0131klar\u0131n\u0131n her an Mehmet Haberal&#8217;\u0131n da ba\u015f\u0131na gelebilece\u011fini belirtti.<\/p>\n<p style=\"text-align: justify;\"><strong>\u0130\u015eTE TUTANAK METN\u0130\u00a0<\/strong><\/p>\n<p style=\"text-align: justify;\">Silivri Ceza ve Tevkifevlerinde 08.08.2011 tarihinde CHP\u2019liler taraf\u0131ndan haz\u0131rlanan tutana\u011f\u0131n tam metni \u015f\u00f6yle:<\/p>\n<p style=\"text-align: justify;\">&#8220;08.08.2011 tarihinde Silivri Ceza ve Tevkifevleri\u2019nde CHP Gurup Ba\u015fkanvekilleri Emine \u00dclker Tarhan, Muharrem \u0130nce, Zonguldak milletvekili Ali \u0130hsan K\u00f6kt\u00fcrk, Samsun Milletvekili Ahmet \u0130hsan Kalkavan ve \u0130zmir Milletvekili Aytun \u00c7\u0131ray birlikte tutuklu Zonguldak Milletvekili Prof. Dr. Mehmet Haberal\u2019\u0131 ziyaret ettiler. Bu ziyarette uzman t\u0131p doktoru \u0130zmir milletvekili Dr. \u00c7\u0131ray, tutuklu Zonguldak miletvekiline hastal\u0131\u011f\u0131 konusunda kendisine konulan te\u015fhisin ne oldu\u011funu sordu. Haberal hastal\u0131\u011f\u0131n\u0131n strese ba\u011fl\u0131 &#8220;Ventrik\u00fcler Ta\u015fikardi&#8221; oldu\u011funu s\u00f6yledi. Bunun \u00fczerine \u00c7\u0131ray, Silivri Ceza ve Tevkifevlerinde ilk m\u00fcdahalenin yap\u0131ld\u0131\u011f\u0131 revirde bulunan t\u0131bbi donan\u0131m hakk\u0131nda bilgi istedi ve revirde sadece steteskop ve tansiyon aleti d\u0131\u015f\u0131nda bir t\u0131bbi cihaz olmad\u0131\u011f\u0131 anla\u015f\u0131ld\u0131. Durumun tam tespiti a\u00e7\u0131s\u0131ndan \u00c7\u0131ray, defibrilat\u00f6r ve defibrilasyon uygulanmadan \u00f6nce kullan\u0131lacak ila\u00e7lar\u0131n olup olmad\u0131\u011f\u0131n\u0131 sordu. Olmad\u0131\u011f\u0131 \u00f6\u011frenildi. Bunun \u00fczerine \u00c7\u0131ray&#8217;\u0131n &#8220;Ventrik\u00fcler Ta\u015fikardi&#8221;nin her an fibrilasyona d\u00f6n\u00fc\u015febilece\u011fi g\u00f6z \u00f6n\u00fcne al\u0131nd\u0131\u011f\u0131nda Dr. Haberal\u2019\u0131n i\u00e7inde bulundu\u011fu ortam nedeni ile hayati tehlike i\u00e7inde oldu\u011funu ifade etmesi \u00fczerine, bu durumun tutanak alt\u0131na al\u0131nmas\u0131na karar verildi.&#8221;<\/p>\n<p style=\"text-align: justify;\"><a href=\"http:\/\/haber.gazetevatan.com\/silivri-cezaevi-revirinde-stetoskop-disinda-alet-yok\/410714\/9\/Siyaset\" target=\"_blank\">Kaynak : Vatan Gazetesi<\/a><\/p>\n","protected":false},"excerpt":{"rendered":"<p style=\"text-align: center;\">\n<p style=\"text-align: justify;\">CHP Grup Ba\u015fkanvekili Emine \u00dclker Tarhan, Silivri Cezaevi&#8217;nde tutuklu bulunan Ka\u015fif Kozino\u011flu\u2019nun \u00f6l\u00fcm\u00fcne ili\u015fkin yapt\u0131\u011f\u0131 de\u011ferlendirmede, &#8220;Cezaevlerinin art\u0131k morga d\u00f6n\u00fc\u015fmeye ba\u015flad\u0131. Hani ambulans helikopter vard\u0131, hani hi\u00e7 vakit kaybetmeden hastaneye yeti\u015ftiriliyordu?&#8221; dedi. <\/p>\n","protected":false},"author":1,"featured_media":0,"comment_status":"open","ping_status":"open","sticky":false,"template":"","format":"standard","meta":{"footnotes":""},"categories":[105],"tags":[],"class_list":["post-42422","post","type-post","status-publish","format-standard","hentry","category-gundem","odd"],"_links":{"self":[{"href":"http:\/\/www.korhanyilmaz.com\/index.php?rest_route=\/wp\/v2\/posts\/42422","targetHints":{"allow":["GET"]}}],"collection":[{"href":"http:\/\/www.korhanyilmaz.com\/index.php?rest_route=\/wp\/v2\/posts"}],"about":[{"href":"http:\/\/www.korhanyilmaz.com\/index.php?rest_route=\/wp\/v2\/types\/post"}],"author":[{"embeddable":true,"href":"http:\/\/www.korhanyilmaz.com\/index.php?rest_route=\/wp\/v2\/users\/1"}],"replies":[{"embeddable":true,"href":"http:\/\/www.korhanyilmaz.com\/index.php?rest_route=%2Fwp%2Fv2%2Fcomments&post=42422"}],"version-history":[{"count":0,"href":"http:\/\/www.korhanyilmaz.com\/index.php?rest_route=\/wp\/v2\/posts\/42422\/revisions"}],"wp:attachment":[{"href":"http:\/\/www.korhanyilmaz.com\/index.php?rest_route=%2Fwp%2Fv2%2Fmedia&parent=42422"}],"wp:term":[{"taxonomy":"category","embeddable":true,"href":"http:\/\/www.korhanyilmaz.com\/index.php?rest_route=%2Fwp%2Fv2%2Fcategories&post=42422"},{"taxonomy":"post_tag","embeddable":true,"href":"http:\/\/www.korhanyilmaz.com\/index.php?rest_route=%2Fwp%2Fv2%2Ftags&post=42422"}],"curies":[{"name":"wp","href":"https:\/\/api.w.org\/{rel}","templated":true}]}}