{"id":42418,"date":"2011-11-14T16:40:40","date_gmt":"2011-11-14T14:40:40","guid":{"rendered":"http:\/\/www.korhanyilmaz.com\/?p=42418"},"modified":"2011-11-14T22:43:03","modified_gmt":"2011-11-14T20:43:03","slug":"van-valisi-karaloglundan-acil-cagri","status":"publish","type":"post","link":"http:\/\/www.korhanyilmaz.com\/?p=42418","title":{"rendered":"Van Valisi Karalo\u011flu&#8217;ndan acil \u00e7a\u011fr\u0131"},"content":{"rendered":"<p style=\"text-align: justify;\"><a href=\"http:\/\/www.korhanyilmaz.com\/wp-content\/uploads\/2011\/11\/7081.jpg\"  class=\"lightview\"><img loading=\"lazy\" decoding=\"async\" class=\"aligncenter size-full wp-image-42419\" title=\"\" src=\"http:\/\/www.korhanyilmaz.com\/wp-content\/uploads\/2011\/11\/7081.jpg\" alt=\"\" width=\"313\" height=\"240\" \/><\/a><\/p>\n<p style=\"text-align: justify;\">Van Valisi M\u00fcnir Karalo\u011flu, ilde meydana gelen 5.6 b\u00fcy\u00fckl\u00fc\u011f\u00fcndeki depremin, 7.2 b\u00fcy\u00fckl\u00fc\u011f\u00fcndeki birinci depremden daha y\u0131k\u0131c\u0131 oldu\u011funu belirterek, kamuoyunun duyarl\u0131l\u0131\u011f\u0131n\u0131n devam etmesi gerekti\u011fini s\u00f6yledi.<!--more--><\/p>\n<p style=\"text-align: justify;\">Anadolu Ajans\u0131 Y\u00f6netim Kurulu Ba\u015fkan\u0131 ve Genel M\u00fcd\u00fcr\u00fc Kemal \u00d6zt\u00fcrk, VanValisi Karalo\u011flu&#8217;nu, \u0130l Afet Acil Durum M\u00fcd\u00fcrl\u00fc\u011f\u00fc&#8217;ndeki makam\u0131nda ziyaret etti.<\/p>\n<p style=\"text-align: justify;\">Karalo\u011flu, ziyaret s\u0131ras\u0131nda yapt\u0131\u011f\u0131 a\u00e7\u0131klamada, &#8220;Van&#8217;da meydana gelen5.6 b\u00fcy\u00fckl\u00fc\u011f\u00fcndeki deprem, 7.2 b\u00fcy\u00fckl\u00fc\u011f\u00fcndeki birinci depremden daha b\u00fcy\u00fck hasarmeydana getirdi. Van&#8217;da iki kamu binas\u0131n\u0131n haricinde hi\u00e7bir kamu binas\u0131kullan\u0131lam\u0131yor. \u015eehir adeta hayalet bir kente d\u00f6n\u00fc\u015fm\u00fc\u015f durumda. Halen yard\u0131mab\u00fcy\u00fck ihtiyac\u0131m\u0131z var. Kamuoyunda duyarl\u0131l\u0131k d\u00fc\u015ft\u00fc. \u0130kinci Van depremininy\u0131k\u0131c\u0131l\u0131\u011f\u0131 tam anla\u015f\u0131lamad\u0131. Van&#8217;da g\u0131da ve giyim takviyesine de ihtiyac\u0131m\u0131z var.Kamuoyundan yard\u0131m bekliyoruz&#8221; dedi.<\/p>\n<p style=\"text-align: justify;\"><a href=\"http:\/\/www.cnnturk.com\/2011\/turkiye\/11\/14\/van.valisi.karaloglundan.acil.cagri\/636686.0\/index.html\" target=\"_blank\">Kaynak : CNN T\u00dcRK<\/a><\/p>\n","protected":false},"excerpt":{"rendered":"<p style=\"text-align: justify;\">\n<p style=\"text-align: justify;\">Van Valisi M\u00fcnir Karalo\u011flu, ilde meydana gelen 5.6 b\u00fcy\u00fckl\u00fc\u011f\u00fcndeki depremin, 7.2 b\u00fcy\u00fckl\u00fc\u011f\u00fcndeki birinci depremden daha y\u0131k\u0131c\u0131 oldu\u011funu belirterek, kamuoyunun duyarl\u0131l\u0131\u011f\u0131n\u0131n devam etmesi gerekti\u011fini s\u00f6yledi.<\/p>\n","protected":false},"author":1,"featured_media":0,"comment_status":"open","ping_status":"open","sticky":false,"template":"","format":"standard","meta":{"footnotes":""},"categories":[105],"tags":[475],"class_list":["post-42418","post","type-post","status-publish","format-standard","hentry","category-gundem","tag-munir-karaloglu","odd"],"_links":{"self":[{"href":"http:\/\/www.korhanyilmaz.com\/index.php?rest_route=\/wp\/v2\/posts\/42418","targetHints":{"allow":["GET"]}}],"collection":[{"href":"http:\/\/www.korhanyilmaz.com\/index.php?rest_route=\/wp\/v2\/posts"}],"about":[{"href":"http:\/\/www.korhanyilmaz.com\/index.php?rest_route=\/wp\/v2\/types\/post"}],"author":[{"embeddable":true,"href":"http:\/\/www.korhanyilmaz.com\/index.php?rest_route=\/wp\/v2\/users\/1"}],"replies":[{"embeddable":true,"href":"http:\/\/www.korhanyilmaz.com\/index.php?rest_route=%2Fwp%2Fv2%2Fcomments&post=42418"}],"version-history":[{"count":0,"href":"http:\/\/www.korhanyilmaz.com\/index.php?rest_route=\/wp\/v2\/posts\/42418\/revisions"}],"wp:attachment":[{"href":"http:\/\/www.korhanyilmaz.com\/index.php?rest_route=%2Fwp%2Fv2%2Fmedia&parent=42418"}],"wp:term":[{"taxonomy":"category","embeddable":true,"href":"http:\/\/www.korhanyilmaz.com\/index.php?rest_route=%2Fwp%2Fv2%2Fcategories&post=42418"},{"taxonomy":"post_tag","embeddable":true,"href":"http:\/\/www.korhanyilmaz.com\/index.php?rest_route=%2Fwp%2Fv2%2Ftags&post=42418"}],"curies":[{"name":"wp","href":"https:\/\/api.w.org\/{rel}","templated":true}]}}