{"id":42415,"date":"2011-11-14T21:12:57","date_gmt":"2011-11-14T19:12:57","guid":{"rendered":"http:\/\/www.korhanyilmaz.com\/?p=42415"},"modified":"2011-11-14T22:39:41","modified_gmt":"2011-11-14T20:39:41","slug":"gemi-kaciran-pkklinin-kandil-hatirasi","status":"publish","type":"post","link":"http:\/\/www.korhanyilmaz.com\/?p=42415","title":{"rendered":"Gemi ka\u00e7\u0131ran PKK&#8217;l\u0131n\u0131n Kandil hat\u0131ras\u0131"},"content":{"rendered":"<p style=\"text-align: center;\"><a href=\"http:\/\/www.korhanyilmaz.com\/wp-content\/uploads\/2011\/11\/7080.jpg\"  class=\"lightview\"><img loading=\"lazy\" decoding=\"async\" class=\"aligncenter  wp-image-42416\" src=\"http:\/\/www.korhanyilmaz.com\/wp-content\/uploads\/2011\/11\/7080.jpg\" alt=\"\" width=\"307\" height=\"236\" \/><\/a><\/p>\n<p style=\"text-align: justify;\">Kartepe Deniz Otob\u00fcs\u00fc&#8217;n\u00fc 11 Kas\u0131m g\u00fcn\u00fc ka\u00e7\u0131ran PKK&#8217;l\u0131 Mensur G\u00fczel&#8217;in Kuzey Irak&#8217;ta da\u011fda \u00e7ekildi\u011fi foto\u011fraf\u0131 ortaya \u00e7\u0131kt\u0131.<\/p>\n<p style=\"text-align: justify;\">Edinilen bilgiye g\u00f6re, 1984 y\u0131l\u0131nda Diyarbak\u0131r&#8217;\u0131n Kulp il\u00e7esinde do\u011fan G\u00fczel, ailesiyle beraber 1992 y\u0131l\u0131nda \u0130zmit&#8217;e g\u00f6\u00e7 etti.\u00a0<!--more--><\/p>\n<p style=\"text-align: justify;\">Daha sonra ailesi Diyarbak\u0131r&#8217;a d\u00f6nd\u00fc. 2008 y\u0131l\u0131nda Diyarbak\u0131r Lice&#8217;de askerlik yaparken firar edip \u00f6rg\u00fcte kat\u0131ld\u0131.<\/p>\n<p style=\"text-align: justify;\">2009 y\u0131l\u0131na kadar Kandil&#8217;de kalan G\u00fczel, burada silah ve bomba e\u011fitimi ald\u0131. K\u0131rsaldan ayr\u0131l\u0131p \u00f6rg\u00fct\u00fcn \u015fehir kadrolar\u0131nda yer alan Mensur G\u00fczel, \u00f6rg\u00fct\u00fcn \u0130zmit gen\u00e7lik kollar\u0131 sorumlusu oldu.<\/p>\n<p style=\"text-align: justify;\">Kafas\u0131na ve v\u00fccuduna 6 kur\u015fun isabet eden militan\u0131n, eylemi \u00f6rg\u00fct\u00fcn ele ba\u015f\u0131 Abdullah \u00d6calan&#8217;\u0131n avukatlar\u0131 ile g\u00f6r\u00fc\u015ft\u00fcr\u00fclmemesini protesto etmek amac\u0131yla ger\u00e7ekle\u015ftirdi\u011fi ileri s\u00fcr\u00fcld\u00fc.<\/p>\n<p style=\"text-align: justify;\"><strong>K\u0131na gecesi yap\u0131lmak istendi\u00a0<\/strong><\/p>\n<p style=\"text-align: justify;\">Bu arada d\u00fczenlenen operasyonla \u00f6ld\u00fcr\u00fclen PKK&#8217;l\u0131 Mensur G\u00fczel&#8217;in cenazesi Diyarbak\u0131r&#8217;a getirildi.<\/p>\n<p style=\"text-align: justify;\">\u0130stanbul&#8217;dan karayoluyla Diyarbak\u0131r&#8217;a getirilen G\u00fczel&#8217;in cenazesini \u015eanl\u0131urfa yolu 20&#8217;nci kilometrede BDP&#8217;li milletvekilleri Ayla Ata Akat, Leyla Zana, G\u00fclten K\u0131\u015fanak BDP&#8217;liler ve ailesi kar\u015f\u0131lad\u0131.<\/p>\n<p style=\"text-align: justify;\">\u00a0Yakla\u015f\u0131k 100 ara\u00e7tan olu\u015fan ve kent merkezine do\u011fru hareket eden konvoy kente 10 kilometre mesafe kala polis engeline tak\u0131ld\u0131.<\/p>\n<p style=\"text-align: justify;\">Milletvekili Ayla Akat Ata ile g\u00f6r\u00fc\u015fen polis m\u00fcd\u00fcrleri konvoyun kent merkezinin d\u0131\u015f\u0131ndan gitmesini istedi. Bunun \u00fczerine miletvekili Ayla Akat Ata, ailenin G\u00fczel&#8217;in cenazesini 5 Nisan mahallesindeki evinin \u00f6n\u00fcne g\u00f6t\u00fcrerek burada k\u0131na gecesi d\u00fczenlemek istediklerini konunun onlarla g\u00f6r\u00fc\u015f\u00fclmesini istedi.<\/p>\n<p style=\"text-align: justify;\">Emniyet M\u00fcd\u00fcr Yard\u0131mc\u0131s\u0131 Erkan Demircan ile yap\u0131lan g\u00f6r\u00fc\u015fmeler sonu\u00e7suz kal\u0131nca PKK&#8217;l\u0131 Mensur G\u00fczel&#8217;in ablas\u0131 Binnaz G\u00fczel gelerek polis m\u00fcd\u00fcrleri ile g\u00f6r\u00fc\u015ft\u00fc. Ellerine k\u0131na yakan abla G\u00fczel, &#8220;Bak\u0131n ben ellerime k\u0131na yakt\u0131m tek erkek karde\u015fimdi. Ona evin \u00f6n\u00fcnde d\u00fc\u011f\u00fcn yapaca\u011f\u0131m l\u00fctfen izin verin&#8221; dedi.<\/p>\n<p style=\"text-align: justify;\">Polis yetkilileri bu \u015fekilde bir t\u00f6rene izin vermeleri halinde t\u00f6rene kat\u0131lan kitlenin korsan g\u00f6steri yapabileceklerini s\u00f6yledi.<\/p>\n<p style=\"text-align: justify;\">\u015eanl\u0131urfa karayolu \u00fczerinde s\u00fcren diyaloglar sonu\u00e7suz kal\u0131rken yol yakla\u015f\u0131k 5 saat trafi\u011fe kapand\u0131.<\/p>\n<p style=\"text-align: justify;\">Abla Binnaz G\u00fczel daha sonra k\u0131nal\u0131 elini kameralara g\u00f6stererek &#8220;Benim d\u00fc\u011f\u00fcn\u00fcm var. D\u00fc\u011f\u00fcn\u00fcm\u00fcze ge\u00e7 kalaca\u011f\u0131z. Olan olmu\u015f zaten biliyorsunuz. Karde\u015fim 4 y\u0131ld\u0131r evinden uzakta. Eve g\u00f6t\u00fcr\u00fcp k\u0131na yapaca\u011f\u0131z&#8221; diyerek z\u0131lg\u0131t \u00e7ekti.<\/p>\n<p style=\"text-align: justify;\">Araca binen abla G\u00fczel daha sonra eline k\u0131na tepsisi alarak K\u00fcrt\u00e7e \u015fark\u0131 s\u00f6yledi. Ak\u015fam saatlerine kadar s\u00fcren diyalog sonucunda Mensur G\u00fczel&#8217;in cenazesi Yenik\u00f6y mezarl\u0131\u011f\u0131na getirilerek morga konuldu. G\u00fczel&#8217;in cenazesi yar\u0131n topra\u011fa verilecek.<\/p>\n<p style=\"text-align: justify;\"><a href=\"http:\/\/www.cnnturk.com\/2011\/turkiye\/11\/14\/gemi.kaciran.pkklinin.kandil.hatirasi\/636723.0\/index.html\" target=\"_blank\">Kaynak : CNN T\u00dcRK<\/a><\/p>\n","protected":false},"excerpt":{"rendered":"<p style=\"text-align: center;\">\n<p style=\"text-align: justify;\">Kartepe Deniz Otob\u00fcs\u00fc&#8217;n\u00fc 11 Kas\u0131m g\u00fcn\u00fc ka\u00e7\u0131ran PKK&#8217;l\u0131 Mensur G\u00fczel&#8217;in Kuzey Irak&#8217;ta da\u011fda \u00e7ekildi\u011fi foto\u011fraf\u0131 ortaya \u00e7\u0131kt\u0131.<\/p>\n<p style=\"text-align: justify;\">Edinilen bilgiye g\u00f6re, 1984 y\u0131l\u0131nda Diyarbak\u0131r&#8217;\u0131n Kulp il\u00e7esinde do\u011fan G\u00fczel, ailesiyle beraber 1992 y\u0131l\u0131nda \u0130zmit&#8217;e g\u00f6\u00e7 etti. <\/p>\n","protected":false},"author":1,"featured_media":0,"comment_status":"open","ping_status":"open","sticky":false,"template":"","format":"standard","meta":{"footnotes":""},"categories":[105],"tags":[474],"class_list":["post-42415","post","type-post","status-publish","format-standard","hentry","category-gundem","tag-mensur-guzel","odd"],"_links":{"self":[{"href":"http:\/\/www.korhanyilmaz.com\/index.php?rest_route=\/wp\/v2\/posts\/42415","targetHints":{"allow":["GET"]}}],"collection":[{"href":"http:\/\/www.korhanyilmaz.com\/index.php?rest_route=\/wp\/v2\/posts"}],"about":[{"href":"http:\/\/www.korhanyilmaz.com\/index.php?rest_route=\/wp\/v2\/types\/post"}],"author":[{"embeddable":true,"href":"http:\/\/www.korhanyilmaz.com\/index.php?rest_route=\/wp\/v2\/users\/1"}],"replies":[{"embeddable":true,"href":"http:\/\/www.korhanyilmaz.com\/index.php?rest_route=%2Fwp%2Fv2%2Fcomments&post=42415"}],"version-history":[{"count":0,"href":"http:\/\/www.korhanyilmaz.com\/index.php?rest_route=\/wp\/v2\/posts\/42415\/revisions"}],"wp:attachment":[{"href":"http:\/\/www.korhanyilmaz.com\/index.php?rest_route=%2Fwp%2Fv2%2Fmedia&parent=42415"}],"wp:term":[{"taxonomy":"category","embeddable":true,"href":"http:\/\/www.korhanyilmaz.com\/index.php?rest_route=%2Fwp%2Fv2%2Fcategories&post=42415"},{"taxonomy":"post_tag","embeddable":true,"href":"http:\/\/www.korhanyilmaz.com\/index.php?rest_route=%2Fwp%2Fv2%2Ftags&post=42415"}],"curies":[{"name":"wp","href":"https:\/\/api.w.org\/{rel}","templated":true}]}}