{"id":42411,"date":"2011-11-14T11:17:17","date_gmt":"2011-11-14T09:17:17","guid":{"rendered":"http:\/\/www.korhanyilmaz.com\/?p=42411"},"modified":"2011-11-14T22:35:23","modified_gmt":"2011-11-14T20:35:23","slug":"tesadufun-boylesi","status":"publish","type":"post","link":"http:\/\/www.korhanyilmaz.com\/?p=42411","title":{"rendered":"Tesad\u00fcf\u00fcn b\u00f6ylesi"},"content":{"rendered":"<p style=\"text-align: center;\"><a href=\"http:\/\/www.korhanyilmaz.com\/wp-content\/uploads\/2011\/11\/7079.jpg\"  class=\"lightview\"><img loading=\"lazy\" decoding=\"async\" class=\"aligncenter  wp-image-42412\" src=\"http:\/\/www.korhanyilmaz.com\/wp-content\/uploads\/2011\/11\/7079.jpg\" alt=\"\" width=\"396\" height=\"180\" \/><\/a><\/p>\n<p style=\"text-align: justify;\">M\u0130T&#8217;in esrarengiz ismi Ka\u015fif Kozino\u011flu&#8217;nun \u00f6l\u00fcm\u00fcn\u00fc Kurtlar Vadisi dizisi 3 g\u00fcn \u00f6nceden bildi.<\/p>\n<p style=\"text-align: justify;\">\u0130STANBUL &#8211; Dizinin 123\u2019\u00fcnc\u00fc b\u00f6l\u00fcm\u00fcnde diziye kat\u0131lan \u201cKaz\u0131m Ka\u015fifo\u011flu\u201d karakterinin, asl\u0131nda Kozino\u011flu\u2019nu anlatt\u0131\u011f\u0131 \u00f6ne s\u00fcr\u00fclm\u00fc\u015ft\u00fc. Oyuncu Sedat Savtak\u2019\u0131n canland\u0131rd\u0131\u011f\u0131 karakter, dizide Cumhurba\u015fkan\u0131n\u0131 bile tehdit edebilecek derecede g\u00fc\u00e7l\u00fcyd\u00fc.<!--more--><\/p>\n<p style=\"text-align: justify;\">Dizideki Ka\u015fifo\u011flu karakterinin son b\u00f6l\u00fcmde Ye\u015fil\u2019i canland\u0131ran \u201cKara\u201d, Ka\u015fifo\u011flu\u2019nu \u00f6ld\u00fcrmek i\u00e7in yeniden sahaya iniyordu. Dizinin bu zamanlamas\u0131, tart\u0131\u015fmalar\u0131 da beraberinde getirdi.<\/p>\n<p style=\"text-align: justify;\">Kurtlar Vadisi Pusu dizisinin, ge\u00e7en per\u015fembe yay\u0131nlanan 136.b\u00f6l\u00fcm\u00fcnde, Ka\u015fif Kozino\u011flu karakterini,Kaz\u0131m Ka\u015fifo\u011flu ad\u0131yla canland\u0131ran kahraman, i\u00e7in \u00f6l\u00fcm emri verilmi\u015fti. Bu b\u00f6l\u00fcm\u00fcn yay\u0131nlanmas\u0131ndan \u00fc\u00e7 g\u00fcn sonra Ka\u015fif Kozino\u011flu\u2019nun Silivri\u2019de \u015f\u00fcpheli \u00f6l\u00fcm\u00fc, kafalar\u0131 kar\u0131\u015ft\u0131rd\u0131. Polat alemdar, bu b\u00f6l\u00fcmde, uyu\u015fturucu sat\u0131c\u0131s\u0131 Ya\u015far Kat\u0131rc\u0131\u2019ya \u2018Ka\u015fifo\u011flu\u2019nu (Kozino\u011flu) teslim ediyor.<\/p>\n<p style=\"text-align: justify;\">K\u0131z\u0131n\u0131n \u00f6l\u00fcm\u00fcnden Ka\u015fifo\u011flu\u2019nu sorumlu tutan uyu\u015fturucu a\u011fas\u0131 Ya\u015far A\u011fa, k\u0131z\u0131n\u0131n Kurtlar Vadisi\u2019nde, Kazim Ka\u015fifo\u011flu, \u00f6l\u00fcme giderken polislerce kurtar\u0131ld\u0131.<\/p>\n<p style=\"text-align: justify;\">Mezar\u0131nda Ke\u015fifo\u011flu\u2019nu \u00f6ld\u00fcrmek isterken, polis engeline tak\u0131ld\u0131. Devletin i\u00e7inden bir birim, \u201cO gizli tan\u0131k\u201d diyerek, Ya\u015far\u2019\u0131n elinden Ka\u015fifo\u011flu\u2019nu kurtard\u0131. Ancak, Ya\u015far A\u011fa\u2019n\u0131n yard\u0131mc\u0131s\u0131 ilhan, \u201cKa\u015fifo\u011flu azrailin ben olaca\u011f\u0131m. Seni \u00f6ld\u00fcrece\u011fim\u201d diye ba\u011f\u0131rarak, Ka\u015fifo\u011flu\u2019nun polis arac\u0131yla gidi\u015fine isyan etti. Ya\u015far A\u011fa da, bir devlet yetkilisine, \u201cO Ka\u015fifo\u011flu\u2019nu tahamm\u00fcden \u00f6ld\u00fcrece\u011fim, itiraf ediyorum. Bana verin onu. Ben \u00f6ld\u00fcremezsem, arkamdan gelenler \u00f6ld\u00fcrecek\u201d diyerek, a\u00e7\u0131kca meydan okudu.<\/p>\n<p style=\"text-align: justify;\"><a href=\"http:\/\/www.gazeteport.com.tr\/haber\/62770\/tesadufun_boylesi\" target=\"_blank\">Kaynak : GAZETEPORT<\/a><\/p>\n","protected":false},"excerpt":{"rendered":"<p style=\"text-align: center;\">\n<p style=\"text-align: justify;\">M\u0130T&#8217;in esrarengiz ismi Ka\u015fif Kozino\u011flu&#8217;nun \u00f6l\u00fcm\u00fcn\u00fc Kurtlar Vadisi dizisi 3 g\u00fcn \u00f6nceden bildi.<\/p>\n<p style=\"text-align: justify;\">\u0130STANBUL &#8211; Dizinin 123\u2019\u00fcnc\u00fc b\u00f6l\u00fcm\u00fcnde diziye kat\u0131lan \u201cKaz\u0131m Ka\u015fifo\u011flu\u201d karakterinin, asl\u0131nda Kozino\u011flu\u2019nu anlatt\u0131\u011f\u0131 \u00f6ne s\u00fcr\u00fclm\u00fc\u015ft\u00fc. Oyuncu Sedat Savtak\u2019\u0131n canland\u0131rd\u0131\u011f\u0131 karakter, dizide Cumhurba\u015fkan\u0131n\u0131 bile tehdit edebilecek derecede g\u00fc\u00e7l\u00fcyd\u00fc.<\/p>\n","protected":false},"author":1,"featured_media":0,"comment_status":"open","ping_status":"open","sticky":false,"template":"","format":"standard","meta":{"footnotes":""},"categories":[105],"tags":[473],"class_list":["post-42411","post","type-post","status-publish","format-standard","hentry","category-gundem","tag-kasif-kozinoglu","odd"],"_links":{"self":[{"href":"http:\/\/www.korhanyilmaz.com\/index.php?rest_route=\/wp\/v2\/posts\/42411","targetHints":{"allow":["GET"]}}],"collection":[{"href":"http:\/\/www.korhanyilmaz.com\/index.php?rest_route=\/wp\/v2\/posts"}],"about":[{"href":"http:\/\/www.korhanyilmaz.com\/index.php?rest_route=\/wp\/v2\/types\/post"}],"author":[{"embeddable":true,"href":"http:\/\/www.korhanyilmaz.com\/index.php?rest_route=\/wp\/v2\/users\/1"}],"replies":[{"embeddable":true,"href":"http:\/\/www.korhanyilmaz.com\/index.php?rest_route=%2Fwp%2Fv2%2Fcomments&post=42411"}],"version-history":[{"count":0,"href":"http:\/\/www.korhanyilmaz.com\/index.php?rest_route=\/wp\/v2\/posts\/42411\/revisions"}],"wp:attachment":[{"href":"http:\/\/www.korhanyilmaz.com\/index.php?rest_route=%2Fwp%2Fv2%2Fmedia&parent=42411"}],"wp:term":[{"taxonomy":"category","embeddable":true,"href":"http:\/\/www.korhanyilmaz.com\/index.php?rest_route=%2Fwp%2Fv2%2Fcategories&post=42411"},{"taxonomy":"post_tag","embeddable":true,"href":"http:\/\/www.korhanyilmaz.com\/index.php?rest_route=%2Fwp%2Fv2%2Ftags&post=42411"}],"curies":[{"name":"wp","href":"https:\/\/api.w.org\/{rel}","templated":true}]}}