{"id":4241,"date":"2009-03-01T09:31:50","date_gmt":"2009-03-01T07:31:50","guid":{"rendered":"http:\/\/www.korhanyilmaz.com\/?p=4241"},"modified":"2009-03-01T09:31:50","modified_gmt":"2009-03-01T07:31:50","slug":"polise-de-kimlik-sorulabilecek","status":"publish","type":"post","link":"http:\/\/www.korhanyilmaz.com\/?p=4241","title":{"rendered":"Polise de kimlik sorulabilecek"},"content":{"rendered":"<p style=\"text-align: center;\"><img loading=\"lazy\" decoding=\"async\" class=\"aligncenter size-full wp-image-4242\" title=\"Polise de kimlik sorulabilecek\" src=\"http:\/\/www.korhanyilmaz.com\/wp-content\/uploads\/2009\/03\/kmlklerrrr.jpg\" alt=\"Polise de kimlik sorulabilecek\" width=\"352\" height=\"184\" \/><\/p>\n<p style=\"text-align: justify;\"><strong>\u0130\u00e7i\u015fleri Bakan\u0131 Atalay a\u00e7\u0131klad\u0131&#8230;<\/strong><\/p>\n<p style=\"text-align: justify;\">\u0130\u00e7i\u015fleri Bakan\u0131 Be\u015fir Atalay, \u00fcst ve e\u015fya aramas\u0131n\u0131n icras\u0131 s\u0131ras\u0131nda kolluk g\u00f6revlilerinin kendilerini ispatlayan kimliklerini g\u00f6stermelerinin zorunluluk oldu\u011funu belirterek &#8220;Vatanda\u015flar\u0131m\u0131z\u0131n kolluk g\u00f6revlileriyle muhatap olmalar\u0131 halinde kendilerine kimliklerini sormaya engel bir durum s\u00f6z konusu de\u011fildir&#8221; dedi.<\/p>\n<p style=\"text-align: justify;\">\u0130\u00e7i\u015fleri Bakan\u0131 Be\u015fir Atalay, DTP \u0130stanbul Milletvekili Sebahat Tuncel&#8217;in \u0130stanbul Avc\u0131lar&#8217;da bir grup \u015fahs\u0131n polis k\u0131yafetiyle bir kad\u0131n\u0131 ka\u00e7\u0131rarak tecav\u00fcz etmelerine ili\u015fkin soru \u00f6nergesini yan\u0131tlad\u0131. Tuncel Bakan Atalay&#8217;a &#8220;Vatanda\u015f\u0131n polise kimlik sorma hakk\u0131 nas\u0131l g\u00fcvence alt\u0131na al\u0131nacakt\u0131r?&#8221; sorusunu y\u00f6neltti. Tuncel&#8217;in soru \u00f6nergesine yan\u0131t veren Bakan Atalay ise \u0130stanbul Avc\u0131lar&#8217;da meydana gelen olayla ilgili olarak K\u00fc\u00e7\u00fck\u00e7ekmece Cumhuriyet Ba\u015fsavc\u0131l\u0131\u011f\u0131&#8217;na su\u00e7 duyurusunda bulunuldu\u011funu belirtirken soru\u015fturman\u0131n halen devam etti\u011fini bildirdi. Atalay, olayla ilgili yap\u0131lan \u00e7al\u0131\u015fmalar sonucunda 28 Aral\u0131k tarihinde yakalanan be\u015f ki\u015fiden \u00fc\u00e7\u00fcn\u00fcn ise tutukland\u0131\u011f\u0131n\u0131 kaydetti.<!--more--><\/p>\n<p style=\"text-align: justify;\">Atalay, Polis Vazife ve Salahiyet Kanunu&#8217;nda &#8220;Polis g\u00f6revini yerine getirirken kendisinin polis oldu\u011funu belirleyen belgeyi g\u00f6sterdikten sonra ki\u015filere kimli\u011fini sorabilir&#8221; \u015feklinde d\u00fczenleme yap\u0131ld\u0131\u011f\u0131n\u0131 ve bu d\u00fczenlemeyle belirtilen yetkinin do\u011frudan kolluk g\u00f6revlisine y\u00fcklendi\u011fini ifade etti. Atalay, &#8220;Adli ve \u00d6nleme Aramalar\u0131 Y\u00f6netmeli\u011fi&#8217;nin 28&#8217;nci maddesine g\u00f6re \u00fcst ve e\u015fya aramas\u0131n\u0131n icras\u0131 s\u0131ras\u0131nda kolluk g\u00f6revlilerinin kendilerini ispatlayan kimliklerini g\u00f6stermeleri zorunluluk olarak \u00f6ng\u00f6r\u00fclm\u00fc\u015ft\u00fcr. Vatanda\u015flar\u0131m\u0131z\u0131n kolluk g\u00f6revlileriyle muhatap olmalar\u0131 halinde kendilerine kimliklerini sormaya engel bir durum s\u00f6z konusu de\u011fildir.&#8221; dedi.<br \/>\nToplumun g\u00fcvenlikle ilgili beklentilerine cevap verebilmek i\u00e7in polisle toplum aras\u0131nda g\u00fcvene dayal\u0131 kal\u0131c\u0131 ili\u015fkiler kurmak i\u00e7in Toplum Destekli Polislik uygulamas\u0131na ge\u00e7ildi\u011fini hat\u0131rlatan Atalay, &#8220;Ayr\u0131ca kolluk mensuplar\u0131m\u0131zca, insan haklar\u0131n\u0131n en \u00fcst d\u00fczeyde korunmas\u0131 ve bunun uygulamalara yans\u0131t\u0131lmas\u0131, polis-toplum ili\u015fkilerinde evrensel ortak de\u011ferlerin esas al\u0131narak g\u00fcvenlik alan\u0131nda daha iyi hizmet verilebilmesi amac\u0131yla &#8216;Kolluk Etik \u0130lkeleri&#8217; haz\u0131rlanm\u0131\u015f ve uygulama konulmu\u015ftur&#8221; dedi.\n<\/p>\n<p style=\"text-align: justify;\"><span style=\"color: #888888;\">ANKA<\/span><\/p>\n","protected":false},"excerpt":{"rendered":"<p style=\"text-align: center;\">\n<p style=\"text-align: justify;\">\u0130\u00e7i\u015fleri Bakan\u0131 Atalay a\u00e7\u0131klad\u0131&#8230;<\/p>\n<p style=\"text-align: justify;\">\u0130\u00e7i\u015fleri Bakan\u0131 Be\u015fir Atalay, \u00fcst ve e\u015fya aramas\u0131n\u0131n icras\u0131 s\u0131ras\u0131nda kolluk g\u00f6revlilerinin kendilerini ispatlayan kimliklerini g\u00f6stermelerinin zorunluluk oldu\u011funu belirterek &#8220;Vatanda\u015flar\u0131m\u0131z\u0131n kolluk g\u00f6revlileriyle muhatap olmalar\u0131 halinde kendilerine kimliklerini sormaya engel bir durum s\u00f6z konusu de\u011fildir&#8221; dedi.<\/p>\n<p style=\"text-align: justify;\">\u0130\u00e7i\u015fleri Bakan\u0131 Be\u015fir Atalay, DTP \u0130stanbul Milletvekili <\/p>\n","protected":false},"author":1,"featured_media":0,"comment_status":"open","ping_status":"closed","sticky":false,"template":"","format":"standard","meta":{"footnotes":""},"categories":[105],"tags":[],"class_list":["post-4241","post","type-post","status-publish","format-standard","hentry","category-gundem","odd"],"_links":{"self":[{"href":"http:\/\/www.korhanyilmaz.com\/index.php?rest_route=\/wp\/v2\/posts\/4241","targetHints":{"allow":["GET"]}}],"collection":[{"href":"http:\/\/www.korhanyilmaz.com\/index.php?rest_route=\/wp\/v2\/posts"}],"about":[{"href":"http:\/\/www.korhanyilmaz.com\/index.php?rest_route=\/wp\/v2\/types\/post"}],"author":[{"embeddable":true,"href":"http:\/\/www.korhanyilmaz.com\/index.php?rest_route=\/wp\/v2\/users\/1"}],"replies":[{"embeddable":true,"href":"http:\/\/www.korhanyilmaz.com\/index.php?rest_route=%2Fwp%2Fv2%2Fcomments&post=4241"}],"version-history":[{"count":0,"href":"http:\/\/www.korhanyilmaz.com\/index.php?rest_route=\/wp\/v2\/posts\/4241\/revisions"}],"wp:attachment":[{"href":"http:\/\/www.korhanyilmaz.com\/index.php?rest_route=%2Fwp%2Fv2%2Fmedia&parent=4241"}],"wp:term":[{"taxonomy":"category","embeddable":true,"href":"http:\/\/www.korhanyilmaz.com\/index.php?rest_route=%2Fwp%2Fv2%2Fcategories&post=4241"},{"taxonomy":"post_tag","embeddable":true,"href":"http:\/\/www.korhanyilmaz.com\/index.php?rest_route=%2Fwp%2Fv2%2Ftags&post=4241"}],"curies":[{"name":"wp","href":"https:\/\/api.w.org\/{rel}","templated":true}]}}