{"id":42408,"date":"2011-11-14T13:06:42","date_gmt":"2011-11-14T11:06:42","guid":{"rendered":"http:\/\/www.korhanyilmaz.com\/?p=42408"},"modified":"2011-11-14T22:32:25","modified_gmt":"2011-11-14T20:32:25","slug":"eksik-mudahale-oldurdu","status":"publish","type":"post","link":"http:\/\/www.korhanyilmaz.com\/?p=42408","title":{"rendered":"&#8220;Eksik m\u00fcdahale \u00f6ld\u00fcrd\u00fc&#8221;"},"content":{"rendered":"<p style=\"text-align: center;\"><a href=\"http:\/\/www.korhanyilmaz.com\/wp-content\/uploads\/2011\/11\/70761.jpg\"  class=\"lightview\"><img loading=\"lazy\" decoding=\"async\" class=\"aligncenter  wp-image-42409\" src=\"http:\/\/www.korhanyilmaz.com\/wp-content\/uploads\/2011\/11\/70761.jpg\" alt=\"\" width=\"396\" height=\"180\" \/><\/a><\/p>\n<p style=\"text-align: justify;\">Ka\u015fif Kozino\u011flu&#8217;nun cezaevinde hayat\u0131n\u0131 kaybetmesinin ard\u0131ndan CHP&#8217;li vekillerden ilgin\u00e7 a\u00e7\u0131klamalar geldi.<\/p>\n<p style=\"text-align: justify;\">\u0130STANBUL &#8211; Odatv Davas\u0131&#8217;n\u0131n tutuklu san\u0131\u011f\u0131 M\u0130T Ba\u015fm\u00fc\u015faviri Ka\u015fif Kozino\u011flu&#8217;nun cezaevinde hayat\u0131n\u0131 kaybetmesinin ard\u0131ndan CHP&#8217;li vekiller ilgin\u00e7 a\u00e7\u0131klamalar yapt\u0131. CHP Grup Ba\u015fkanvekili Emine \u00dclker Tarhan, \u201ccezaevlerinin yava\u015f yava\u015f morga d\u00f6n\u00fc\u015ft\u00fc\u011f\u00fcn\u00fc\u201d iddia etti.<!--more--><\/p>\n<p style=\"text-align: justify;\">CHP \u0130zmir Milletvekili Aytun \u00c7\u0131ray ise 3 ay \u00f6nce Silivri Cezaevini ziyaret ettiklerini ve bir tutanak haz\u0131rlad\u0131klar\u0131n\u0131 belirterek, cezaevinin revirinde stetoskop ve tansiyon aleti d\u0131\u015f\u0131nda hi\u00e7bir t\u0131bbi cihaz bulunmad\u0131\u011f\u0131n\u0131 tespit ettiklerini s\u00f6yledi.<\/p>\n<p style=\"text-align: justify;\"><strong>MORGA D\u00d6N\u00dc\u015e\u00dcYOR<\/strong><\/p>\n<p style=\"text-align: justify;\">CHP Grup Ba\u015fkanvekili Emine \u00dclker Tarhan, Odatv soru\u015fturmas\u0131 kapsam\u0131nda tutuklu yarg\u0131lanan M\u0130T g\u00f6revlisi Ka\u015fif Kozino\u011flu&#8217;nun \u00f6l\u00fcm\u00fcn\u00fc de\u011ferlendirirken, \u201ccezaevlerinin yava\u015f yava\u015f morga d\u00f6n\u00fc\u015ft\u00fc\u011f\u00fcn\u00fc\u201d iddia etti.<\/p>\n<p style=\"text-align: justify;\">Tarhan, yapt\u0131\u011f\u0131 yaz\u0131l\u0131 a\u00e7\u0131klamada, Adalet Bakanl\u0131\u011f\u0131n\u0131n y\u00f6netimindeki \u00f6zel yetkili mahkemeler ve infaz evlerinin \u201cadaletin de\u011fil; iftira, tuzak ve sahte davalar\u0131n\u201d merkezi haline geldi\u011fini \u00f6ne s\u00fcrd\u00fc. \u201cCezaevlerinin yava\u015f yava\u015f morga d\u00f6n\u00fc\u015ft\u00fc\u011f\u00fcn\u00fc\u201d ileri s\u00fcren Tarhan, a\u011f\u0131r cezaevi ko\u015fullar\u0131n\u0131n yeniden sorgulanmas\u0131 gerekti\u011fini belirtti.<\/p>\n<p style=\"text-align: justify;\"><span style=\"text-decoration: underline;\">Tarhan, a\u00e7\u0131klamas\u0131nda \u015fu ifadelere yer verdi:<\/span><\/p>\n<p style=\"text-align: justify;\">\u201cCezaevindeki hastalara rapor verenleri bile cezaevine atan, hasta odalar\u0131nda bask\u0131n ve aramalar yapan bir zihniyetin, birilerinin kini susuncaya kadar ve intikam\u0131 al\u0131nmadan muhalifleri sal\u0131vermeyece\u011fi ve a\u011f\u0131r bedeller \u00f6detmeye yeminli oldu\u011fu a\u00e7\u0131kt\u0131r.<\/p>\n<p style=\"text-align: justify;\">Daha \u00f6nce \u00f6rnekleri g\u00f6r\u00fcld\u00fc\u011f\u00fc \u00fczere, devlete emanet edildi\u011fi s\u00f6ylenen bir ki\u015fi daha \u00f6l\u00fcme gitmi\u015f ya da g\u00f6nderilmi\u015ftir. Taamm\u00fcden \u00f6l\u00fcme neden olan sahte dava kurgulay\u0131c\u0131lar\u0131, tutuklayanlar devlet eliyle korumaya al\u0131nm\u0131\u015f, tazminattan dahi muaf tutulmu\u015flard\u0131r.<\/p>\n<p style=\"text-align: justify;\"><strong>HABERAL&#8217;I NASIL KORUYACAKSINIZ?<\/strong><\/p>\n<p style=\"text-align: justify;\">Hani hastalar i\u00e7in cezaevinde ambulans helikopter vard\u0131? Hani hi\u00e7 vakit kaybetmeden hastaneye yeti\u015ftirip hayat kurtar\u0131yorlard\u0131? Hani A\u0130HM&#8217;e b\u00f6yle bilgi verilmi\u015fti? Sa\u011fl\u0131kl\u0131 ki\u015filerin ya\u015fam\u0131n\u0131 cezaevinde koruyup kollayamayan bir devlet \u00e7ok hasta olan Mehmet Haberal&#8217;\u0131 nas\u0131l koruyacak?<\/p>\n<p style=\"text-align: justify;\">Bu haks\u0131z ve hukuksuz tutuklamalar\u0131n sona ermesi i\u00e7in daha ka\u00e7 ki\u015finin \u00f6lmesi ya da isim isim kimlerin \u00f6lmesi bekleniyor? Ayd\u0131nlar\u0131, gazetecileri, milletvekillerini, yurtseverleri zindanlarda \u00f6lmeye yat\u0131ranlar, halk\u0131n iradesine ve g\u00fcc\u00fcne, kelep\u00e7eler ve s\u00fcng\u00fclerle engel olanlar, bir g\u00fcn bunun hesab\u0131n\u0131 vereceklerdir.\u201d<\/p>\n<p style=\"text-align: justify;\"><strong>SADECE STETOSKOP VE TANS\u0130YON ALET\u0130 VAR<\/strong><\/p>\n<p style=\"text-align: justify;\">CHP \u0130zmir Milletvekili Aytun \u00c7\u0131ray ise 3 ay \u00f6nce Silivri Cezaevini ziyaret ettiklerini ve bir tutanak haz\u0131rlad\u0131klar\u0131n\u0131 bildirerek, cezaevinin revirinde stetoskop ve tansiyon aleti d\u0131\u015f\u0131nda hi\u00e7bir t\u0131bbi cihaz bulunmad\u0131\u011f\u0131n\u0131 tespit ettiklerini kaydetti. Kozino\u011flu&#8217;nun, cezaevinde, \u201ceksik m\u00fcdahaleden\u201d dolay\u0131 hayat\u0131n\u0131 kaybetti\u011fini iddia eden \u00c7\u0131ray, s\u00f6z konusu cezaevinde ya\u015fan\u0131lanlar\u0131n insan haklar\u0131na ayk\u0131r\u0131 oldu\u011funu belirtti.<\/p>\n<p style=\"text-align: justify;\">\u00c7\u0131ray, cezaevi revirinde, Mehmet Haberal ve benzer durumda olan tutuklularda ortaya \u00e7\u0131kabilecek bir kalp durmas\u0131 halinde, m\u00fcdahale edilebilecek imkanlar\u0131n mevcut olmad\u0131\u011f\u0131n\u0131 ifade etti.<\/p>\n<p style=\"text-align: justify;\"><a href=\"http:\/\/www.gazeteport.com.tr\/haber\/62806\/eksik_mudahale_oldurdu\" target=\"_blank\">Kaynak : GAZETEPORT<\/a><\/p>\n","protected":false},"excerpt":{"rendered":"<p style=\"text-align: center;\">\n<p style=\"text-align: justify;\">Ka\u015fif Kozino\u011flu&#8217;nun cezaevinde hayat\u0131n\u0131 kaybetmesinin ard\u0131ndan CHP&#8217;li vekillerden ilgin\u00e7 a\u00e7\u0131klamalar geldi.<\/p>\n<p style=\"text-align: justify;\">\u0130STANBUL &#8211; Odatv Davas\u0131&#8217;n\u0131n tutuklu san\u0131\u011f\u0131 M\u0130T Ba\u015fm\u00fc\u015faviri Ka\u015fif Kozino\u011flu&#8217;nun cezaevinde hayat\u0131n\u0131 kaybetmesinin ard\u0131ndan CHP&#8217;li vekiller ilgin\u00e7 a\u00e7\u0131klamalar yapt\u0131. CHP Grup Ba\u015fkanvekili Emine \u00dclker Tarhan, \u201ccezaevlerinin yava\u015f yava\u015f morga d\u00f6n\u00fc\u015ft\u00fc\u011f\u00fcn\u00fc\u201d iddia etti.<\/p>\n","protected":false},"author":1,"featured_media":0,"comment_status":"open","ping_status":"open","sticky":false,"template":"","format":"standard","meta":{"footnotes":""},"categories":[105],"tags":[473],"class_list":["post-42408","post","type-post","status-publish","format-standard","hentry","category-gundem","tag-kasif-kozinoglu","odd"],"_links":{"self":[{"href":"http:\/\/www.korhanyilmaz.com\/index.php?rest_route=\/wp\/v2\/posts\/42408","targetHints":{"allow":["GET"]}}],"collection":[{"href":"http:\/\/www.korhanyilmaz.com\/index.php?rest_route=\/wp\/v2\/posts"}],"about":[{"href":"http:\/\/www.korhanyilmaz.com\/index.php?rest_route=\/wp\/v2\/types\/post"}],"author":[{"embeddable":true,"href":"http:\/\/www.korhanyilmaz.com\/index.php?rest_route=\/wp\/v2\/users\/1"}],"replies":[{"embeddable":true,"href":"http:\/\/www.korhanyilmaz.com\/index.php?rest_route=%2Fwp%2Fv2%2Fcomments&post=42408"}],"version-history":[{"count":0,"href":"http:\/\/www.korhanyilmaz.com\/index.php?rest_route=\/wp\/v2\/posts\/42408\/revisions"}],"wp:attachment":[{"href":"http:\/\/www.korhanyilmaz.com\/index.php?rest_route=%2Fwp%2Fv2%2Fmedia&parent=42408"}],"wp:term":[{"taxonomy":"category","embeddable":true,"href":"http:\/\/www.korhanyilmaz.com\/index.php?rest_route=%2Fwp%2Fv2%2Fcategories&post=42408"},{"taxonomy":"post_tag","embeddable":true,"href":"http:\/\/www.korhanyilmaz.com\/index.php?rest_route=%2Fwp%2Fv2%2Ftags&post=42408"}],"curies":[{"name":"wp","href":"https:\/\/api.w.org\/{rel}","templated":true}]}}