{"id":42404,"date":"2011-11-14T00:01:20","date_gmt":"2011-11-13T22:01:20","guid":{"rendered":"http:\/\/www.korhanyilmaz.com\/?p=42404"},"modified":"2011-11-14T22:28:39","modified_gmt":"2011-11-14T20:28:39","slug":"sirlariyla-birlikte-gitti","status":"publish","type":"post","link":"http:\/\/www.korhanyilmaz.com\/?p=42404","title":{"rendered":"S\u0131rlar\u0131yla birlikte gitti"},"content":{"rendered":"<p style=\"text-align: center;\"><a href=\"http:\/\/www.korhanyilmaz.com\/wp-content\/uploads\/2011\/11\/7078.jpg\"  class=\"lightview\"><img loading=\"lazy\" decoding=\"async\" class=\"aligncenter  wp-image-42406\" src=\"http:\/\/www.korhanyilmaz.com\/wp-content\/uploads\/2011\/11\/7078.jpg\" alt=\"\" width=\"396\" height=\"180\" \/><\/a><\/p>\n<p style=\"text-align: justify;\">S\u0131rlar\u0131yla birlikte \u00f6len Oda TV tutuklusu, M\u0130T\u2019\u00e7i Ka\u015fif Kozino\u011flu, TSK\u2019da Binba\u015f\u0131 r\u00fctbesindeyken Mehmet Eym\u00fcr taraf\u0131ndan M\u0130T\u2019e al\u0131nd\u0131. MAK\u2019\u0131n kurucular\u0131ndand\u0131. Perin\u00e7ek\u2019e suikast ve \u00c7ak\u0131c\u0131\u2019y\u0131 kurtarma giri\u015fimiyle su\u00e7land\u0131. Mercedes operasyonunda g\u00f6rev ald\u0131.<!--more--><\/p>\n<p style=\"text-align: justify;\">ANKARA &#8211; Oda TV davas\u0131ndan tutuklanan ve Silivri Cezaevinde rahats\u0131zlanarak hastanede hayat\u0131n\u0131 kaybeden, M\u0130T mensubu Ka\u015fif Kozino\u011flu, \u2018\u2019\u00c7ok esrarengiz bir isim\u2019\u2019 olarak g\u00fcndeme geldi. M\u0130T eski Kontrte\u00f6r Daire Ba\u015fkan\u0131 Mehmet Eym\u00fcr taraf\u0131ndan M\u0130T\u2019e al\u0131nan Kozino\u011flu, Binba\u015f\u0131 r\u00fctbesine kadar TSK\u2019da g\u00f6rev yapm\u0131\u015f, \u00d6zel Kuvvetler MAK biriminin kurucular\u0131 aras\u0131nda da yer alm\u0131\u015ft\u0131.<\/p>\n<p style=\"text-align: justify;\">Kozino\u011flu\u2019nun ad\u0131 ilk olarak, M\u0130T- Mafya-Yarg\u0131tay skandal\u0131yla duyuldu. Alaattin \u00c7ak\u0131c\u0131&#8217;n\u0131n davas\u0131 i\u00e7in d\u00f6nemin Yarg\u0131tay Ba\u015fkan\u0131 Eraslan \u00d6zkaya ile g\u00f6r\u00fc\u015ft\u00fc. \u00d6zkaya, Kozino\u011flu i\u00e7in \u2018\u2019Rambo gibi bir adamd\u0131\u2019\u2019 yak\u0131\u015ft\u0131rmas\u0131 yapt\u0131. \u00c7ak\u0131c\u0131&#8217;n\u0131n ceza almamas\u0131 i\u00e7in Yarg\u0131tay&#8217;daki dosyas\u0131n\u0131 takip etti\u011fi ortaya \u00e7\u0131kan Kozino\u011flu, 5 ay hapse mahkum oldu. Kozino\u011flu ise \u00fcst d\u00fczey bir devlet g\u00f6revlisine suikast giri\u015fimini \u00f6nlemek i\u00e7in \u00c7ak\u0131c\u0131 ve Yarg\u0131ray ile temas kurdu\u011funu \u00f6ne s\u00fcrd\u00fc.<\/p>\n<p style=\"text-align: justify;\"><strong>MERCEDES OPERASYONU<\/strong><\/p>\n<p style=\"text-align: justify;\">\u00d6zel Kuvvetlerin bir kolu olan Muharebe Arama Kurtarma Birli\u011fi MAK&#8217;\u0131n da kurucular\u0131 aras\u0131nda olan Kozino\u011flu, bu birimdeki g\u00f6revini, Ergenekon davas\u0131ndan tutuklanan Levent G\u00f6kta\u015f&#8217;a devretmi\u015fti. Kozino\u011flu, emekli Yarbay Korkut Eken ile birlikte \u00f6zel harekat polislerini de e\u011fitti.<\/p>\n<p style=\"text-align: justify;\">Mehmet Eym\u00fcr\u2019\u00fcn M\u0130T\u2019te Kontrter\u00f6r Daire Ba\u015fkan\u0131 olmas\u0131ndan sonra \u00d6zel \u0130stihbarat Ba\u015fkanl\u0131\u011f\u0131 ile Kontrter\u00f6r Dairesi birle\u015ftirildi ve \u2018\u2019Operasyonel faaliyetler i\u00e7in\u2019\u2019 personel takviyesi yap\u0131ld\u0131. \u00d6zel Kuvvetlerde g\u00f6revli Albay O.\u00c7 ile birlikte M\u0130T\u2019e al\u0131nd\u0131. Kontrter\u00f6r Ba\u015fkanl\u0131\u011f\u0131 o d\u00f6nemde Suriye\u2019de bulunan ter\u00f6ristba\u015f\u0131 Abdullah \u00d6calan\u2019a y\u00f6nelik \u2018\u2019Mercedes\u2019\u2019 operasyonunu yapt\u0131 ancak \u00d6calan, yanl\u0131\u015f yere parkedilen Mazda marka minib\u00fcs\u00fcn i\u00e7indeki patlay\u0131c\u0131dan kurtuldu.<\/p>\n<p style=\"text-align: justify;\"><strong>PER\u0130N\u00c7EK\u2019E SU\u0130KAST<\/strong><\/p>\n<p style=\"text-align: justify;\">M\u0130T&#8217;te son olarak Asya \u00dclkeleri Daire Ba\u015fkan vekilli\u011fi yapan Kozino\u011flu\u2019nun Afganistan ile \u00f6zel ili\u015fkileri bulunuyordu. General Dostum\u2019a da yak\u0131n bir isim olan ve M\u0130T\u2019in Afganistan\u2019daki istihbarat ak\u0131\u015f\u0131n\u0131 sa\u011flayan Kozino\u011flu bu \u00fclkede \u2018\u2019General Ka\u015fif\u2019\u2019 ad\u0131yla tan\u0131n\u0131yordu.<\/p>\n<p style=\"text-align: justify;\">Eym\u00fcr kendisine ait AT\u0130N adl\u0131 internet sitesinde Kozino\u011flu\u2019nun M\u0130T\u2019te g\u00f6reve ba\u015flad\u0131ktan sonra uygunsuz faaliyetlerde bulundu\u011funu a\u00e7\u0131klad\u0131 ve \u0130P Genel Ba\u015fkan\u0131 Do\u011fu Perin\u00e7ek\u2019e y\u00f6nelik bir suikast haz\u0131rl\u0131\u011f\u0131na giri\u015fti\u011fini bu nedenle hakk\u0131nda soru\u015fturma a\u00e7t\u0131\u011f\u0131n\u0131 yazd\u0131.<\/p>\n<p style=\"text-align: justify;\">Kozino\u011flu bu olay sonras\u0131 Asya \u00dclkeleri Daire Ba\u015fkanvekilli\u011fine getirilip, Afganistan, \u00d6zbekistan ve Kazakistan\u2019da g\u00f6rev ald\u0131. Bu d\u00f6nemde, Alma-Ata\u2019da yakalanan 8 PKK\u2019l\u0131n\u0131n kar\u0131\u015ft\u0131\u011f\u0131 olaylar\u0131 ara\u015ft\u0131rmak i\u00e7in \u00f6zel olarak g\u00f6revlendirildi. M\u0130T eski M\u00fcste\u015far\u0131 \u015eenkal Atasagun\u2019un g\u00fcvendi\u011fi bir isim olan Kozino\u011flu\u2019nun y\u0131ld\u0131z\u0131, Mehmet Eym\u00fcr ile hi\u00e7 bar\u0131\u015fmad\u0131.<\/p>\n<p style=\"text-align: justify;\">Oda TV&#8217;deki baz\u0131 gizli belgelerin Kozino\u011flu taraf\u0131ndan Soner Yal\u00e7\u0131n\u2019a verdi\u011fi \u00f6ne s\u00fcr\u00fcld\u00fc. \u2018\u2019Koz&#8221; isimli dosyada &#8220;Kozino\u011flu&#8217;ndan gelen belgeleri de\u011ferlendirelim&#8221; notu dikkat \u00e7ekti. Savc\u0131 Zekeriya \u00d6z\u2019e ifade veren Kozino\u011flu, \u2018Soner Yal\u00e7\u0131n\u2019\u0131 tan\u0131m\u0131yorum. Alattin \u00c7ak\u0131c\u0131\u2019y\u0131 yurtd\u0131\u015f\u0131na \u00e7\u0131karmakla su\u00e7land\u0131m onu da tan\u0131mam, belge s\u0131zd\u0131rmad\u0131m&#8221; demi\u015fti. Trabzonlu olan 56 ya\u015f\u0131ndaki Kozino\u011flu 22 Kas\u0131m g\u00fcn\u00fc ilk duru\u015fmaya \u00e7\u0131kacakt\u0131.<\/p>\n<p style=\"text-align: justify;\"><a href=\"http:\/\/www.gazeteport.com.tr\/haber\/62697\/sirlariyla_birlikte_gitti\" target=\"_blank\">Kaynak : GAZETEPORT<\/a><\/p>\n","protected":false},"excerpt":{"rendered":"<p style=\"text-align: center;\">\n<p style=\"text-align: justify;\">S\u0131rlar\u0131yla birlikte \u00f6len Oda TV tutuklusu, M\u0130T\u2019\u00e7i Ka\u015fif Kozino\u011flu, TSK\u2019da Binba\u015f\u0131 r\u00fctbesindeyken Mehmet Eym\u00fcr taraf\u0131ndan M\u0130T\u2019e al\u0131nd\u0131. MAK\u2019\u0131n kurucular\u0131ndand\u0131. Perin\u00e7ek\u2019e suikast ve \u00c7ak\u0131c\u0131\u2019y\u0131 kurtarma giri\u015fimiyle su\u00e7land\u0131. Mercedes operasyonunda g\u00f6rev ald\u0131.<\/p>\n","protected":false},"author":1,"featured_media":0,"comment_status":"open","ping_status":"open","sticky":false,"template":"","format":"standard","meta":{"footnotes":""},"categories":[105],"tags":[473],"class_list":["post-42404","post","type-post","status-publish","format-standard","hentry","category-gundem","tag-kasif-kozinoglu","odd"],"_links":{"self":[{"href":"http:\/\/www.korhanyilmaz.com\/index.php?rest_route=\/wp\/v2\/posts\/42404","targetHints":{"allow":["GET"]}}],"collection":[{"href":"http:\/\/www.korhanyilmaz.com\/index.php?rest_route=\/wp\/v2\/posts"}],"about":[{"href":"http:\/\/www.korhanyilmaz.com\/index.php?rest_route=\/wp\/v2\/types\/post"}],"author":[{"embeddable":true,"href":"http:\/\/www.korhanyilmaz.com\/index.php?rest_route=\/wp\/v2\/users\/1"}],"replies":[{"embeddable":true,"href":"http:\/\/www.korhanyilmaz.com\/index.php?rest_route=%2Fwp%2Fv2%2Fcomments&post=42404"}],"version-history":[{"count":0,"href":"http:\/\/www.korhanyilmaz.com\/index.php?rest_route=\/wp\/v2\/posts\/42404\/revisions"}],"wp:attachment":[{"href":"http:\/\/www.korhanyilmaz.com\/index.php?rest_route=%2Fwp%2Fv2%2Fmedia&parent=42404"}],"wp:term":[{"taxonomy":"category","embeddable":true,"href":"http:\/\/www.korhanyilmaz.com\/index.php?rest_route=%2Fwp%2Fv2%2Fcategories&post=42404"},{"taxonomy":"post_tag","embeddable":true,"href":"http:\/\/www.korhanyilmaz.com\/index.php?rest_route=%2Fwp%2Fv2%2Ftags&post=42404"}],"curies":[{"name":"wp","href":"https:\/\/api.w.org\/{rel}","templated":true}]}}