{"id":42399,"date":"2011-11-14T14:28:46","date_gmt":"2011-11-14T12:28:46","guid":{"rendered":"http:\/\/www.korhanyilmaz.com\/?p=42399"},"modified":"2011-11-14T22:25:12","modified_gmt":"2011-11-14T20:25:12","slug":"kafa-karistiran-raporlar","status":"publish","type":"post","link":"http:\/\/www.korhanyilmaz.com\/?p=42399","title":{"rendered":"Kafa kar\u0131\u015ft\u0131ran raporlar"},"content":{"rendered":"<p style=\"text-align: center;\"><a href=\"http:\/\/www.korhanyilmaz.com\/wp-content\/uploads\/2011\/11\/7077.jpg\"  class=\"lightview\"><img loading=\"lazy\" decoding=\"async\" class=\"aligncenter  wp-image-42400\" src=\"http:\/\/www.korhanyilmaz.com\/wp-content\/uploads\/2011\/11\/7077.jpg\" alt=\"\" width=\"396\" height=\"180\" \/><\/a><\/p>\n<p style=\"text-align: justify;\">M\u0130T Ba\u015fm\u00fc\u015faviri Ka\u015fif Kozino\u011flu&#8217;nun \u00f6l\u00fcm\u00fcyle ilgili Silivri Devlet Hastanesi&#8217;nin raporuyla Adalet Bakanl\u0131\u011f\u0131&#8217;n\u0131n a\u00e7\u0131klamas\u0131 birbiriyle \u00e7eli\u015fti.<\/p>\n<p style=\"text-align: justify;\">\u0130STANBUL &#8211; Odatv Davas\u0131&#8217;n\u0131n tutuklu san\u0131\u011f\u0131 M\u0130T Ba\u015fm\u00fc\u015faviri Ka\u015fif Kozino\u011flu&#8217;nun \u00f6l\u00fcm\u00fcyle ilgili Silivri Devlet Hastanesi&#8217;nin raporu ortaya \u00e7\u0131kt\u0131. Raporda eski M\u0130T&#8217;\u00e7inin hastaneye g\u00f6t\u00fcr\u00fcld\u00fc\u011f\u00fcnde zaten \u00f6l\u00fc oldu\u011fu belirtiliyor.\u00a0<!--more--><\/p>\n<p style=\"text-align: justify;\">Odatv soru\u015fturmas\u0131yla ilgili 10 Mart 2011\u2019den bu yana Silivri Cezaevi\u2019nde tutuklu bulunan 56 ya\u015f\u0131ndaki M\u0130T Ba\u015fm\u00fc\u015faviri Ka\u015fif Kozino\u011flu, \u00f6nceki g\u00fcn ya\u015fam\u0131n\u0131 yitirdi.<\/p>\n<p style=\"text-align: justify;\"><strong>BAKANLIK: HASTANEDE \u00d6LD\u00dc<\/strong><\/p>\n<p style=\"text-align: justify;\">Adalet Bakanl\u0131\u011f\u0131, Kozino\u011flu\u2019nun, uzun s\u00fcreli ve a\u011f\u0131r spor yapt\u0131ktan sonra fenala\u015f\u0131p, hastanede ya\u015fam\u0131n\u0131 yitirdi\u011fini a\u00e7\u0131klad\u0131. Bakanl\u0131\u011f\u0131n dakika baz\u0131nda verdi\u011fi bilgilere g\u00f6re, Kozino\u011flu\u2019na ilk uzman m\u00fcdahalesi, odas\u0131nda panik d\u00fc\u011fmesine bas\u0131ld\u0131ktan 21 dakika sonra yap\u0131ld\u0131 ve 59 dakika i\u00e7inde hastaneye yeti\u015ftirildi.<\/p>\n<p style=\"text-align: justify;\">Adli T\u0131p&#8217;\u0131n yay\u0131nlad\u0131\u011f\u0131 ilk raporda da Kozino\u011flu&#8217;nun v\u00fccudunda darp, \u00e7arpma ve fiziksel temas olmad\u0131\u011f\u0131 belirtildi. Kozino\u011flu&#8217;nun damar t\u0131kan\u0131kl\u0131\u011f\u0131na ba\u011fl\u0131 kalp krizi sonucu \u00f6ld\u00fc\u011f\u00fc ifadeleri yer ald\u0131. Kozino\u011flu&#8217;nun kalp damarlar\u0131n\u0131n \u00fc\u00e7\u00fcnde y\u00fcksek oranda t\u0131kan\u0131kl\u0131k oldu\u011funun tespit edildi\u011fi de vurguland\u0131.<\/p>\n<p style=\"text-align: justify;\"><strong>HASTANE: GET\u0130R\u0130LD\u0130\u011e\u0130NDE ZATEN \u00d6L\u00dcYD\u00dc<\/strong><\/p>\n<p style=\"text-align: justify;\">Bug\u00fcn ise Silivri Devlet Hastanesi&#8217;nin raporu ortaya \u00e7\u0131kt\u0131. Raporda \u015fu ifadeler yer al\u0131yor:<\/p>\n<p style=\"text-align: justify;\">Kozino\u011flu saat 19.10\u2019da ex (\u00f6l\u00fc) halde getirilmi\u015ftir. Acil serviste gerekli m\u00fcdahalesi yap\u0131lm\u0131\u015ft\u0131r. Saat 19.30\u2019da ex (\u00f6l\u00fc) kabul edilmi\u015ftir. Rapordaki ifadeye g\u00f6re, Kozino\u011flu hastaneye gitti\u011finde zaten hayat\u0131n\u0131 kaybetmi\u015fti.<\/p>\n<p style=\"text-align: justify;\"><a href=\"http:\/\/www.gazeteport.com.tr\/haber\/62837\/kafa_karistiran_raporlar\" target=\"_blank\">Kaynak : GAZETEPORT<\/a><\/p>\n","protected":false},"excerpt":{"rendered":"<p style=\"text-align: center;\">\n<p style=\"text-align: justify;\">M\u0130T Ba\u015fm\u00fc\u015faviri Ka\u015fif Kozino\u011flu&#8217;nun \u00f6l\u00fcm\u00fcyle ilgili Silivri Devlet Hastanesi&#8217;nin raporuyla Adalet Bakanl\u0131\u011f\u0131&#8217;n\u0131n a\u00e7\u0131klamas\u0131 birbiriyle \u00e7eli\u015fti.<\/p>\n<p style=\"text-align: justify;\">\u0130STANBUL &#8211; Odatv Davas\u0131&#8217;n\u0131n tutuklu san\u0131\u011f\u0131 M\u0130T Ba\u015fm\u00fc\u015faviri Ka\u015fif Kozino\u011flu&#8217;nun \u00f6l\u00fcm\u00fcyle ilgili Silivri Devlet Hastanesi&#8217;nin raporu ortaya \u00e7\u0131kt\u0131. Raporda eski M\u0130T&#8217;\u00e7inin hastaneye g\u00f6t\u00fcr\u00fcld\u00fc\u011f\u00fcnde zaten \u00f6l\u00fc oldu\u011fu belirtiliyor. <\/p>\n","protected":false},"author":1,"featured_media":0,"comment_status":"open","ping_status":"open","sticky":false,"template":"","format":"standard","meta":{"footnotes":""},"categories":[105],"tags":[473],"class_list":["post-42399","post","type-post","status-publish","format-standard","hentry","category-gundem","tag-kasif-kozinoglu","odd"],"_links":{"self":[{"href":"http:\/\/www.korhanyilmaz.com\/index.php?rest_route=\/wp\/v2\/posts\/42399","targetHints":{"allow":["GET"]}}],"collection":[{"href":"http:\/\/www.korhanyilmaz.com\/index.php?rest_route=\/wp\/v2\/posts"}],"about":[{"href":"http:\/\/www.korhanyilmaz.com\/index.php?rest_route=\/wp\/v2\/types\/post"}],"author":[{"embeddable":true,"href":"http:\/\/www.korhanyilmaz.com\/index.php?rest_route=\/wp\/v2\/users\/1"}],"replies":[{"embeddable":true,"href":"http:\/\/www.korhanyilmaz.com\/index.php?rest_route=%2Fwp%2Fv2%2Fcomments&post=42399"}],"version-history":[{"count":0,"href":"http:\/\/www.korhanyilmaz.com\/index.php?rest_route=\/wp\/v2\/posts\/42399\/revisions"}],"wp:attachment":[{"href":"http:\/\/www.korhanyilmaz.com\/index.php?rest_route=%2Fwp%2Fv2%2Fmedia&parent=42399"}],"wp:term":[{"taxonomy":"category","embeddable":true,"href":"http:\/\/www.korhanyilmaz.com\/index.php?rest_route=%2Fwp%2Fv2%2Fcategories&post=42399"},{"taxonomy":"post_tag","embeddable":true,"href":"http:\/\/www.korhanyilmaz.com\/index.php?rest_route=%2Fwp%2Fv2%2Ftags&post=42399"}],"curies":[{"name":"wp","href":"https:\/\/api.w.org\/{rel}","templated":true}]}}