{"id":42396,"date":"2011-11-14T13:44:21","date_gmt":"2011-11-14T11:44:21","guid":{"rendered":"http:\/\/www.korhanyilmaz.com\/?p=42396"},"modified":"2011-11-14T22:25:46","modified_gmt":"2011-11-14T20:25:46","slug":"kalp-rahatsizligi-yoktu","status":"publish","type":"post","link":"http:\/\/www.korhanyilmaz.com\/?p=42396","title":{"rendered":"&#8220;Kalp rahats\u0131zl\u0131\u011f\u0131 yoktu&#8221;"},"content":{"rendered":"<p style=\"text-align: center;\"><a href=\"http:\/\/www.korhanyilmaz.com\/wp-content\/uploads\/2011\/11\/7076.jpg\"  class=\"lightview\"><img loading=\"lazy\" decoding=\"async\" class=\"aligncenter  wp-image-42397\" src=\"http:\/\/www.korhanyilmaz.com\/wp-content\/uploads\/2011\/11\/7076.jpg\" alt=\"\" width=\"396\" height=\"180\" \/><\/a><\/p>\n<p style=\"text-align: justify;\">M\u0130T&#8217;\u00e7i Ka\u015fif Kozino\u011flu&#8217;nun o\u011flu \u00d6zel Kozino\u011flu babas\u0131n\u0131n \u00f6l\u00fcm\u00fcyle ilgili \u00e7arp\u0131c\u0131 a\u00e7\u0131klamalarda bulundu. Silivri Devlet Hastanesi a\u00e7\u0131klad\u0131\u011f\u0131 Kozino\u011flu&#8217;nun \u00f6l\u00fcm raporuyla Adalet Bakanl\u0131\u011f\u0131&#8217;n\u0131n a\u00e7\u0131klmas\u0131n\u0131 yalanlad\u0131.<!--more--><\/p>\n<p style=\"text-align: justify;\">\u0130STANBUL &#8211; Kalp krizinden \u00f6ld\u00fc\u011f\u00fc a\u00e7\u0131klanan Oda TV tutuklusu M\u0130T\u2019\u00e7i Ka\u015fif Kozino\u011flu&#8221;nun o\u011flu \u00d6zel Kozino\u011flu babas\u0131n\u0131n kalp rahats\u0131zl\u0131\u011f\u0131n\u0131 bulunmad\u0131\u011f\u0131n\u0131 belirtti. Kozino\u011flu Adalet Bakanl\u0131\u011f\u0131&#8217;n\u0131n &#8220;\u00d6l\u00fcm, uzun s\u00fcreli ve a\u011f\u0131r spordan&#8221; a\u00e7\u0131klamas\u0131 i\u00e7in ise &#8220;Yok \u00f6yle bir \u015fey&#8221; dedi.<\/p>\n<p style=\"text-align: justify;\">Kozino\u011flu&#8217;nun \u00f6l\u00fcm sebebi ve sonras\u0131nda ya\u015fananlarla geli\u015fmelerle ilgili \u00f6nemli bilgilere ula\u015f\u0131ld\u0131. Ayd\u0131nl\u0131k gazetesinin haberine g\u00f6re, Kozino\u011flu&#8217;nun ailesi ve devre arkada\u015flar\u0131ndan edinilen bilgiler, &#8220;kalp krizi&#8221; diye a\u00e7\u0131klanan \u00f6l\u00fcmle ilgili ku\u015fkular\u0131 art\u0131rd\u0131. M\u0130T&#8217;\u00e7i Kozino\u011flu&#8217;nun o\u011flu \u00d6zel Kozino\u011flu, babas\u0131n\u0131n daha \u00f6nceden kalbiyle ilgili hi\u00e7bir rahats\u0131zl\u0131\u011f\u0131 bulunmad\u0131\u011f\u0131n\u0131 ve b\u00f6yle bir rahats\u0131zl\u0131k gerek\u00e7esiyle herhangi bir tedavi de g\u00f6rmedi\u011fini a\u00e7\u0131klad\u0131.<\/p>\n<p style=\"text-align: justify;\">\u015eu ana kadar, ailesine Kozino\u011flu&#8217;nun kalp krizi ge\u00e7irdi\u011fine dair dilek\u00e7eli bir doktor raporu da ula\u015fm\u0131\u015f de\u011fil. \u00d6zel Kozino\u011flu Adalet Bakanl\u0131\u011f\u0131&#8217;n\u0131n Ka\u015fif Kozino\u011flu&#8217;nun \u00f6l\u00fcm sebebinin &#8220;uzun s\u00fcreli ve a\u011f\u0131r spor&#8221; oldu\u011fu y\u00f6n\u00fcndeki a\u00e7\u0131klamas\u0131n\u0131 da yalanlad\u0131.<\/p>\n<p style=\"text-align: justify;\"><strong>\u00d6ZEL S\u0130L\u0130VR\u0130&#8217;DE<\/strong><\/p>\n<p style=\"text-align: justify;\">\u00d6te yandan Ka\u015fif Kozino\u011flu&#8217;nun o\u011flu \u00d6zel Kozino\u011flu sabah saatlerinde Silivri Cezaevi&#8217;ne de bir ziyaret yaparak babas\u0131n\u0131n devre arkada\u015flar\u0131yla g\u00f6r\u00fc\u015ft\u00fc.<\/p>\n<p style=\"text-align: justify;\"><strong>\u00d6L\u00dcM NEDEN\u0130 2 AY \u0130\u00c7\u0130NDE BEL\u0130RLENECEK<\/strong><\/p>\n<p style=\"text-align: justify;\">Kozino\u011flu&#8217;nun kesin \u00f6l\u00fcm nedeninin, en erken 2 ay i\u00e7inde belirlenebilece\u011fi bildirildi. Ka\u015fif Kozino\u011flu&#8217;nun \u00f6l\u00fcm\u00fcne ili\u015fkin \u015fu ana kadar yak\u0131n\u0131 ve avukat\u0131na verilen raporda, herhangi bir \u00f6l\u00fcm nedeni belirtilmedi\u011fi, \u00f6l\u00fcm nedeninin tetkikler sonras\u0131nda tespit edilece\u011finin ifade edildi\u011fi \u00f6\u011frenildi.<\/p>\n<p style=\"text-align: justify;\">Konuya ili\u015fkin olarak, Adli T\u0131p Kimya \u0130htisas Dairesi taraf\u0131ndan, Kozino\u011flu&#8217;nun kan, idrar ve g\u00f6z s\u0131v\u0131s\u0131 gibi v\u00fccut s\u0131v\u0131lar\u0131nda toksikolojik inceleme yap\u0131larak ila\u00e7 veya zehirli her hangi bir madde olup olmad\u0131\u011f\u0131n\u0131n ara\u015ft\u0131r\u0131laca\u011f\u0131, organlar\u0131na ili\u015fkin de histopatolojik tetkiki yap\u0131laca\u011f\u0131 kaydedildi.<\/p>\n<p style=\"text-align: justify;\">S\u00f6z konusu incelemeler sonucunda haz\u0131rlanacak raporlar\u0131n, Morg \u0130htisas Dairesi taraf\u0131ndan makroskopik otopsi bulgular\u0131, Kozino\u011flu&#8217;nun cezaevindeki ve Silivri Devlet Hastanesindeki t\u0131bbi belgeleri ve konuya dair adli tahkikat dosyas\u0131yla birlikte de\u011ferlendirilerek kesin \u00f6l\u00fcm nedeninin belirlenece\u011fi, bu i\u015flemlerin de en erken 2 ay i\u00e7inde tamamlanabilece\u011fi bildirildi.<\/p>\n<p style=\"text-align: justify;\"><a href=\"http:\/\/www.gazeteport.com.tr\/haber\/62821\/quotkalp_rahatsizligi_yoktuquot\" target=\"_blank\">Kaynak : GAZETEPORT<\/a><\/p>\n","protected":false},"excerpt":{"rendered":"<p style=\"text-align: center;\">\n<p style=\"text-align: justify;\">M\u0130T&#8217;\u00e7i Ka\u015fif Kozino\u011flu&#8217;nun o\u011flu \u00d6zel Kozino\u011flu babas\u0131n\u0131n \u00f6l\u00fcm\u00fcyle ilgili \u00e7arp\u0131c\u0131 a\u00e7\u0131klamalarda bulundu. Silivri Devlet Hastanesi a\u00e7\u0131klad\u0131\u011f\u0131 Kozino\u011flu&#8217;nun \u00f6l\u00fcm raporuyla Adalet Bakanl\u0131\u011f\u0131&#8217;n\u0131n a\u00e7\u0131klmas\u0131n\u0131 yalanlad\u0131.<\/p>\n","protected":false},"author":1,"featured_media":0,"comment_status":"open","ping_status":"open","sticky":false,"template":"","format":"standard","meta":{"footnotes":""},"categories":[105],"tags":[473],"class_list":["post-42396","post","type-post","status-publish","format-standard","hentry","category-gundem","tag-kasif-kozinoglu","odd"],"_links":{"self":[{"href":"http:\/\/www.korhanyilmaz.com\/index.php?rest_route=\/wp\/v2\/posts\/42396","targetHints":{"allow":["GET"]}}],"collection":[{"href":"http:\/\/www.korhanyilmaz.com\/index.php?rest_route=\/wp\/v2\/posts"}],"about":[{"href":"http:\/\/www.korhanyilmaz.com\/index.php?rest_route=\/wp\/v2\/types\/post"}],"author":[{"embeddable":true,"href":"http:\/\/www.korhanyilmaz.com\/index.php?rest_route=\/wp\/v2\/users\/1"}],"replies":[{"embeddable":true,"href":"http:\/\/www.korhanyilmaz.com\/index.php?rest_route=%2Fwp%2Fv2%2Fcomments&post=42396"}],"version-history":[{"count":0,"href":"http:\/\/www.korhanyilmaz.com\/index.php?rest_route=\/wp\/v2\/posts\/42396\/revisions"}],"wp:attachment":[{"href":"http:\/\/www.korhanyilmaz.com\/index.php?rest_route=%2Fwp%2Fv2%2Fmedia&parent=42396"}],"wp:term":[{"taxonomy":"category","embeddable":true,"href":"http:\/\/www.korhanyilmaz.com\/index.php?rest_route=%2Fwp%2Fv2%2Fcategories&post=42396"},{"taxonomy":"post_tag","embeddable":true,"href":"http:\/\/www.korhanyilmaz.com\/index.php?rest_route=%2Fwp%2Fv2%2Ftags&post=42396"}],"curies":[{"name":"wp","href":"https:\/\/api.w.org\/{rel}","templated":true}]}}