{"id":42391,"date":"2011-11-13T17:08:40","date_gmt":"2011-11-13T15:08:40","guid":{"rendered":"http:\/\/www.korhanyilmaz.com\/?p=42391"},"modified":"2011-11-14T00:27:19","modified_gmt":"2011-11-13T22:27:19","slug":"turkiye-sam-yonetimine-nota-verdi","status":"publish","type":"post","link":"http:\/\/www.korhanyilmaz.com\/?p=42391","title":{"rendered":"T\u00fcrkiye, \u015eam y\u00f6netimine NOTA verdi"},"content":{"rendered":"<p style=\"text-align: center;\"><a href=\"http:\/\/www.korhanyilmaz.com\/wp-content\/uploads\/2011\/11\/7075.jpg\"  class=\"lightview\"><img loading=\"lazy\" decoding=\"async\" class=\"aligncenter  wp-image-42392\" src=\"http:\/\/www.korhanyilmaz.com\/wp-content\/uploads\/2011\/11\/7075.jpg\" alt=\"\" width=\"312\" height=\"210\" \/><\/a><\/p>\n<p style=\"text-align: justify;\">T24 &#8211; T\u00fcrkiye, Suriye&#8217;deki temsilciliklerine d\u00fczenlenen sald\u0131r\u0131lar\u0131 \u015fiddetle k\u0131nayarak, Suriye y\u00f6netimini vakit kaybetmeksizin s\u00f6z konusu sald\u0131r\u0131lar\u0131n sorumlular\u0131n\u0131 tespit etmeye ve bu ki\u015filer hakk\u0131nda gerekli adli s\u00fcreci ba\u015flatmaya davet etti.\u00a0<!--more--><\/p>\n<p style=\"text-align: justify;\">T\u00fcrkiye&#8217;nin Suriye&#8217;deki temsilciliklerinde \u00e7al\u0131\u015fanlar\u0131n aileleri son al\u0131nan tahliye karar\u0131 \u00e7er\u00e7evesinde Ankara&#8217;ya geldi.<\/p>\n<p style=\"text-align: justify;\">D\u0131\u015fi\u015fleri Bakanl\u0131\u011f\u0131ndan yap\u0131lan a\u00e7\u0131klamada, &#8220;D\u00fcn gece Suriye&#8217;de rejim yanl\u0131s\u0131 birtak\u0131m g\u00f6stericiler taraf\u0131ndan T\u00fcrkiye&#8217;nin \u015eam B\u00fcy\u00fckel\u00e7ili\u011fi, Halep Ba\u015fkonsoloslu\u011fu ve Lazkiye Fahri Konsoloslu\u011funa kar\u015f\u0131 d\u00fczenlenen menfur sald\u0131r\u0131lar\u0131 \u015fiddetle k\u0131n\u0131yoruz&#8221; denildi.<\/p>\n<p style=\"text-align: justify;\">&#8220;Bu sald\u0131r\u0131lar\u0131n, Arap Birli\u011fi&#8217;nin d\u00fcn Suriye&#8217;ye ili\u015fkin ald\u0131\u011f\u0131 bir karar sonras\u0131nda ger\u00e7ekle\u015fmesi ve en g\u00fc\u00e7l\u00fc ve yo\u011fun bi\u00e7imde T\u00fcrk misyonlar\u0131n\u0131 hedef almas\u0131 \u015f\u00fcphesiz manidard\u0131r&#8221; diye devam eden a\u00e7\u0131klamada, gerek T\u00fcrkiye&#8217;nin, gerek di\u011fer \u00fclkelerin Suriye&#8217;deki diplomatik ve kons\u00fcler temsilciliklerin g\u00fcvenli\u011finin sa\u011flanmas\u0131 i\u00e7in her t\u00fcrl\u00fc \u00f6nlemin al\u0131nmas\u0131n\u0131n, Diplomatik ve Konsolosluk \u0130li\u015fkileri Hakk\u0131nda Viyana S\u00f6zle\u015fmeleri uyar\u0131nca \u00f6ncelikle Suriye Devleti&#8217;nin y\u00fck\u00fcml\u00fcl\u00fc\u011f\u00fc alt\u0131nda oldu\u011fu hat\u0131rlat\u0131ld\u0131. Ayr\u0131ca, uluslararas\u0131 ili\u015fkilerdeki yerle\u015fik team\u00fcl\u00fcn de bunu gerektirmekte oldu\u011fu belirtilerek, dolay\u0131s\u0131yla yabanc\u0131 temsilciliklerin ve mensuplar\u0131n\u0131n korunmas\u0131, kabul eden devlet bak\u0131m\u0131ndan temel bir sorumluluk ve onur meselesi oldu\u011fu, bu hususun bir kez daha hat\u0131rlat\u0131lmas\u0131nda yarar g\u00f6r\u00fcld\u00fc\u011f\u00fc bildirildi.<\/p>\n<p style=\"text-align: justify;\">A\u00e7\u0131klamada daha sonra \u015funlar belirtildi: &#8220;Suriye y\u00f6netimini, vakit kaybetmeksizin s\u00f6z konusu sald\u0131r\u0131lar\u0131n sorumlular\u0131n\u0131 tespit etmeye ve bu ki\u015filer hakk\u0131nda gerekli adli s\u00fcreci ba\u015flatmaya davet ediyoruz. T\u00fcrkiye, bu olay\u0131n yinelenmemesini teminen Suriye y\u00f6netiminin gerekli her t\u00fcrl\u00fc tedbiri bir an \u00f6nce almas\u0131n\u0131, Suriye&#8217;deki diplomatik ve kons\u00fcler temsilciliklerimiz ve ba\u011fl\u0131 kurulu\u015flara y\u00f6nelik g\u00fcvenlik \u00f6nlemlerini art\u0131rmas\u0131n\u0131 ve temsilciliklerimiz ile ba\u011fl\u0131 kurulu\u015flar\u0131n\u0131n g\u00fcvenli\u011finin sa\u011fland\u0131\u011f\u0131 hususunda taraf\u0131m\u0131za g\u00fcvence vermesini beklemektedir. T\u00fcrkiye, \u00f6n\u00fcm\u00fczdeki g\u00fcnlerde t\u00fcm bu hususlar\u0131n takip\u00e7isi olmaya ve geli\u015fmelere g\u00f6re gerekli g\u00f6rd\u00fc\u011f\u00fc \u00f6nlemleri almaya kararl\u0131d\u0131r.&#8221;<\/p>\n<p style=\"text-align: justify;\">T\u00fcrkiye&#8217;nin s\u00f6z konusu sald\u0131r\u0131lar sonucunda Suriye&#8217;deki diplomatik ve kons\u00fcler temsilciliklerinde meydana gelen maddi zarara ili\u015fkin olarak uluslararas\u0131 hukuktan kaynaklanan yasal haklar\u0131n\u0131 da mahfuz tutaca\u011f\u0131 belirtilerek, bug\u00fcn Ankara&#8217;daki Suriye Maslahatg\u00fczar\u0131&#8217;n\u0131n Bakanl\u0131\u011fa davet edilerek kendisine bu hususlar g\u00fc\u00e7l\u00fc ifadelerle aktar\u0131ld\u0131\u011f\u0131n\u0131 ve bir de nota tevdi edildi\u011fini kaydetti.<\/p>\n<p style=\"text-align: justify;\">S\u00f6z konusu sald\u0131r\u0131lar \u00fczerine, Suriye&#8217;deki diplomatik ve kons\u00fcler temsilciliklerimizde g\u00f6revli personelin aile fertlerinin \u00fclkemize tahliyesine bug\u00fcn ba\u015fland\u0131\u011f\u0131 belirtilerek, diplomatik ve kons\u00fcler temsilciliklerde g\u00f6revli personelin g\u00f6revlerine devam etti\u011fi bildirildi.<\/p>\n<p style=\"text-align: justify;\"><strong>T\u00fcrk diplomatlar\u0131n aileleri Ankara&#8217;ya geldi\u00a0<\/strong><\/p>\n<p style=\"text-align: justify;\">Suriye&#8217;deki T\u00fcrk diplomatik misyonlar\u0131nda g\u00f6revli personelin 60 ki\u015filik yak\u0131nlar\u0131n\u0131 ta\u015f\u0131yan THY u\u00e7a\u011f\u0131 saat 16.50&#8217;de Esenbo\u011fa havaalan\u0131na geldi.<\/p>\n<p style=\"text-align: justify;\">T\u00fcrkiye, d\u00fcn gece T\u00fcrkiye&#8217;nin Suriye&#8217;deki temsilciliklerine yap\u0131lan sald\u0131r\u0131lar\u0131n ard\u0131ndan g\u00fcvenlik ortam\u0131n\u0131n k\u00f6t\u00fcle\u015fmesi nedeniyle ailelerin tahliyesini kararla\u015ft\u0131rm\u0131\u015ft\u0131. Bu ama\u00e7la THY&#8217;den bir u\u00e7ak bug\u00fcn sabah saatlerinde \u015eam&#8217;a gitmi\u015fti.<\/p>\n<p style=\"text-align: justify;\">T\u00fcrkiye&#8217;nin \u015eam B\u00fcy\u00fckel\u00e7isi \u00d6mer \u00d6nhon ve el\u00e7ilik \u00e7al\u0131\u015fanlar\u0131 Suriye&#8217;deki g\u00f6revlerini bu a\u015famada s\u00fcrd\u00fcrmeye devam ediyor.<\/p>\n<p style=\"text-align: justify;\">Arap Birli\u011fi&#8217;nin d\u00fcn Suriye&#8217;nin \u00fcyeli\u011fini ask\u0131ya almas\u0131n\u0131n ard\u0131ndan, d\u00fcn gece \u00fclkedeki T\u00fcrk, Suudi Arabistan ve Frans\u0131z konsolosluklar\u0131 h\u00fck\u00fcmet yanl\u0131s\u0131 olduklar\u0131 belirtilen sopal\u0131 ve b\u0131\u00e7akl\u0131 b\u00fcy\u00fck bir grubun sald\u0131r\u0131s\u0131na u\u011fram\u0131\u015ft\u0131. T\u00fcrkiye, Suriye&#8217;deki temsilciliklerine d\u00fczenlenen sald\u0131r\u0131lar\u0131 \u015fiddetle k\u0131nayarak, Suriye y\u00f6netimini vakit kaybetmeksizin s\u00f6z konusu sald\u0131r\u0131lar\u0131n sorumlular\u0131n\u0131 tespit etmeye ve bu ki\u015filer hakk\u0131nda gerekli adli s\u00fcreci ba\u015flatmaya davet etmi\u015fti.<\/p>\n<p style=\"text-align: justify;\"><strong>Suriye Ulusal Konseyi \u00fcyeleriyle toplant\u0131\u00a0<\/strong><\/p>\n<p style=\"text-align: justify;\">D\u0131\u015fi\u015fleri Bakan\u0131 Ahmet Davuto\u011flu&#8217;nun bug\u00fcn Suriye muhalefetine mensup gruplar\u0131n olu\u015fturdu\u011fu Suriye Ulusal Konseyi (SUK) y\u00fcr\u00fctme kurulu \u00fcyeleriyle bir araya gelece\u011fi \u00f6\u011frenildi.<\/p>\n<p style=\"text-align: justify;\">Diplomatik kaynaklardan edinilen bilgiye g\u00f6re, Davuto\u011flu, SUK&#8217;un y\u00fcr\u00fctme kurulu \u00fcyeleriyle bu ak\u015fam konutunda bir araya gelecek.<\/p>\n<p style=\"text-align: justify;\"><strong>Suriye&#8217;yi ziyaret edeceklere uyar\u0131\u00a0<\/strong><\/p>\n<p style=\"text-align: justify;\">D\u0131\u015fi\u015fleri Bakanl\u0131\u011f\u0131, T\u00fcrk vatanda\u015flar\u0131n\u0131n zorunlu sebepler d\u0131\u015f\u0131nda Suriye&#8217;ye seyahat etmekten ka\u00e7\u0131nmalar\u0131 uyar\u0131s\u0131nda bulundu.<\/p>\n<p style=\"text-align: justify;\">Bakanl\u0131ktan yap\u0131lan duyuruda, &#8220;Suriye&#8217;de g\u00fcvenli\u011fi olumsuz etkileyen son geli\u015fmeler \u00e7er\u00e7evesinde kamu d\u00fczeninin sa\u011flanmas\u0131nda ya\u015fanan s\u0131k\u0131nt\u0131lar nedeniyle, vatanda\u015flar\u0131m\u0131z\u0131n m\u00fccbir sebepler d\u0131\u015f\u0131nda Suriye&#8217;ye seyahat etmekten ka\u00e7\u0131nmalar\u0131 uygun olacakt\u0131r&#8221; denildi.<\/p>\n<p style=\"text-align: justify;\">\u00a0Suriye&#8217;de ya\u015fayan T\u00fcrk vatanda\u015flar\u0131n\u0131n ise geli\u015fmeleri izleyerek tedbirli ve m\u00fcteyakk\u0131z olmalar\u0131, bu ba\u011flamda ba\u015fta Humus, \u0130dlip ve Halep olmak \u00fczere, olaylar\u0131n yo\u011funluk kazand\u0131\u011f\u0131 \u015fehirlere seyahat etmekten imtina etmeleri, T\u00fcrkiye&#8217;nin \u015eam B\u00fcy\u00fckel\u00e7ili\u011fi ve Halep Ba\u015fkonsoloslu\u011fu ile irtibat i\u00e7inde kalmalar\u0131 da tavsiye edildi.<\/p>\n<p style=\"text-align: justify;\"><strong>Aileler geri d\u00f6n\u00fcyor\u00a0<\/strong><\/p>\n<p style=\"text-align: justify;\">Diplomatik kaynaklardan edinilen bilgiye g\u00f6re, \u00f6zellikle d\u00fcn ak\u015fam T\u00fcrkiye&#8217;nin Suriye&#8217;deki temsilciliklerine yap\u0131lan sald\u0131r\u0131lar\u0131n ard\u0131ndan g\u00fcvenlik ortam\u0131n\u0131n k\u00f6t\u00fcle\u015fmesi nedeniyle ailelerin tahliyesi kararla\u015ft\u0131r\u0131ld\u0131. Bu ama\u00e7la THY&#8217;den bir u\u00e7ak bug\u00fcn sabah saatlerinde \u015eam&#8217;a gitti.<\/p>\n<p style=\"text-align: justify;\">Esenbo\u011fa havaalan\u0131na inecek olan u\u00e7akla T\u00fcrk temsilciliklerde \u00e7al\u0131\u015fanlar\u0131n aileleri ile ihtiya\u00e7 bulunmayan personel Ankara&#8217;ya getirilecek.<\/p>\n<p style=\"text-align: justify;\">T\u00fcrkiye&#8217;nin \u015eam B\u00fcy\u00fckel\u00e7isi \u00d6mer \u00d6nhon ve el\u00e7ilik \u00e7al\u0131\u015fanlar\u0131n\u0131n Suriye&#8217;deki g\u00f6revlerini bu a\u015famada s\u00fcrd\u00fcrecekleri belirtiliyor.<\/p>\n<p style=\"text-align: justify;\">Arap Birli\u011fi&#8217;nin d\u00fcn Suriye&#8217;nin \u00fcyeli\u011fini ask\u0131ya almas\u0131n\u0131n ard\u0131ndan, d\u00fcn ak\u015fam \u00fclkedeki T\u00fcrk, Suudi Arabistan ve Frans\u0131z konsolosluklar\u0131 h\u00fck\u00fcmet yanl\u0131s\u0131 olduklar\u0131 belirtilen sopal\u0131 ve b\u0131\u00e7akl\u0131 b\u00fcy\u00fck bir grubun sald\u0131r\u0131s\u0131na u\u011fram\u0131\u015ft\u0131.<\/p>\n<p style=\"text-align: justify;\">Suriye&#8217;de Arap Birli\u011fi&#8217;ne yo\u011fun tepki<\/p>\n<p style=\"text-align: justify;\">Suudi Arabistan, Suriye&#8217;nin ba\u015fkenti \u015eam&#8217;da g\u00f6stericilerin, Suudi b\u00fcy\u00fckel\u00e7ili\u011fine sald\u0131rmas\u0131n\u0131 k\u0131nad\u0131.<\/p>\n<p style=\"text-align: justify;\">Arap Birli\u011fi&#8217;nin d\u00fcn Suriye ile ilgili yapt\u0131r\u0131m karar\u0131 almas\u0131n\u0131n ard\u0131ndan Suudi Arabistan ve Katar b\u00fcy\u00fckel\u00e7ilikleri i\u015fgal edilmi\u015fti.<\/p>\n<p style=\"text-align: justify;\">Suudi Arabistan Suriye y\u00f6netimini b\u00fcy\u00fckel\u00e7ilikleri korumak i\u00e7in gereken \u00f6nlemleri almamakla su\u00e7lad\u0131.<\/p>\n<p style=\"text-align: justify;\">Suriyeli yetkililer Arap Birli\u011fi&#8217;nin ald\u0131\u011f\u0131 karar\u0131n birlik t\u00fcz\u00fc\u011f\u00fcn\u00fc ihlal etti\u011fini ileri s\u00fcrd\u00fc.<\/p>\n<p style=\"text-align: justify;\">Suriye Arap Birli\u011fi&#8217;nin &#8216;Bat\u0131&#8217;n\u0131n ve ABD&#8217;nin \u00e7\u0131karlar\u0131na hizmet etmekle&#8217; su\u00e7lad\u0131.<\/p>\n<p style=\"text-align: justify;\">Y\u00f6netim yanl\u0131lar\u0131, d\u00fcn Arap Birli\u011fi kararlar\u0131n\u0131n a\u00e7\u0131klanmas\u0131ndan sonra \u00fclkenin bir\u00e7ok kentinde ve baz\u0131 \u00fclkelerin b\u00fcy\u00fckel\u00e7iliklerinin \u00f6n\u00fcnde g\u00f6steriler d\u00fczenledi.<\/p>\n<p style=\"text-align: justify;\">Reuters haber ajans\u0131 Lazkiye&#8217;deki T\u00fcrkiye ve Fransa konsolosluklar\u0131n\u0131n da sald\u0131r\u0131ya u\u011frad\u0131\u011f\u0131n\u0131 bildiriyor.<\/p>\n<p style=\"text-align: justify;\">Resmi Suudi ajans\u0131n\u0131n haberinde, g\u00f6stericilerin, d\u00fcn gece el\u00e7ilik binas\u0131na girerek, binan\u0131n camlar\u0131n\u0131 k\u0131rd\u0131klar\u0131 ve i\u00e7eriyi ya\u011fmalad\u0131klar\u0131 belirtildi.<\/p>\n<p style=\"text-align: justify;\">Haberde, hasar\u0131n ayr\u0131nt\u0131s\u0131na ve b\u00fcy\u00fckel\u00e7ili\u011fin bug\u00fcn \u00e7al\u0131\u015f\u0131p \u00e7al\u0131\u015fmad\u0131\u011f\u0131na ili\u015fkin bilgi verilmedi.<\/p>\n<p style=\"text-align: justify;\">Suriye&#8217;de ayr\u0131ca rejim yanl\u0131s\u0131 g\u00f6stericilerin, Katar B\u00fcy\u00fckel\u00e7ili\u011fine yumurta ve domates att\u0131\u011f\u0131 belirtildi.<\/p>\n<p style=\"text-align: justify;\"><strong>Esad yanl\u0131lar\u0131\u00a0<\/strong><\/p>\n<p style=\"text-align: justify;\">Suriye&#8217;de bug\u00fcn de Arap Birli\u011fi&#8217;nin, Suriye&#8217;nin \u00fcyeli\u011finin ask\u0131ya al\u0131nmas\u0131 karar\u0131na tepki g\u00f6sterileri d\u00fczenleniyor.<\/p>\n<p style=\"text-align: justify;\">Devlet televizyonu, y\u00fcz binlece y\u00f6netim yanl\u0131s\u0131n\u0131n \u00fclkenin bir\u00e7ok kentinde, Arap Birli\u011fi&#8217;nin karar\u0131na tepki g\u00f6stermek ve Be\u015f\u015far Esad y\u00f6netimine desteklerini g\u00f6stermek i\u00e7in g\u00f6steriler d\u00fczenledi\u011fini belirtti.<\/p>\n<p style=\"text-align: justify;\">Ba\u015fkent \u015eam ba\u015fta olmak \u00fczere, Halep, Lazkiye, Deyr Ez Zor ve Haseke kentlerinde sabah\u0131n erken saatlerinden itibaren toplanmaya ba\u015flayan ve Devlet Ba\u015fkan\u0131 Be\u015f\u015far Esad&#8217;\u0131n posterlerini ta\u015f\u0131yan Suriyeliler, Arap Birli\u011fi&#8217;ne tepki sloganlar\u0131 att\u0131.<\/p>\n<p style=\"text-align: justify;\">\u00d6te yandan Suriyeli muhalif yap\u0131lanmalardan Suriye Devrimi Genel Konseyi, \u00fclkenin g\u00fcneyinde bulunan Dera kentinde iki ve orta kesimlerde bulunan Hama kentinde d\u00f6rt ki\u015finin g\u00fcvenlik g\u00fc\u00e7lerinin operasyonlar\u0131 s\u0131ras\u0131nda \u00f6ld\u00fcr\u00fcld\u00fc\u011f\u00fcn\u00fc duyurdu.<\/p>\n<p style=\"text-align: justify;\"><a href=\"http:\/\/www.t24.com.tr\/turkiye-suriyeye-nota-verdi\/haber\/181246.aspx\" target=\"_blank\">Kaynak : T24<\/a><\/p>\n","protected":false},"excerpt":{"rendered":"<p style=\"text-align: center;\">\n<p style=\"text-align: justify;\">T24 &#8211; T\u00fcrkiye, Suriye&#8217;deki temsilciliklerine d\u00fczenlenen sald\u0131r\u0131lar\u0131 \u015fiddetle k\u0131nayarak, Suriye y\u00f6netimini vakit kaybetmeksizin s\u00f6z konusu sald\u0131r\u0131lar\u0131n sorumlular\u0131n\u0131 tespit etmeye ve bu ki\u015filer hakk\u0131nda gerekli adli s\u00fcreci ba\u015flatmaya davet etti. <\/p>\n","protected":false},"author":1,"featured_media":0,"comment_status":"open","ping_status":"open","sticky":false,"template":"","format":"standard","meta":{"footnotes":""},"categories":[105],"tags":[],"class_list":["post-42391","post","type-post","status-publish","format-standard","hentry","category-gundem","odd"],"_links":{"self":[{"href":"http:\/\/www.korhanyilmaz.com\/index.php?rest_route=\/wp\/v2\/posts\/42391","targetHints":{"allow":["GET"]}}],"collection":[{"href":"http:\/\/www.korhanyilmaz.com\/index.php?rest_route=\/wp\/v2\/posts"}],"about":[{"href":"http:\/\/www.korhanyilmaz.com\/index.php?rest_route=\/wp\/v2\/types\/post"}],"author":[{"embeddable":true,"href":"http:\/\/www.korhanyilmaz.com\/index.php?rest_route=\/wp\/v2\/users\/1"}],"replies":[{"embeddable":true,"href":"http:\/\/www.korhanyilmaz.com\/index.php?rest_route=%2Fwp%2Fv2%2Fcomments&post=42391"}],"version-history":[{"count":0,"href":"http:\/\/www.korhanyilmaz.com\/index.php?rest_route=\/wp\/v2\/posts\/42391\/revisions"}],"wp:attachment":[{"href":"http:\/\/www.korhanyilmaz.com\/index.php?rest_route=%2Fwp%2Fv2%2Fmedia&parent=42391"}],"wp:term":[{"taxonomy":"category","embeddable":true,"href":"http:\/\/www.korhanyilmaz.com\/index.php?rest_route=%2Fwp%2Fv2%2Fcategories&post=42391"},{"taxonomy":"post_tag","embeddable":true,"href":"http:\/\/www.korhanyilmaz.com\/index.php?rest_route=%2Fwp%2Fv2%2Ftags&post=42391"}],"curies":[{"name":"wp","href":"https:\/\/api.w.org\/{rel}","templated":true}]}}