{"id":42385,"date":"2011-11-13T14:22:36","date_gmt":"2011-11-13T12:22:36","guid":{"rendered":"http:\/\/www.korhanyilmaz.com\/?p=42385"},"modified":"2011-11-14T00:10:30","modified_gmt":"2011-11-13T22:10:30","slug":"kozinoglu-kalp-kirizi-gecirdi","status":"publish","type":"post","link":"http:\/\/www.korhanyilmaz.com\/?p=42385","title":{"rendered":"Kozino\u011flu kalp kirizi ge\u00e7irdi"},"content":{"rendered":"<p style=\"text-align: center;\"><a href=\"http:\/\/www.korhanyilmaz.com\/wp-content\/uploads\/2011\/11\/7074.jpg\"  class=\"lightview\"><img loading=\"lazy\" decoding=\"async\" class=\"aligncenter  wp-image-42386\" src=\"http:\/\/www.korhanyilmaz.com\/wp-content\/uploads\/2011\/11\/7074.jpg\" alt=\"\" width=\"322\" height=\"241\" \/><\/a><\/p>\n<p style=\"text-align: justify;\">Ergenekon davas\u0131n\u0131n tutuklu san\u0131\u011f\u0131 M\u0130T mensubu Ka\u015fif Kozino\u011flu, cezaevinde kalp krizi ge\u00e7irerek hayat\u0131n\u0131 kaybetti. Adalet Bakanl\u0131\u011f\u0131&#8217;n\u0131n, a\u011f\u0131r spor yapt\u0131ktan sonra fenala\u015ft\u0131\u011f\u0131n\u0131 belirtti\u011fi Kozino\u011flu, yakla\u015f\u0131k bir hafta sonra hakim kar\u015f\u0131s\u0131na \u00e7\u0131kacakt\u0131.<!--more--><\/p>\n<p style=\"text-align: justify;\">Silivri Cezaevi \u0130nfaz Kurumu 1 No&#8217;lu F Tipi&#8217;nde tutuklu bulunan M\u0130T mensubu Ka\u015fif Kozino\u011flu&#8217;nun ak\u015fam saatlerinde fenala\u015ft\u0131\u011f\u0131 \u00f6\u011frenildi. Bunun \u00fczerine cezaevi doktorlar\u0131na ve savc\u0131l\u0131\u011fa haber verildi.<\/p>\n<p style=\"text-align: justify;\">Kalp krizi ge\u00e7irdi\u011fi \u00f6\u011frenilen Kozino\u011flu, t\u00fcm m\u00fcdahalelere ra\u011fmen kurtar\u0131lamayarak hayat\u0131n\u0131 kaybetti.<\/p>\n<p style=\"text-align: justify;\">Cezaevi savc\u0131l\u0131\u011f\u0131n\u0131n ve y\u00f6netiminin incelemelerinin ard\u0131ndan Ka\u015fif Kozino\u011flu&#8217;nun cesedi Adli T\u0131p Kurumu\u2019na g\u00f6nderildi.<\/p>\n<p style=\"text-align: justify;\">Odatv davas\u0131 kapsam\u0131nda tutuklu bulunan Ka\u015fif Kozino\u011flu, 22 Kas\u0131m&#8217;daki davan\u0131n ilk duru\u015fmas\u0131nda hakim kar\u015f\u0131s\u0131na \u00e7\u0131kacakt\u0131.<\/p>\n<p style=\"text-align: justify;\">Kozino\u011flu, \u201cter\u00f6r \u00f6rg\u00fct\u00fc \u00fcyeli\u011fi\u201d ve \u201cdevletin gizli belgelerinin s\u0131zd\u0131rmak\u201dla su\u00e7lan\u0131yordu.<\/p>\n<p style=\"text-align: justify;\"><strong>Adalet Bakanl\u0131\u011f\u0131&#8217;ndan a\u00e7\u0131klama\u00a0<\/strong><\/p>\n<p style=\"text-align: justify;\">Bakanl\u0131ktan yap\u0131lan yaz\u0131l\u0131 a\u00e7\u0131klamada, bug\u00fcn yaz\u0131l\u0131 ve g\u00f6rsel medyada yay\u0131mlanan &#8221;Kozino\u011flu cezaevinde ya\u015fam\u0131n\u0131 yitirdi&#8221; ba\u015fl\u0131kl\u0131 haberlerle ilgili a\u00e7\u0131klama yap\u0131lmas\u0131na ihtiya\u00e7 duyuldu\u011fu belirtildi.<\/p>\n<p style=\"text-align: justify;\">A\u00e7\u0131klamaya g\u00f6re, \u0130stanbul 14. A\u011f\u0131r Ceza Mahkemesinin 10 Mart 2011 tarihli ve 2011\/20 sorgu say\u0131l\u0131 tutuklama m\u00fczekkeresine istinaden tutuklanarak Silivri 1 Nolu L Tipi Ceza \u0130nfaz Kurumuna konulan, Ka\u015fif Kozino\u011flu&#8217;nun; &#8221;d\u00fcn bulundu\u011fu odan\u0131n acil butonuna bas\u0131lmas\u0131 \u00fczerine derhal g\u00f6revli personel taraf\u0131ndan saat 18:16&#8217;da odas\u0131na girildi\u011fi ve Ka\u015fif Kozino\u011flu&#8217;nun odada yatar vaziyette oldu\u011fu ve fenala\u015ft\u0131\u011f\u0131n\u0131n g\u00f6r\u00fcld\u00fc\u011f\u00fc&#8221; ifade edildi.<\/p>\n<p style=\"text-align: justify;\"><strong>A\u00e7\u0131klamada, \u015funlar kaydedildi:\u00a0<\/strong><\/p>\n<p style=\"text-align: justify;\">&#8221;Oda arkada\u015f\u0131n\u0131n beyan\u0131na g\u00f6re; Kozino\u011flu&#8217;nun uzun s\u00fcreli ve a\u011f\u0131r spor yapt\u0131ktan sonra du\u015f al\u0131p odas\u0131na geldi\u011finde yata\u011f\u0131nda fenala\u015ft\u0131\u011f\u0131 ve tansiyonunun y\u00fckselmesi nedeniyle kendisine dilalt\u0131 hap\u0131 verildi\u011fi ve bu sebeple acil butonuna basarak g\u00f6revlileri durumdan haberdar ettikleri anla\u015f\u0131lm\u0131\u015ft\u0131r.<\/p>\n<p style=\"text-align: justify;\">Kozino\u011flu saat 18:18&#8217;de odas\u0131ndan sedyeyle al\u0131nm\u0131\u015f ve ayn\u0131 anda 112 Acil Servise bilgi verilerek ambulans g\u00f6nderilmesi istenmi\u015ftir. Ka\u015fif Kozino\u011flu, saat 18:24&#8217;te mahkum kabul birimindeki revire getirilmi\u015f, bu esnada ki\u015finin bilincinin a\u00e7\u0131k oldu\u011fu ve rahat nefes al\u0131p verebildi\u011fi g\u00f6zlenmi\u015ftir. 18:37&#8217;de ambulans\u0131n gelmesi \u00fczerine bu ara\u00e7taki sa\u011fl\u0131k personelince mahallinde vakit ge\u00e7irilmeksizin kendisine m\u00fcdahale edilmi\u015f, 18:47&#8217;de ise ambulansa konularak Silivri Devlet Hastanesine sevk edilmi\u015ftir. Ambulans saat 19:15&#8217;te hastaneye giri\u015f yapm\u0131\u015f, acil doktoru ve dahiliye uzman\u0131n\u0131n t\u00fcm m\u00fcdahalelerine ra\u011fmen Kozino\u011flu saat 19:30&#8217;da ya\u015fam\u0131n\u0131 yitirmi\u015ftir.<\/p>\n<p style=\"text-align: justify;\">Silivri Cumhuriyet Ba\u015fsavc\u0131l\u0131\u011f\u0131n\u0131n 12 Kas\u0131m 2011 tarihli ve 2011\/6951 say\u0131l\u0131 \u00d6l\u00fcm Muayene ve Otopsi Tutana\u011f\u0131na g\u00f6re; doktor taraf\u0131ndan ceset \u00fczerinde elle yap\u0131lan yoklamada herhangi bir k\u0131r\u0131k, darp veya cebir izine rastlanmad\u0131\u011f\u0131 belirlenmi\u015ftir. M\u00fcteveffa, kesin \u00f6l\u00fcm sebebinin belirlenebilmesi i\u00e7in \u0130stanbul Adli T\u0131p Kurumu Ba\u015fkanl\u0131\u011f\u0131na g\u00f6nderilmi\u015ftir.&#8221;<\/p>\n<p style=\"text-align: justify;\"><strong>Otopside ba\u011f\u0131ms\u0131z g\u00f6zlemci\u00a0<\/strong><\/p>\n<p style=\"text-align: justify;\">Adli T\u0131p Uzman\u0131 Prof. Dr. Nevzat Alkan, cezaevinde hayat\u0131n\u0131 kaybeden Kozino\u011flu&#8217;nun kesin \u00f6l\u00fcm nedenini belirlemek i\u00e7in yap\u0131lacak otopside, adli t\u0131p \u00e7al\u0131\u015fanlar\u0131n\u0131n t\u00f6hmet alt\u0131nda kalmamas\u0131 i\u00e7in ba\u011f\u0131ms\u0131z g\u00f6zlemci bulunmas\u0131 gerekti\u011fini s\u00f6yledi.<\/p>\n<p style=\"text-align: justify;\">Alkan yapt\u0131\u011f\u0131 yaz\u0131l\u0131 a\u00e7\u0131klamada, &#8220;Bu \u00f6l\u00fcm\u00fc izleyen d\u00f6nemde ya\u015fanacak t\u00fcm adlit\u0131bbi s\u00fcre\u00e7lerde ileride adli t\u0131p \u00e7al\u0131\u015fanlar\u0131n\u0131n t\u00f6hmet alt\u0131nda kalmamas\u0131 i\u00e7in t\u00fcm a\u015famalar\u0131n titizlikle ve bilimsel kurallar g\u00f6zetilerek ger\u00e7ekle\u015ftirilmesi \u00f6nem arz etmektedir&#8221; dedi. Alkan, bu noktada otopside ba\u011f\u0131ms\u0131z g\u00f6zlemcinin yer almas\u0131n\u0131n ve al\u0131nacak \u00f6rneklerde ikinci bir toksikolojik analiz imkan\u0131n\u0131n yarat\u0131lmas\u0131n\u0131n \u00f6nemine vurgu yapt\u0131.<\/p>\n<p style=\"text-align: justify;\">Ka\u015fif Kozino\u011flu<\/p>\n<p style=\"text-align: justify;\">Eski bir bordo bereli olan Ka\u015fif Kozino\u011flu, binba\u015f\u0131 r\u00fctbesi ile \u00d6zel Kuvvetler\u2019den emekli olduktan sonra Milli \u0130stihbarat Te\u015fkilat\u0131\u2019na girdi.<\/p>\n<p style=\"text-align: justify;\">\u00d6zel Harp Dairesi\u2019nde g\u00f6rev alan Kozino\u011flu, te\u015fkilat\u0131n yurtd\u0131\u015f\u0131nda g\u00f6rev yapacak biriminin kurulu\u015funda yer ald\u0131.<\/p>\n<p style=\"text-align: justify;\">Ka\u015fif Kozino\u011flu, bir s\u00fcre Asya \u00dclkeleri Daire Ba\u015fkan\u0131 Vekilli\u011fi g\u00f6revinde bulundu.<\/p>\n<p style=\"text-align: justify;\">Muharebe Arama Kurtarma Birli\u011fi&#8217;nin kuruculu\u011funu da yapan Kozino\u011flu, 1994 y\u0131l\u0131ndan itibaren yurtd\u0131\u015f\u0131 g\u00f6revlerinde bulundu.<\/p>\n<p style=\"text-align: justify;\">Ergenekon soru\u015fturmas\u0131nda ifadesi al\u0131nana kadar Ka\u015fif Kozino\u011flu\u2019nun medyada bir tek foto\u011fraf d\u0131\u015f\u0131nda (K\u00fc\u00e7\u00fck ve g\u00f6r\u00fcnt\u00fc kalitesi d\u00fc\u015f\u00fck) hi\u00e7bir g\u00f6r\u00fcnt\u00fcs\u00fc bulunmuyordu.<\/p>\n<p style=\"text-align: justify;\"><a href=\"http:\/\/www.cumhuriyet.com.tr\/?hn=292568\" target=\"_blank\">Kaynak : Cumhuriyet Haber Portal\u0131<\/a><\/p>\n","protected":false},"excerpt":{"rendered":"<p style=\"text-align: center;\">\n<p style=\"text-align: justify;\">Ergenekon davas\u0131n\u0131n tutuklu san\u0131\u011f\u0131 M\u0130T mensubu Ka\u015fif Kozino\u011flu, cezaevinde kalp krizi ge\u00e7irerek hayat\u0131n\u0131 kaybetti. Adalet Bakanl\u0131\u011f\u0131&#8217;n\u0131n, a\u011f\u0131r spor yapt\u0131ktan sonra fenala\u015ft\u0131\u011f\u0131n\u0131 belirtti\u011fi Kozino\u011flu, yakla\u015f\u0131k bir hafta sonra hakim kar\u015f\u0131s\u0131na \u00e7\u0131kacakt\u0131.<\/p>\n","protected":false},"author":1,"featured_media":0,"comment_status":"open","ping_status":"open","sticky":false,"template":"","format":"standard","meta":{"footnotes":""},"categories":[105],"tags":[],"class_list":["post-42385","post","type-post","status-publish","format-standard","hentry","category-gundem","odd"],"_links":{"self":[{"href":"http:\/\/www.korhanyilmaz.com\/index.php?rest_route=\/wp\/v2\/posts\/42385","targetHints":{"allow":["GET"]}}],"collection":[{"href":"http:\/\/www.korhanyilmaz.com\/index.php?rest_route=\/wp\/v2\/posts"}],"about":[{"href":"http:\/\/www.korhanyilmaz.com\/index.php?rest_route=\/wp\/v2\/types\/post"}],"author":[{"embeddable":true,"href":"http:\/\/www.korhanyilmaz.com\/index.php?rest_route=\/wp\/v2\/users\/1"}],"replies":[{"embeddable":true,"href":"http:\/\/www.korhanyilmaz.com\/index.php?rest_route=%2Fwp%2Fv2%2Fcomments&post=42385"}],"version-history":[{"count":0,"href":"http:\/\/www.korhanyilmaz.com\/index.php?rest_route=\/wp\/v2\/posts\/42385\/revisions"}],"wp:attachment":[{"href":"http:\/\/www.korhanyilmaz.com\/index.php?rest_route=%2Fwp%2Fv2%2Fmedia&parent=42385"}],"wp:term":[{"taxonomy":"category","embeddable":true,"href":"http:\/\/www.korhanyilmaz.com\/index.php?rest_route=%2Fwp%2Fv2%2Fcategories&post=42385"},{"taxonomy":"post_tag","embeddable":true,"href":"http:\/\/www.korhanyilmaz.com\/index.php?rest_route=%2Fwp%2Fv2%2Ftags&post=42385"}],"curies":[{"name":"wp","href":"https:\/\/api.w.org\/{rel}","templated":true}]}}