{"id":42381,"date":"2011-11-13T17:12:40","date_gmt":"2011-11-13T15:12:40","guid":{"rendered":"http:\/\/www.korhanyilmaz.com\/?p=42381"},"modified":"2011-11-14T00:04:02","modified_gmt":"2011-11-13T22:04:02","slug":"bu-kendimizi-aldatmak-olur","status":"publish","type":"post","link":"http:\/\/www.korhanyilmaz.com\/?p=42381","title":{"rendered":"&#8220;Bu kendimizi aldatmak olur&#8221;"},"content":{"rendered":"<p style=\"text-align: center;\"><a href=\"http:\/\/www.korhanyilmaz.com\/wp-content\/uploads\/2011\/11\/7073.jpg\"  class=\"lightview\"><img loading=\"lazy\" decoding=\"async\" class=\"aligncenter  wp-image-42382\" src=\"http:\/\/www.korhanyilmaz.com\/wp-content\/uploads\/2011\/11\/7073.jpg\" alt=\"\" width=\"322\" height=\"241\" \/><\/a><\/p>\n<p style=\"text-align: justify;\">TBMM Ba\u015fkan\u0131 Cemil \u00c7i\u00e7ek , K\u00fcrt sorunu ve &#8220;yeni Anayasan\u0131n bu konuda getirece\u011fi \u00e7\u00f6z\u00fcmlere&#8221; ili\u015fkin, &#8220;Anayasa yap\u0131ld\u0131\u011f\u0131 takdirde T\u00fcrkiye&#8217;de b\u00fct\u00fcn sorunlar bitecekmi\u015f gibi Anayasaya ola\u011fan\u00fcst\u00fc rol y\u00fcklemek do\u011fru de\u011fil. Bu, kendimizi aldatmak olur&#8221; diye konu\u015ftu.<!--more--><\/p>\n<p style=\"text-align: justify;\">TBMM- TBMM Ba\u015fkan\u0131 Cemil \u00c7i\u00e7ek, TRT 1&#8217;de kat\u0131ld\u0131\u011f\u0131 &#8221;Politik A\u00e7\u0131l\u0131m&#8221; program\u0131nda sorular\u0131 yan\u0131tlad\u0131.<\/p>\n<p style=\"text-align: justify;\">Yeni Anayasa ile ilgili t\u00fcm partilerin taahh\u00fcd\u00fc oldu\u011funu ve komisyon kurarak \u00e7al\u0131\u015fmay\u0131 ba\u015flatt\u0131klar\u0131n\u0131 hat\u0131rlatan \u00c7i\u00e7ek, \u00f6ncelikle \u00e7al\u0131\u015fma usullerini belirlediklerini s\u00f6yledi.<\/p>\n<p style=\"text-align: justify;\">\u00c7i\u00e7ek, &#8221;Bizim d\u00fc\u015f\u00fcncemiz; tepki anayasas\u0131 de\u011fil ya\u015fananlar\u0131 tespit ederek yeni bir anayasa yapmakt\u0131r&#8221; diye konu\u015ftu.<\/p>\n<p style=\"text-align: justify;\">\u00d6nceki anayasalardan farkl\u0131 olarak bu anayasan\u0131n &#8221;hep birlikte&#8221; yap\u0131laca\u011f\u0131n\u0131 dile getiren Cemil \u00c7i\u00e7ek, yeni anayasa ile ilgili web sayfas\u0131 haz\u0131rlad\u0131klar\u0131n\u0131 an\u0131msatt\u0131. \u00c7i\u00e7ek, &#8221;Kim bu s\u00fcrece katk\u0131 vermek isterse herkesin g\u00f6r\u00fc\u015f\u00fcn\u00fc, d\u00fc\u015f\u00fcncesini, teklifini bekliyoruz&#8221; diye konu\u015ftu.<\/p>\n<p style=\"text-align: justify;\">Derneklere, y\u00fcksek yarg\u0131 organlar\u0131na, Mecliste temsil edilmeyen siyasi partilere, meslek kurulu\u015flar\u0131na, i\u015f\u00e7i konfederasyonlar\u0131na, memur sendikalar\u0131na, \u00fcniversitelere, yerel gazetelere ve televizyonlara ula\u015ft\u0131klar\u0131n\u0131 ve bu s\u00fcrece katk\u0131 vermeye \u00e7a\u011f\u0131rd\u0131klar\u0131n\u0131 aktaran \u00c7i\u00e7ek, 31 Aral\u0131k&#8217;a kadar d\u00fc\u015f\u00fcncesi olanlardan yaz\u0131l\u0131 metin istediklerini s\u00f6yledi.<\/p>\n<p style=\"text-align: justify;\">\u00c7i\u00e7ek, &#8221;Siyaset kurumunun aya\u011f\u0131na top bu kadar gelmi\u015fken bunu \u00e7\u00f6zemezse siyaset kurumuna g\u00fcven ne durumda olur?&#8221; diye sordu.<\/p>\n<p style=\"text-align: justify;\"><strong>KCK tutuklamalar\u0131\u00a0<\/strong><\/p>\n<p style=\"text-align: justify;\">&#8221;KCK tutuklamalar\u0131, tutukluluk s\u00fcreleri ve yarg\u0131daki kutupla\u015fmayla&#8221; ilgili bir soru \u00fczerine \u00c7i\u00e7ek, \u015funlar\u0131 kaydetti:<\/p>\n<p style=\"text-align: justify;\">&#8221;\u015eu ana kadar komisyon \u00fcyesi 12 arkada\u015f\u0131m\u0131zla birlikte bu tarihi s\u00fcrecin en iyi ve mutlu sonlanmas\u0131 i\u00e7in gayret sarf ediyoruz. Bizim d\u0131\u015f\u0131m\u0131zdaki \u015fartlar da bu s\u00fcrece olumlu ya da olumsuz tesir eder. Onun i\u00e7in Anayasa \u00e7al\u0131\u015fmalar\u0131nda bir bayram havas\u0131na ihtiyac\u0131m\u0131z var. Gerginlik ortam\u0131nda ister istemez baz\u0131 s\u0131k\u0131nt\u0131lar olabilir. Komisyon olarak, kendimizi m\u00fcmk\u00fcn oldu\u011fu kadar bu tart\u0131\u015fmalardan d\u0131\u015farda tutmam\u0131z gerekti\u011fini d\u00fc\u015f\u00fcn\u00fcyorum. \u00c7\u00fcnk\u00fc bu tart\u0131\u015fmalar\u0131 yapacak partilerimizin y\u00f6neticileri, s\u00f6zc\u00fcleri var. Bu tart\u0131\u015fmalar\u0131 onlar yaps\u0131n. Biz bu tart\u0131\u015fmalar\u0131 komisyona ta\u015f\u0131d\u0131\u011f\u0131m\u0131zda zaman kaybederiz. Buna dikkat etmeye \u00e7al\u0131\u015fmam\u0131z gerekir.<\/p>\n<p style=\"text-align: justify;\">Baz\u0131 konularla ilgili d\u00fc\u015f\u00fcncesi, temennisi olanlar, bir konuyu g\u00fcndeme getirmek isteyenler getirmi\u015ftir. Baz\u0131 komisyon \u00fcyesi arkada\u015flar\u0131m\u0131z tutuklamalarla ilgili olarak &#8216;burada bir karar alal\u0131m, yol temizli\u011fi yapal\u0131m e\u015f zamanl\u0131 olarak&#8217; dediler. Bizim komisyonun \u00f6zel bir g\u00f6revi var. Bu s\u00fcreci y\u00f6netmek ve yeni bir anayasa yapmak. Bunun d\u0131\u015f\u0131na ta\u015ft\u0131\u011f\u0131m\u0131zda, ba\u015fka konular\u0131 buraya getirdi\u011fimizde esas konudan uzakla\u015fabiliriz. Bu s\u00f6ylenenler do\u011frudur. Biz de hak veriyor olabiliriz ama bunu partilerin ba\u015fka mekanlarda, platformlarda, ba\u015fka ki\u015filerle tart\u0131\u015fmas\u0131 laz\u0131m.&#8221;<\/p>\n<p style=\"text-align: justify;\">Anayasa yapman\u0131n en zor yasama faaliyeti oldu\u011funu beliren \u00c7i\u00e7ek, &#8221;Uzla\u015fma Komisyonu team\u00fcl\u00fc bir komisyon. \u0130\u00e7t\u00fcz\u00fck ya da Anayasada dayana\u011f\u0131 olan komisyon de\u011fil. Bu komisyona \u00f6zel g\u00f6revi d\u0131\u015f\u0131nda ba\u015fka konular\u0131 da getirip tart\u0131\u015fmaya kalkarsak, o zaman biz bu s\u00fcreci ya etkin ve verimli bir \u015fekilde s\u00fcrd\u00fcremeyiz ya da zaman \u00e7abuk ge\u00e7er. Biz 2012 sonuna bitirelim dedik. Ba\u015fka konular\u0131 bu i\u015fin i\u00e7ine dahil etti\u011fimizde 2013, 2014&#8217;e sarkarsa ba\u015fkaca s\u0131k\u0131nt\u0131lar da T\u00fcrkiye&#8217;nin g\u00fcndeminde. Onun i\u00e7in bu konularla ilgili s\u00f6ylenecek \u00e7ok \u015fey olabilir ama onun bu komisyonun d\u0131\u015f\u0131nda s\u00f6ylemeyi istiyoruz.&#8221;<\/p>\n<p style=\"text-align: justify;\"><strong>Tutuklu milletvekilleri\u00a0<\/strong><\/p>\n<p style=\"text-align: justify;\">\u00c7i\u00e7ek, tutuklu milletvekillerinin ceza evinden \u00e7\u0131kmas\u0131 i\u00e7in kendisinin herhangi bir giri\u015fimde bulunup bulunmad\u0131\u011f\u0131na y\u00f6nelik soru \u00fczerine, Meclis Ba\u015fkanlar\u0131n\u0131n g\u00f6rev ve yetki s\u0131n\u0131rlar\u0131n\u0131n Anayasa ve \u0130\u00e7t\u00fcz\u00fckte belli oldu\u011funu hat\u0131rlatt\u0131. Bu nedenle yetkilerini Anayasa ve \u0130\u00e7t\u00fcz\u00fck \u00e7er\u00e7evesinde kullanabilece\u011fini belirten \u00c7i\u00e7ek, aksine bir davran\u0131\u015f sergiledi\u011finde, yetkilerini a\u015ft\u0131\u011f\u0131 konusunda T\u00fcrkiye&#8217;de yeni bir tart\u0131\u015fma ba\u015flayabilece\u011fini ifade etti.<\/p>\n<p style=\"text-align: justify;\">Bu konuda \u00f6zel komisyon kurulmas\u0131na ili\u015fkin \u00f6neriyi de\u011ferlendiren \u00c7i\u00e7ek, s\u00f6z konusu komisyonunun kurulmas\u0131nda, partilerin mutab\u0131k kalmas\u0131 sonucu aynen uzla\u015fma komisyonunda oldu\u011fu gibi bir yol izlenebilece\u011fini kaydetti.<\/p>\n<p style=\"text-align: justify;\">\u00c7i\u00e7ek, &#8221;Anayasa Uzla\u015fma Komisyonunda, partilerin \u00e7al\u0131\u015fmalardan \u00e7ekilmesi halinde iktidar partisinin &#8216;Benim \u00e7o\u011funlu\u011fum var, ben devam ederim&#8217; der mi? \u015feklindeki soruya, &#8221;Hay\u0131r, b\u00f6yle bir d\u00fc\u015f\u00fcncesinin olmayaca\u011f\u0131 s\u00f6ylendi&#8221; yan\u0131t\u0131n\u0131 verdi. Cemil \u00c7i\u00e7ek, herhangi bir partinin \u00e7al\u0131\u015fmalardan \u00e7ekilmesinin toplumsal a\u00e7\u0131dan bir siyasi m\u00fceyyidesinin olabilece\u011fini, \u00e7\u00fcnk\u00fc bu \u00e7al\u0131\u015fmalara kat\u0131lan partilerin topluma yeni anayasa konusunda vaatte bulunduklar\u0131n\u0131 kaydetti.<\/p>\n<p style=\"text-align: justify;\">Yeni Anayasa ile ilgili \u00e7al\u0131\u015fmalar\u0131 da de\u011ferlendiren \u00c7i\u00e7ek, &#8221;Zor bir i\u015f ama bunu kolayla\u015ft\u0131rmak laz\u0131m. Toplumun b\u00fcy\u00fck beklentisi var. Diyelim ki uzla\u015famad\u0131k, anayasay\u0131 yapamad\u0131k. Biz bu i\u015fi yapamazsak, en az\u0131nda bu i\u015fi yapamayanlar, bug\u00fcnk\u00fc Anayasadan \u015fikayet edemez. Bu nedenle ne yap\u0131p edip bizim bu i\u015fi bir yere getirmemiz laz\u0131m. Biz millet ad\u0131na bu i\u015fi yap\u0131yoruz&#8221; dedi.<\/p>\n<p style=\"text-align: justify;\"><strong>K\u00fcrt sorunu\u00a0<\/strong><\/p>\n<p style=\"text-align: justify;\">Cemil \u00c7i\u00e7ek, &#8221;K\u00fcrt sorunu ve yeni Anayasan\u0131n bu konuda getirece\u011fi \u00e7\u00f6z\u00fcmlere&#8221; ili\u015fkin soru \u00fczerine, &#8221;Anayasa yap\u0131ld\u0131\u011f\u0131 takdirde T\u00fcrkiye&#8217;de b\u00fct\u00fcn sorunlar bitecekmi\u015f gibi Anayasaya ola\u011fan\u00fcst\u00fc rol y\u00fcklemek do\u011fru de\u011fil. Bu, i\u015fi zorla\u015ft\u0131r\u0131r. Anayasa, \u00e7\u00f6z\u00fcm konusunda siyaset kurumuna rahat \u00e7\u00f6z\u00fcm \u00fcretme imkan\u0131 sa\u011flar. Anayasaya, &#8216;her \u015feyin \u00e7aresi&#8217; \u015feklinde rol y\u00fcklenmesi do\u011fru de\u011fil. Mevcut sorunlar\u0131n tamam\u0131 Anayasadan kaynaklanm\u0131yor. Anayasa \u00f6nemli ama &#8216;Anayasa e\u015fittir s\u0131f\u0131r sorunlu T\u00fcrkiye&#8217; d\u00fc\u015f\u00fcncesi yanl\u0131\u015f. Bu, kendimizi aldatmak olur&#8221; diye konu\u015ftu.<\/p>\n<p style=\"text-align: justify;\">Cemil \u00c7i\u00e7ek, yeni anayasan\u0131n \u00f6zellikle demokrasinin eksik olmas\u0131ndan ve demokrasi standard\u0131n\u0131n d\u00fc\u015f\u00fckl\u00fc\u011f\u00fcnden kaynaklanan sorunlar\u0131n \u00e7\u00f6z\u00fclmesine imkan tan\u0131yaca\u011f\u0131n\u0131 dile getirdi.<\/p>\n<p style=\"text-align: justify;\"><strong>Tutukluluk s\u00fcresi\u00a0<\/strong><\/p>\n<p style=\"text-align: justify;\">Ba\u015fka bir soruyu yan\u0131tlarken tutukluluk s\u00fcrelerine ili\u015fkin tart\u0131\u015fmalar\u0131 de\u011ferlendiren \u00c7i\u00e7ek, daha \u00f6nce tutukluluk s\u00fcresi ile ilgili bir s\u0131n\u0131rlaman\u0131n da olmad\u0131\u011f\u0131n\u0131, yap\u0131lan d\u00fczenlemelerle bu konuya s\u0131n\u0131rlamalar\u0131n getirildi\u011fini belirtti. \u00c7i\u00e7ek, &#8221;Demek ki kanun koyucunun murad\u0131 asl\u0131nda mahkumiyete d\u00f6n\u00fc\u015fen tutuklulu\u011fun olmamas\u0131d\u0131r&#8221; dedi.<\/p>\n<p style=\"text-align: justify;\"><strong>Kamer Gen\u00e7&#8217;in k\u00fcrs\u00fcden itilmesi\u00a0<\/strong><\/p>\n<p style=\"text-align: justify;\">\u00c7i\u00e7ek, TBMM Genel Kurulunda CHP Tunceli Milletvekili Kamer Gen\u00e7&#8217;in, TBMM \u0130dare Amiri Salim Uslu taraf\u0131ndan k\u00fcrs\u00fcden itilmesine ili\u015fkin soru \u00fczerine, konuya Meclisin kurumsal itibar\u0131 a\u00e7\u0131s\u0131ndan da bakt\u0131\u011f\u0131n\u0131 s\u00f6yledi.<\/p>\n<p style=\"text-align: justify;\">Toplumun \u00f6n\u00fcnde g\u00f6rev yapan insanlar olduklar\u0131n\u0131 ifade eden \u00c7i\u00e7ek, &#8221;Televizyonlarda o t\u00fcrl\u00fc g\u00f6r\u00fcnt\u00fcleri izleyenler Meclis hakk\u0131nda ne d\u00fc\u015f\u00fcn\u00fcr? Meclisin kutsiyeti var. &#8216;Y\u00fcce Meclis&#8217; diyoruz. Bu olay beni \u00fczd\u00fc. Ben hem CHP Grup Ba\u015fkanvekili Say\u0131n Hamza\u00e7ebi&#8217;yi hem Adalet ve Kalk\u0131nma Parti&#8217;sindeki arkada\u015flar\u0131 arad\u0131m. Arzumuz herkesin biraz daha sorumlu davranmas\u0131d\u0131r&#8221; dedi.<\/p>\n<p style=\"text-align: justify;\"><a href=\"http:\/\/www.cumhuriyet.com.tr\/?kn=6&amp;hn=292624\" target=\"_blank\">Kaynak : Cumhuriyet Haber Portal\u0131<\/a><\/p>\n","protected":false},"excerpt":{"rendered":"<p style=\"text-align: center;\">\n<p style=\"text-align: justify;\">TBMM Ba\u015fkan\u0131 Cemil \u00c7i\u00e7ek , K\u00fcrt sorunu ve &#8220;yeni Anayasan\u0131n bu konuda getirece\u011fi \u00e7\u00f6z\u00fcmlere&#8221; ili\u015fkin, &#8220;Anayasa yap\u0131ld\u0131\u011f\u0131 takdirde T\u00fcrkiye&#8217;de b\u00fct\u00fcn sorunlar bitecekmi\u015f gibi Anayasaya ola\u011fan\u00fcst\u00fc rol y\u00fcklemek do\u011fru de\u011fil. Bu, kendimizi aldatmak olur&#8221; diye konu\u015ftu.<\/p>\n","protected":false},"author":1,"featured_media":0,"comment_status":"open","ping_status":"open","sticky":false,"template":"","format":"standard","meta":{"footnotes":""},"categories":[105],"tags":[],"class_list":["post-42381","post","type-post","status-publish","format-standard","hentry","category-gundem","odd"],"_links":{"self":[{"href":"http:\/\/www.korhanyilmaz.com\/index.php?rest_route=\/wp\/v2\/posts\/42381","targetHints":{"allow":["GET"]}}],"collection":[{"href":"http:\/\/www.korhanyilmaz.com\/index.php?rest_route=\/wp\/v2\/posts"}],"about":[{"href":"http:\/\/www.korhanyilmaz.com\/index.php?rest_route=\/wp\/v2\/types\/post"}],"author":[{"embeddable":true,"href":"http:\/\/www.korhanyilmaz.com\/index.php?rest_route=\/wp\/v2\/users\/1"}],"replies":[{"embeddable":true,"href":"http:\/\/www.korhanyilmaz.com\/index.php?rest_route=%2Fwp%2Fv2%2Fcomments&post=42381"}],"version-history":[{"count":0,"href":"http:\/\/www.korhanyilmaz.com\/index.php?rest_route=\/wp\/v2\/posts\/42381\/revisions"}],"wp:attachment":[{"href":"http:\/\/www.korhanyilmaz.com\/index.php?rest_route=%2Fwp%2Fv2%2Fmedia&parent=42381"}],"wp:term":[{"taxonomy":"category","embeddable":true,"href":"http:\/\/www.korhanyilmaz.com\/index.php?rest_route=%2Fwp%2Fv2%2Fcategories&post=42381"},{"taxonomy":"post_tag","embeddable":true,"href":"http:\/\/www.korhanyilmaz.com\/index.php?rest_route=%2Fwp%2Fv2%2Ftags&post=42381"}],"curies":[{"name":"wp","href":"https:\/\/api.w.org\/{rel}","templated":true}]}}