{"id":42370,"date":"2011-11-13T20:08:59","date_gmt":"2011-11-13T18:08:59","guid":{"rendered":"http:\/\/www.korhanyilmaz.com\/?p=42370"},"modified":"2011-11-13T21:06:34","modified_gmt":"2011-11-13T19:06:34","slug":"deprem-bolgesinde-soguk-can-aldi","status":"publish","type":"post","link":"http:\/\/www.korhanyilmaz.com\/?p=42370","title":{"rendered":"Deprem b\u00f6lgesinde so\u011fuk can ald\u0131"},"content":{"rendered":"<p style=\"text-align: center;\"><a href=\"http:\/\/www.korhanyilmaz.com\/wp-content\/uploads\/2011\/11\/7072.jpg\"  class=\"lightview\"><img loading=\"lazy\" decoding=\"async\" class=\"aligncenter  wp-image-42371\" src=\"http:\/\/www.korhanyilmaz.com\/wp-content\/uploads\/2011\/11\/7072.jpg\" alt=\"\" width=\"307\" height=\"236\" \/><\/a><\/p>\n<p>Vanl\u0131lar, hayat\u0131 alt\u00fcst eden depremin ard\u0131ndan \u015fimdi so\u011fuk hava ile bo\u011fu\u015fuyor. Depremzedeler, g\u00fcnd\u00fcz bile eksi on derece so\u011fukla m\u00fccadele ediyor. Erci\u015f \u00c7elebiba\u011f Beldesi\u2019nde bedensel engelli 7 ya\u015f\u0131ndaki Deniz Olgun&#8217;un naylon \u00e7ad\u0131rda yakaland\u0131\u011f\u0131 hastal\u0131ktan hayat\u0131n\u0131 kaybetti\u011fi \u00f6ne s\u00fcr\u00fcld\u00fc.\u00a0<!--more--><\/p>\n<p>Erci\u015f\u2019e 7 kilometre uzakl\u0131kta bulunan \u00c7elebiba\u011f Beldesi Cumhuriyet Mahallesi\u2019nde oturan Enver Olgun, depremde evlerinin hasar g\u00f6rd\u00fc\u011f\u00fcn\u00fc belirterek, kriz merkezi ve kaymakaml\u0131ktan defalarca g\u00f6r\u00fc\u015fmesine ra\u011fmen \u00e7ad\u0131r alamad\u0131\u011f\u0131n\u0131 iddia ederek, kendi \u00e7abalar\u0131yla naylonlardan bir baraka yapt\u0131\u011f\u0131n\u0131, 12 n\u00fcfuslu ailesi ile burada ya\u015famaya ba\u015flad\u0131klar\u0131n\u0131 s\u00f6yledi. Evin engelli \u00e7ocu\u011fu Deniz Olgun, rahats\u0131zlan\u0131nca Bitlis Devlet Hastanesi\u2019ne g\u00f6t\u00fcr\u00fcld\u00fc. Buradan Batman\u2019a sevkedilen Deniz Olgun kurtar\u0131lamad\u0131.<\/p>\n<p>9 \u00e7ocu\u011fu ve e\u015fiyle birlikte naylon barakada ya\u015famay\u0131 s\u00fcrd\u00fcren Baba Enver Olgun, \u015f\u00f6yle dedi:<\/p>\n<p>&#8220;Yapt\u0131\u011f\u0131m m\u00fcracaatlara ra\u011fmen \u00e7ad\u0131r alamad\u0131m. Kendi imkanlar\u0131mla kurdu\u011fum \u00e7ad\u0131rda ya\u015farken k\u0131z\u0131m rahats\u0131zland\u0131. Batman\u2019a sevkedildikten sonra burada hayat\u0131n\u0131 kaybetti. Evimizde ya\u015farken \u00e7ocu\u011fuma iyi bak\u0131yordum. Ancak naylon \u00e7ad\u0131rda k\u0131z\u0131m enfeksiyon kaparak rahats\u0131zland\u0131. Havale ge\u00e7iriyordu. G\u00f6t\u00fcrd\u00fc\u011f\u00fcm Batman\u2019daki hastanede hayat\u0131n\u0131 kaybetti. Havalar so\u011fuk, \u00e7ad\u0131r alamad\u0131\u011f\u0131m i\u00e7in ailemle birlikte bu naylon \u00e7ad\u0131rda ya\u015famay\u0131 s\u00fcrd\u00fcr\u00fcyoruz.&#8221;<\/p>\n<p>\u00c7elebiba\u011f Beldesi\u2019ndeki evi depremde hasar g\u00f6rd\u00fc\u011f\u00fc i\u00e7in i\u00e7eri girmeye korktuklar\u0131n\u0131 belirten Selahattin \u00c7avu\u015f, herhangi bir yard\u0131m alamad\u0131klar\u0131n\u0131 \u00f6ne s\u00fcrd\u00fc. Yakla\u015f\u0131k 1000 TL harcayarak bah\u00e7esine sac, izolasyon malzemesinden bar\u0131nak olu\u015fturan 7 \u00e7ocuk babas\u0131 Cevdet Pi\u015firgen ise, &#8220;\u00c7ad\u0131r bekledik gelmeyince b\u00f6yle bir \u00e7areye ba\u015fvurduk. Bu karda ba\u015fka bir \u00e7\u00f6z\u00fcm bulamad\u0131k&#8221; dedi.<\/p>\n<p><a href=\"http:\/\/www.cnnturk.com\/2011\/guncel\/11\/13\/deprem.bolgesinde.soguk.can.aldi\/636582.0\/index.html\" target=\"_blank\">Kaynak : CNN T\u00dcRK<\/a><\/p>\n","protected":false},"excerpt":{"rendered":"<p style=\"text-align: center;\">\n<p>Vanl\u0131lar, hayat\u0131 alt\u00fcst eden depremin ard\u0131ndan \u015fimdi so\u011fuk hava ile bo\u011fu\u015fuyor. Depremzedeler, g\u00fcnd\u00fcz bile eksi on derece so\u011fukla m\u00fccadele ediyor. Erci\u015f \u00c7elebiba\u011f Beldesi\u2019nde bedensel engelli 7 ya\u015f\u0131ndaki Deniz Olgun&#8217;un naylon \u00e7ad\u0131rda yakaland\u0131\u011f\u0131 hastal\u0131ktan hayat\u0131n\u0131 kaybetti\u011fi \u00f6ne s\u00fcr\u00fcld\u00fc. <\/p>\n","protected":false},"author":1,"featured_media":0,"comment_status":"open","ping_status":"open","sticky":false,"template":"","format":"standard","meta":{"footnotes":""},"categories":[105],"tags":[],"class_list":["post-42370","post","type-post","status-publish","format-standard","hentry","category-gundem","odd"],"_links":{"self":[{"href":"http:\/\/www.korhanyilmaz.com\/index.php?rest_route=\/wp\/v2\/posts\/42370","targetHints":{"allow":["GET"]}}],"collection":[{"href":"http:\/\/www.korhanyilmaz.com\/index.php?rest_route=\/wp\/v2\/posts"}],"about":[{"href":"http:\/\/www.korhanyilmaz.com\/index.php?rest_route=\/wp\/v2\/types\/post"}],"author":[{"embeddable":true,"href":"http:\/\/www.korhanyilmaz.com\/index.php?rest_route=\/wp\/v2\/users\/1"}],"replies":[{"embeddable":true,"href":"http:\/\/www.korhanyilmaz.com\/index.php?rest_route=%2Fwp%2Fv2%2Fcomments&post=42370"}],"version-history":[{"count":0,"href":"http:\/\/www.korhanyilmaz.com\/index.php?rest_route=\/wp\/v2\/posts\/42370\/revisions"}],"wp:attachment":[{"href":"http:\/\/www.korhanyilmaz.com\/index.php?rest_route=%2Fwp%2Fv2%2Fmedia&parent=42370"}],"wp:term":[{"taxonomy":"category","embeddable":true,"href":"http:\/\/www.korhanyilmaz.com\/index.php?rest_route=%2Fwp%2Fv2%2Fcategories&post=42370"},{"taxonomy":"post_tag","embeddable":true,"href":"http:\/\/www.korhanyilmaz.com\/index.php?rest_route=%2Fwp%2Fv2%2Ftags&post=42370"}],"curies":[{"name":"wp","href":"https:\/\/api.w.org\/{rel}","templated":true}]}}