{"id":42366,"date":"2011-11-13T20:35:13","date_gmt":"2011-11-13T18:35:13","guid":{"rendered":"http:\/\/www.korhanyilmaz.com\/?p=42366"},"modified":"2011-11-14T00:13:09","modified_gmt":"2011-11-13T22:13:09","slug":"gerekirse-biz-de-fiziki-guc-kullaniriz","status":"publish","type":"post","link":"http:\/\/www.korhanyilmaz.com\/?p=42366","title":{"rendered":"&#8220;Kozino\u011flu&#8217;nun \u00f6l\u00fcm\u00fc hukuk cinayetidir&#8221;"},"content":{"rendered":"<p style=\"text-align: center;\"><a href=\"http:\/\/www.korhanyilmaz.com\/wp-content\/uploads\/2011\/11\/7071.jpg\"  class=\"lightview\"><img loading=\"lazy\" decoding=\"async\" class=\"aligncenter  wp-image-42367\" src=\"http:\/\/www.korhanyilmaz.com\/wp-content\/uploads\/2011\/11\/7071.jpg\" alt=\"\" width=\"307\" height=\"236\" \/><\/a><\/p>\n<p style=\"text-align: justify;\">CHP Denizli Milletvekili \u0130lhan Cihaner, cezaevinde kalp krizi sonucu hayat\u0131n\u0131 kaybeden Ergenekon davas\u0131 san\u0131\u011f\u0131 M\u0130T g\u00f6revlisi Ka\u015fif Kozino\u011flu&#8217;nun &#8216;<strong>kalp krizine de\u011fil,<\/strong> <strong>hukuk cinayetine kurban gitti\u011fini<\/strong>&#8216; \u00f6ne s\u00fcrd\u00fc. Cihaner, Kamer Gen\u00e7&#8217;in Meclis k\u00fcrs\u00fcs\u00fcnde sald\u0131r\u0131ya u\u011framas\u0131yla ilgili olarak da &#8216;<strong>bundan sonra gerekirse biz de fiziki g\u00fc\u00e7 kullanaca\u011f\u0131z<\/strong>&#8216; dedi.\u00a0<!--more--><\/p>\n<p style=\"text-align: justify;\">Tutukluluk s\u00fcrelerinin yarg\u0131s\u0131z infaza d\u00f6n\u00fc\u015ft\u00fc\u011f\u00fcn\u00fc iddia eden Cihaner, &#8220;Bir hakimin 3 y\u0131l boyunca delillerin toplanmas\u0131n\u0131 beklemesi mant\u0131kl\u0131 de\u011fil. B\u00f6yle diyorsan\u0131z ya bir delilin uydurulmas\u0131n\u0131 bekliyorsunuz, ya da i\u015finizi ciddiye alm\u0131yorsunuz&#8221; dedi. Bir panele kat\u0131lmak \u00fczere Mersin&#8217;e gelen CHP Denizli Milletvekili \u0130lhan Cihaner, partisinin \u0130l ba\u015fkanl\u0131\u011f\u0131 binas\u0131nda g\u00fcndeme ili\u015fkin de\u011ferlendirmelerde bulundu.<\/p>\n<p style=\"text-align: justify;\">AK Parti&#8217;nin kendisine muhalif olan herkesi bast\u0131rmaya \u00e7al\u0131\u015ft\u0131\u011f\u0131n\u0131, bu ama\u00e7 do\u011frultusunda uzun tutukluluk s\u00fcrelerinin yarg\u0131s\u0131z infaza d\u00f6n\u00fc\u015ft\u00fcr\u00fcld\u00fc\u011f\u00fcn\u00fc \u00f6ne s\u00fcren Cihaner, Odatv operasyonu kapsam\u0131nda g\u00f6zalt\u0131na al\u0131n\u0131p tutuklanan ve kalp krizi sonucu hayat\u0131n\u0131 kaybeden Ka\u015fif Kozino\u011flu&#8217;nun \u00f6l\u00fcm\u00fcyle ilgili olarak, &#8220;AKP, t\u00fcm sorun yarg\u0131daym\u0131\u015f gibi topu yarg\u0131ya at\u0131yor. Her hak ihlalinin sorumlulu\u011fu siyasi iktidardad\u0131r. Uzun tutukluluk s\u00fcresi ve cezaevinde \u00f6l\u00fcm olay\u0131 ilk de\u011fil. Daha \u00f6nce de Ergenekon&#8217;un kasas\u0131 oldu\u011fu ileri s\u00fcr\u00fclen bir i\u015fadam\u0131 cezaevinde hayat\u0131n\u0131 kaybetmi\u015fti. Cezaevlerinde halen 7-8 a\u011f\u0131r hasta var. \u0130\u00e7lerinde kendisi gidip teslim olanlar var. Yani bunlar\u0131n tutuklanmas\u0131, bu kadar s\u00fcre tutuklu kalmas\u0131 hukuki de\u011fil. Son \u00f6l\u00fcm olay\u0131n\u0131 kalp krizi olarak de\u011fil, hukuk cinayeti olarak g\u00f6r\u00fcyoruz. Kozino\u011flu hukuk cinayetine kurban gitti&#8221; de\u011ferlendirmesinde bulundu.Kozino\u011flu&#8217;nun \u00f6l\u00fcm\u00fcnden bir s\u00fcre \u00f6nce hastaneye kald\u0131r\u0131ld\u0131\u011f\u0131n\u0131 kaydeden Cihaner, Ergenekon davas\u0131 tutuklusu CHP Milletvekili Mehmet Haberal&#8217;a &#8216;cezaevinde kalamayaca\u011f\u0131na dair rapor&#8217; veren hekimlerin g\u00f6zalt\u0131na al\u0131nd\u0131\u011f\u0131n\u0131 hat\u0131rlatt\u0131 ve &#8220;Art\u0131k hi\u00e7bir hekim, tutuklulara sa\u011fl\u0131k raporu d\u00fczenlemeye cesaret edemiyor&#8221; dedi. H\u00fck\u00fcmetin, uzun tutukluluk s\u00fcresi ba\u015fta olmak \u00fczere baz\u0131 hak ihlalleri durumunda hakimlere tazminat davas\u0131 a\u00e7\u0131lmas\u0131n\u0131 engelledi\u011fini, bu \u015fekilde hukuksuzluk yapan hakimlerin &#8216;s\u0131rt\u0131n\u0131 s\u0131vazlad\u0131\u011f\u0131n\u0131&#8217; iddia eden Cihaner, &#8220;Bir hakimin 3 y\u0131l boyunca delillerin toplanmas\u0131n\u0131 beklemesi mant\u0131kl\u0131 de\u011fil. B\u00f6yle diyorsan\u0131z ya bir delilin uydurulmas\u0131n\u0131 bekliyorsunuz ki, bunu elektronik delillerde, vir\u00fcsl\u00fc e-postalarda g\u00f6rd\u00fck. Ya da i\u015finizi ciddiye alm\u0131yorsunuz. Bir davayla ilgili bilirki\u015fi raporu, ke\u015fif raporu, ifadesi eksik olan ki\u015finin ifadesi beklenebilir ama bilmedi\u011finiz bir delili bekleyemezsiniz. Bu, insan haklar\u0131n\u0131n a\u011f\u0131r bir ihlalidir&#8221; diye konu\u015ftu.<\/p>\n<p style=\"text-align: justify;\"><strong>&#8216;Gerekirse biz de fiziki g\u00fc\u00e7 kullan\u0131r\u0131z&#8217;\u00a0<\/strong><\/p>\n<p style=\"text-align: justify;\">Cihaner, CHP Tunceli Milletvekili Kamer Gen\u00e7&#8217;in Meclis k\u00fcrs\u00fcs\u00fcnde sald\u0131r\u0131ya u\u011framas\u0131n\u0131 da &#8220;Meclisin sesi AKP iktidar\u0131 d\u00f6neminde a\u015fama a\u015fama k\u0131s\u0131l\u0131yor. \u00d6nce torba yasalar, sonra soru sorma hakk\u0131n\u0131n k\u0131s\u0131tlanmas\u0131, sonra konu\u015fma s\u00fcreklerinin azalt\u0131lmas\u0131, daha sonra meclis televizyonunun kapat\u0131lmas\u0131. Yetmemi\u015f olacak ki i\u015fi fiziki m\u00fcdahaleye kadar getirdiler. Bundan sonra b\u00f6yle m\u00fcdahalelere izin vermeyece\u011fiz. Fiziki g\u00fc\u00e7 kullanmak gerekirse biz de kullanaca\u011f\u0131z. \u00c7\u00fcnk\u00fc kar\u015f\u0131m\u0131zda e\u015fkiyal\u0131\u011f\u0131 tarz olarak se\u00e7mi\u015f, milli iradeyi sakatlayan, milletvekillerini tutuklu b\u0131rakan bir demokrasi anlay\u0131\u015f\u0131 var&#8221; diye yorumlad\u0131.Van depreminde ya\u015fanan ihmalleri protesto eden yurtta\u015flara polisin cop ve biber gaz\u0131yla m\u00fcdahale etmesini de ele\u015ftiren Cihaner, &#8220;Ben AKP&#8217;nin akl\u0131n\u0131 yitirdi\u011fini san\u0131yordum ama g\u00f6rd\u00fck ki vicdanlar\u0131n\u0131 da yitirmi\u015fler. AKP giderek daha fa\u015fizan ve despotik hale geliyor&#8221; dedi.<\/p>\n<p style=\"text-align: justify;\"><a href=\"http:\/\/www.cnnturk.com\/2011\/turkiye\/11\/13\/gerekirse.biz.de.fiziki.guc.kullaniriz\/636590.0\/index.html\" target=\"_blank\">Kaynak : CNN T\u00dcRK<\/a><\/p>\n","protected":false},"excerpt":{"rendered":"<p style=\"text-align: center;\">\n<p style=\"text-align: justify;\">CHP Denizli Milletvekili \u0130lhan Cihaner, cezaevinde kalp krizi sonucu hayat\u0131n\u0131 kaybeden Ergenekon davas\u0131 san\u0131\u011f\u0131 M\u0130T g\u00f6revlisi Ka\u015fif Kozino\u011flu&#8217;nun &#8216;kalp krizine de\u011fil, hukuk cinayetine kurban gitti\u011fini&#8216; \u00f6ne s\u00fcrd\u00fc. Cihaner, Kamer Gen\u00e7&#8217;in Meclis k\u00fcrs\u00fcs\u00fcnde sald\u0131r\u0131ya u\u011framas\u0131yla ilgili olarak da &#8216;bundan sonra gerekirse biz de fiziki g\u00fc\u00e7 kullanaca\u011f\u0131z&#8216; dedi. <\/p>\n","protected":false},"author":1,"featured_media":0,"comment_status":"open","ping_status":"open","sticky":false,"template":"","format":"standard","meta":{"footnotes":""},"categories":[105],"tags":[],"class_list":["post-42366","post","type-post","status-publish","format-standard","hentry","category-gundem","odd"],"_links":{"self":[{"href":"http:\/\/www.korhanyilmaz.com\/index.php?rest_route=\/wp\/v2\/posts\/42366","targetHints":{"allow":["GET"]}}],"collection":[{"href":"http:\/\/www.korhanyilmaz.com\/index.php?rest_route=\/wp\/v2\/posts"}],"about":[{"href":"http:\/\/www.korhanyilmaz.com\/index.php?rest_route=\/wp\/v2\/types\/post"}],"author":[{"embeddable":true,"href":"http:\/\/www.korhanyilmaz.com\/index.php?rest_route=\/wp\/v2\/users\/1"}],"replies":[{"embeddable":true,"href":"http:\/\/www.korhanyilmaz.com\/index.php?rest_route=%2Fwp%2Fv2%2Fcomments&post=42366"}],"version-history":[{"count":0,"href":"http:\/\/www.korhanyilmaz.com\/index.php?rest_route=\/wp\/v2\/posts\/42366\/revisions"}],"wp:attachment":[{"href":"http:\/\/www.korhanyilmaz.com\/index.php?rest_route=%2Fwp%2Fv2%2Fmedia&parent=42366"}],"wp:term":[{"taxonomy":"category","embeddable":true,"href":"http:\/\/www.korhanyilmaz.com\/index.php?rest_route=%2Fwp%2Fv2%2Fcategories&post=42366"},{"taxonomy":"post_tag","embeddable":true,"href":"http:\/\/www.korhanyilmaz.com\/index.php?rest_route=%2Fwp%2Fv2%2Ftags&post=42366"}],"curies":[{"name":"wp","href":"https:\/\/api.w.org\/{rel}","templated":true}]}}