{"id":42356,"date":"2011-11-13T14:24:38","date_gmt":"2011-11-13T12:24:38","guid":{"rendered":"http:\/\/www.korhanyilmaz.com\/?p=42356"},"modified":"2011-11-13T17:54:56","modified_gmt":"2011-11-13T15:54:56","slug":"adalet-bakanligindan-kozinoglu-aciklamasi","status":"publish","type":"post","link":"http:\/\/www.korhanyilmaz.com\/?p=42356","title":{"rendered":"Adalet Bakanl\u0131\u011f\u0131&#8217;ndan &#8216;Kozino\u011flu&#8217; a\u00e7\u0131klamas\u0131"},"content":{"rendered":"<p style=\"text-align: center;\"><a href=\"http:\/\/www.korhanyilmaz.com\/wp-content\/uploads\/2011\/11\/7069.jpg\"  class=\"lightview\"><img loading=\"lazy\" decoding=\"async\" class=\"aligncenter  wp-image-42357\" src=\"http:\/\/www.korhanyilmaz.com\/wp-content\/uploads\/2011\/11\/7069.jpg\" alt=\"\" width=\"307\" height=\"236\" \/><\/a><\/p>\n<p style=\"text-align: justify;\">Adalet Bakanl\u0131\u011f\u0131, Oda TV san\u0131klar\u0131ndan M\u0130T mensubu Ka\u015fif Kozino\u011flu&#8217;nun \u00f6l\u00fcm\u00fcyle ilgili yapt\u0131\u011f\u0131 a\u00e7\u0131klamada, Kozino\u011flu&#8217;nun spor yaparken fenala\u015ft\u0131\u011f\u0131, hastanede hayat\u0131n\u0131 kaybetti\u011fi ve v\u00fccudunda k\u0131r\u0131k, darp ya da cebir izine rastlanmad\u0131\u011f\u0131 belirtildi.<!--more--><\/p>\n<p style=\"text-align: justify;\">Adalet Bakanl\u0131\u011f\u0131&#8217;ndan yap\u0131lan yaz\u0131l\u0131 a\u00e7\u0131klamada, bug\u00fcn yaz\u0131l\u0131 ve g\u00f6rsel medyada yay\u0131mlanan &#8220;Kozino\u011flu cezaevinde ya\u015fam\u0131n\u0131 yitirdi&#8221; ba\u015fl\u0131kl\u0131 haberlerle ilgili a\u00e7\u0131klama yap\u0131lmas\u0131na ihtiya\u00e7 duyuldu\u011fu belirtildi.<\/p>\n<p style=\"text-align: justify;\">A\u00e7\u0131klamaya g\u00f6re, \u0130stanbul 14. A\u011f\u0131r Ceza Mahkemesinin 10 Mart 2011 tarihli ve 2011\/20 sorgu say\u0131l\u0131 tutuklama m\u00fczekkeresine istinaden tutuklanarak Silivri 1 Nolu L Tipi Ceza \u0130nfaz Kurumuna konulan, Ka\u015fif Kozino\u011flu&#8217;nun; &#8220;d\u00fcn bulundu\u011fu odan\u0131n acil butonuna bas\u0131lmas\u0131 \u00fczerine derhal g\u00f6revli personel taraf\u0131ndan saat 18:16&#8217;da odas\u0131na girildi\u011fi ve Ka\u015fif Kozino\u011flu&#8217;nun odada yatar vaziyette oldu\u011fu ve fenala\u015ft\u0131\u011f\u0131n\u0131n g\u00f6r\u00fcld\u00fc\u011f\u00fc&#8221; ifade edildi.<\/p>\n<p style=\"text-align: justify;\">A\u00e7\u0131klamada, \u015funlar kaydedildi:<\/p>\n<p style=\"text-align: justify;\">&#8220;Oda arkada\u015f\u0131n\u0131n beyan\u0131na g\u00f6re; Kozino\u011flu&#8217;nun uzun s\u00fcreli ve a\u011f\u0131r spor yapt\u0131ktan sonra du\u015f al\u0131p odas\u0131na geldi\u011finde yata\u011f\u0131nda fenala\u015ft\u0131\u011f\u0131 ve tansiyonunun y\u00fckselmesi nedeniyle kendisine dilalt\u0131 hap\u0131 verildi\u011fi ve bu sebeple acil butonuna basarak g\u00f6revlileri durumdan haberdar ettikleri anla\u015f\u0131lm\u0131\u015ft\u0131r.<\/p>\n<p style=\"text-align: justify;\">Kozino\u011flu saat 18:18&#8217;de odas\u0131ndan sedyeyle al\u0131nm\u0131\u015f ve ayn\u0131 anda 112 Acil Servise bilgi verilerek ambulans g\u00f6nderilmesi istenmi\u015ftir. Ka\u015fif Kozino\u011flu, saat 18:24&#8217;te mahkum kabul birimindeki revire getirilmi\u015f, bu esnada ki\u015finin bilincinin a\u00e7\u0131k oldu\u011fu ve rahat nefes al\u0131p verebildi\u011fi g\u00f6zlenmi\u015ftir.<\/p>\n<p style=\"text-align: justify;\">18:37&#8217;de ambulans\u0131n gelmesi \u00fczerine bu ara\u00e7taki sa\u011fl\u0131k personelince mahallinde vakit ge\u00e7irilmeksizin kendisine m\u00fcdahale edilmi\u015f, 18:47&#8217;de ise ambulansa konularak Silivri Devlet Hastanesine sevk edilmi\u015ftir. Ambulans saat 19:15&#8217;te hastaneye giri\u015f yapm\u0131\u015f, acil doktoru ve dahiliye uzman\u0131n\u0131n t\u00fcm m\u00fcdahalelerine ra\u011fmen Kozino\u011flu saat 19:30&#8217;da ya\u015fam\u0131n\u0131 yitirmi\u015ftir.<\/p>\n<p style=\"text-align: justify;\">Silivri Cumhuriyet Ba\u015fsavc\u0131l\u0131\u011f\u0131n\u0131n 12 Kas\u0131m 2011 tarihli ve 2011\/6951 say\u0131l\u0131 \u00d6l\u00fcm Muayene ve Otopsi Tutana\u011f\u0131na g\u00f6re; doktor taraf\u0131ndan ceset \u00fczerinde elle yap\u0131lan yoklamada herhangi bir k\u0131r\u0131k, darp veya cebir izine rastlanmad\u0131\u011f\u0131 belirlenmi\u015ftir. M\u00fcteveffa, kesin \u00f6l\u00fcm sebebinin belirlenebilmesi i\u00e7in \u0130stanbul Adli T\u0131p Kurumu Ba\u015fkanl\u0131\u011f\u0131&#8217;na g\u00f6nderilmi\u015ftir.&#8221;<\/p>\n<p style=\"text-align: justify;\"><strong>KA\u015e\u0130F KOZ\u0130NO\u011eLU K\u0130MD\u0130R?\u00a0<\/strong><\/p>\n<p style=\"text-align: justify;\">Ka\u015fif Kozino\u011flu eski bir bordo bereli. Milli \u0130stihbarat Te\u015fkilat\u0131&#8217;n\u0131n en gizemli isimlerinden biri.<\/p>\n<p style=\"text-align: justify;\">Genelkurmay \u00d6zel Harp Dairesi&#8217;nde g\u00f6revliyken polis \u00f6zel harekat timlerini e\u011fitmek \u00fczere g\u00f6revlendirildi.<\/p>\n<p style=\"text-align: justify;\">Binba\u015f\u0131 r\u00fctbesiyle T\u00fcrk Silahl\u0131 Kuvvetleri&#8217;nden emekli olduktan sonra da Milli \u0130sthibarat Te\u015fkilat\u0131&#8217;nda \u00e7al\u0131\u015fmaya ba\u015flad\u0131.<\/p>\n<p style=\"text-align: justify;\">\u00d6zel Harp Dairesi&#8217;nde g\u00f6rev alan Kozino\u011flu, te\u015fkilat\u0131n yurtd\u0131\u015f\u0131nda g\u00f6rev yapacak biriminin kurulu\u015funda yer ald\u0131.<\/p>\n<p style=\"text-align: justify;\">Kozino\u011flu&#8217;nun yolu, devlet i\u00e7in \u00e7al\u0131\u015ft\u0131\u011f\u0131n\u0131 \u00f6ne s\u00fcren bir ba\u015fka isimle Alaattin \u00c7ak\u0131c\u0131 ile de kesi\u015fti.<\/p>\n<p style=\"text-align: justify;\">\u00c7ak\u0131c\u0131&#8217;n\u0131n yarg\u0131land\u0131\u011f\u0131 \u00e7ete davas\u0131 Yarg\u0131tay&#8217;da g\u00f6r\u00fcl\u00fcrken Kozino\u011flu&#8217;nun d\u00f6nemin Yarg\u0131tay Ba\u015fkan\u0131 Eraslan \u00d6zkaya&#8217;ya \u00c7ak\u0131c\u0131&#8217;n\u0131n lehinde karar vermesi i\u00e7in bask\u0131 yapt\u0131\u011f\u0131 iddia edildi. Kozino\u011flu, bu iddia ile yarg\u0131land\u0131 ve 5 ay hapis cezas\u0131na \u00e7arpt\u0131r\u0131ld\u0131.<\/p>\n<p style=\"text-align: justify;\">Ergenekon soru\u015fturmas\u0131 kapsam\u0131nda hakk\u0131nda yakalama karar\u0131 \u00e7\u0131kar\u0131ld\u0131\u011f\u0131nda Kozino\u011flu, M\u0130T&#8217;in Afganistan sorumlusuydu. T\u00fcrk Hava Kuvvetleri&#8217;ne ait kargo u\u00e7a\u011f\u0131yla T\u00fcrkiye&#8217;ye geldi, ter\u00f6r \u00f6rg\u00fct\u00fcne \u00fcye olmak ve gizli belgeleri temin etmek su\u00e7lamalar\u0131yla tutukland\u0131.<\/p>\n<p style=\"text-align: justify;\">Ergenokan davas\u0131n\u0131n tutuklu san\u0131\u011f\u0131 olan Kozino\u011flu&#8217;nun ad\u0131, Ergenekon&#8217;un ard\u0131ndan Oda TV soru\u015fturmas\u0131na kar\u0131\u015ft\u0131.<\/p>\n<p style=\"text-align: justify;\">Soner Yal\u00e7\u0131n&#8217;\u0131n ofisinde yap\u0131lan aramalarda bulunan &#8216;Koz&#8217; isimli dosyada, M\u0130T&#8217;e ait bilgi ve belgelere, AK Partililer hakk\u0131nda tutulmu\u015f istihbarat notlar\u0131na ula\u015f\u0131ld\u0131. Bu bilgilerin de M\u0130T mensubu Kozino\u011flu taraf\u0131ndan s\u0131zd\u0131r\u0131ld\u0131\u011f\u0131 ileri s\u00fcr\u00fcld\u00fc ve Kozino\u011flu, Oda TV soru\u015ftumas\u0131n\u0131n san\u0131klar\u0131 aras\u0131nda yerald\u0131.<\/p>\n<p style=\"text-align: justify;\">Kozino\u011flu, Ergenekon davas\u0131 nedeniyle tutukland\u0131\u011f\u0131 g\u00fcne kadar T\u00fcrkiye&#8217;nin en gizemli isimlerinden biri oldu.<\/p>\n<p style=\"text-align: justify;\">Hatta tutukland\u0131\u011f\u0131 g\u00fcn elde edilen tek kare foto\u011fraf\u0131 bile tart\u0131\u015f\u0131ld\u0131. Foto\u011fraf\u0131n Kozino\u011flu&#8217;na ait olup olmad\u0131\u011f\u0131 kameralara yans\u0131yan g\u00f6r\u00fcnt\u00fcs\u00fcn\u00fcn ard\u0131ndan netle\u015fti.<\/p>\n<p style=\"text-align: justify;\">Ka\u015fif Kozino\u011flu, 22 Kas\u0131m&#8217;da Oda TV davas\u0131n\u0131n ilk duru\u015fmas\u0131ndan hakim kar\u015f\u0131s\u0131na \u00e7\u0131kacakt\u0131.<\/p>\n<p style=\"text-align: justify;\"><a href=\"http:\/\/www.cnnturk.com\/2011\/turkiye\/11\/13\/adalet.bakanligindan.kozinoglu.aciklamasi\/636555.0\/index.html\" target=\"_blank\">Kaynak : CNN T\u00dcRK<\/a><\/p>\n","protected":false},"excerpt":{"rendered":"<p style=\"text-align: center;\">\n<p style=\"text-align: justify;\">Adalet Bakanl\u0131\u011f\u0131, Oda TV san\u0131klar\u0131ndan M\u0130T mensubu Ka\u015fif Kozino\u011flu&#8217;nun \u00f6l\u00fcm\u00fcyle ilgili yapt\u0131\u011f\u0131 a\u00e7\u0131klamada, Kozino\u011flu&#8217;nun spor yaparken fenala\u015ft\u0131\u011f\u0131, hastanede hayat\u0131n\u0131 kaybetti\u011fi ve v\u00fccudunda k\u0131r\u0131k, darp ya da cebir izine rastlanmad\u0131\u011f\u0131 belirtildi.<\/p>\n","protected":false},"author":1,"featured_media":0,"comment_status":"open","ping_status":"open","sticky":false,"template":"","format":"standard","meta":{"footnotes":""},"categories":[105],"tags":[473],"class_list":["post-42356","post","type-post","status-publish","format-standard","hentry","category-gundem","tag-kasif-kozinoglu","odd"],"_links":{"self":[{"href":"http:\/\/www.korhanyilmaz.com\/index.php?rest_route=\/wp\/v2\/posts\/42356","targetHints":{"allow":["GET"]}}],"collection":[{"href":"http:\/\/www.korhanyilmaz.com\/index.php?rest_route=\/wp\/v2\/posts"}],"about":[{"href":"http:\/\/www.korhanyilmaz.com\/index.php?rest_route=\/wp\/v2\/types\/post"}],"author":[{"embeddable":true,"href":"http:\/\/www.korhanyilmaz.com\/index.php?rest_route=\/wp\/v2\/users\/1"}],"replies":[{"embeddable":true,"href":"http:\/\/www.korhanyilmaz.com\/index.php?rest_route=%2Fwp%2Fv2%2Fcomments&post=42356"}],"version-history":[{"count":0,"href":"http:\/\/www.korhanyilmaz.com\/index.php?rest_route=\/wp\/v2\/posts\/42356\/revisions"}],"wp:attachment":[{"href":"http:\/\/www.korhanyilmaz.com\/index.php?rest_route=%2Fwp%2Fv2%2Fmedia&parent=42356"}],"wp:term":[{"taxonomy":"category","embeddable":true,"href":"http:\/\/www.korhanyilmaz.com\/index.php?rest_route=%2Fwp%2Fv2%2Fcategories&post=42356"},{"taxonomy":"post_tag","embeddable":true,"href":"http:\/\/www.korhanyilmaz.com\/index.php?rest_route=%2Fwp%2Fv2%2Ftags&post=42356"}],"curies":[{"name":"wp","href":"https:\/\/api.w.org\/{rel}","templated":true}]}}