{"id":42351,"date":"2011-11-12T16:53:26","date_gmt":"2011-11-12T14:53:26","guid":{"rendered":"http:\/\/www.korhanyilmaz.com\/?p=42351"},"modified":"2011-11-13T16:19:46","modified_gmt":"2011-11-13T14:19:46","slug":"eroglunun-araci-arinci-hasat-etti","status":"publish","type":"post","link":"http:\/\/www.korhanyilmaz.com\/?p=42351","title":{"rendered":"Ero\u011flu&#8217;nun arac\u0131 Ar\u0131n\u00e7&#8217;\u0131 &#8216;ha\u015fat&#8217; etti"},"content":{"rendered":"<p style=\"text-align: center;\"><a href=\"http:\/\/www.korhanyilmaz.com\/wp-content\/uploads\/2011\/11\/7068.jpg\"  class=\"lightview\"><img loading=\"lazy\" decoding=\"async\" class=\"aligncenter  wp-image-42352\" src=\"http:\/\/www.korhanyilmaz.com\/wp-content\/uploads\/2011\/11\/7068.jpg\" alt=\"\" width=\"322\" height=\"241\" \/><\/a><\/p>\n<p style=\"text-align: justify;\">Ba\u015fbakan Yard\u0131mc\u0131s\u0131 B\u00fclent Ar\u0131n\u00e7, Manisa&#8217;n\u0131n Soma il\u00e7esine giderken, Afyonkarahisar&#8217;\u0131n Bayat il\u00e7esinde mola verdi.<\/p>\n<p style=\"text-align: justify;\">Afyonkarahisar- Bayramla\u015fma ve \u00e7e\u015fitli ziyaretler i\u00e7in Afyonkarahisar&#8217;\u0131n Bayat il\u00e7esine gelen Orman ve Su \u0130\u015fleri Bakan\u0131 Veysel Ero\u011flu&#8217;nun i\u00e7inde bulundu\u011fu makam arac\u0131n\u0131n ayn\u0131 g\u00fczergahta seyrederken kendi makam arac\u0131n\u0131 ge\u00e7ti\u011fini g\u00f6ren Ba\u015fbakan Yard\u0131mc\u0131s\u0131 Ar\u0131n\u00e7, Bayat il\u00e7esine u\u011frad\u0131.\u00a0<!--more--><\/p>\n<p style=\"text-align: justify;\">Bakan Ero\u011flu ve di\u011fer yetkililer taraf\u0131ndan kar\u015f\u0131lanan Ar\u0131n\u00e7, Orman ve Su \u0130\u015fleri Bakan\u0131 Veysel Ero\u011flu&#8217;nun Ankara-Afyonkarahisar karayolundan adeta &#8221;jet h\u0131z\u0131yla&#8221; ge\u00e7ti\u011fini belirterek, kendisinin o kadar h\u0131z yapmad\u0131\u011f\u0131n\u0131 s\u00f6yledi.<\/p>\n<p style=\"text-align: justify;\">Ero\u011flu&#8217;nun karayolundaki gidi\u015f h\u0131z\u0131na hayran kald\u0131\u011f\u0131n\u0131 ifade eden Ar\u0131n\u00e7, &#8221;<span style=\"text-decoration: underline;\"><em>K\u0131rm\u0131z\u0131 plakas\u0131 da yok. Bu araba bizi ha\u015fat etti. &#8216;Kim bu bak\u0131n&#8217; dedim. &#8216;Veysel Bey ge\u00e7iyor&#8217; dediler. Bizim jenerasyon b\u00f6yledir<\/em><\/span>&#8221; diye konu\u015ftu.<\/p>\n<p style=\"text-align: justify;\">Ar\u0131n\u00e7, Bayat&#8217;taki bayramla\u015fma t\u00f6renlerine kat\u0131lamayaca\u011f\u0131n\u0131 belirterek, &#8221;<em><span style=\"text-decoration: underline;\">Burada kal\u0131rsam belirlenen program\u0131m i\u00e7in vakit kaybederim. Selam vermek i\u00e7in u\u011frad\u0131m. Ben Say\u0131n Bakan gibi jet h\u0131z\u0131nda da gidemiyorum<\/span><\/em>&#8221; dedi.<\/p>\n<p style=\"text-align: justify;\">Ba\u015fbakan Yard\u0131mc\u0131s\u0131 B\u00fclent Ar\u0131n\u00e7, daha sonra makam arac\u0131yla Manisa&#8217;n\u0131n Soma il\u00e7esine hareket etti.<\/p>\n<p style=\"text-align: justify;\"><a href=\"http:\/\/www.cumhuriyet.com.tr\/?kn=6&amp;hn=292510\" target=\"_blank\">Kaynak : Cumhuriyet HaberPortal\u0131<\/a><\/p>\n","protected":false},"excerpt":{"rendered":"<p style=\"text-align: center;\">\n<p style=\"text-align: justify;\">Ba\u015fbakan Yard\u0131mc\u0131s\u0131 B\u00fclent Ar\u0131n\u00e7, Manisa&#8217;n\u0131n Soma il\u00e7esine giderken, Afyonkarahisar&#8217;\u0131n Bayat il\u00e7esinde mola verdi.<\/p>\n<p style=\"text-align: justify;\">Afyonkarahisar- Bayramla\u015fma ve \u00e7e\u015fitli ziyaretler i\u00e7in Afyonkarahisar&#8217;\u0131n Bayat il\u00e7esine gelen Orman ve Su \u0130\u015fleri Bakan\u0131 Veysel Ero\u011flu&#8217;nun i\u00e7inde bulundu\u011fu makam arac\u0131n\u0131n ayn\u0131 g\u00fczergahta seyrederken kendi makam arac\u0131n\u0131 ge\u00e7ti\u011fini g\u00f6ren Ba\u015fbakan Yard\u0131mc\u0131s\u0131 Ar\u0131n\u00e7, Bayat il\u00e7esine u\u011frad\u0131. <\/p>\n","protected":false},"author":1,"featured_media":0,"comment_status":"open","ping_status":"open","sticky":false,"template":"","format":"standard","meta":{"footnotes":""},"categories":[105],"tags":[],"class_list":["post-42351","post","type-post","status-publish","format-standard","hentry","category-gundem","odd"],"_links":{"self":[{"href":"http:\/\/www.korhanyilmaz.com\/index.php?rest_route=\/wp\/v2\/posts\/42351","targetHints":{"allow":["GET"]}}],"collection":[{"href":"http:\/\/www.korhanyilmaz.com\/index.php?rest_route=\/wp\/v2\/posts"}],"about":[{"href":"http:\/\/www.korhanyilmaz.com\/index.php?rest_route=\/wp\/v2\/types\/post"}],"author":[{"embeddable":true,"href":"http:\/\/www.korhanyilmaz.com\/index.php?rest_route=\/wp\/v2\/users\/1"}],"replies":[{"embeddable":true,"href":"http:\/\/www.korhanyilmaz.com\/index.php?rest_route=%2Fwp%2Fv2%2Fcomments&post=42351"}],"version-history":[{"count":0,"href":"http:\/\/www.korhanyilmaz.com\/index.php?rest_route=\/wp\/v2\/posts\/42351\/revisions"}],"wp:attachment":[{"href":"http:\/\/www.korhanyilmaz.com\/index.php?rest_route=%2Fwp%2Fv2%2Fmedia&parent=42351"}],"wp:term":[{"taxonomy":"category","embeddable":true,"href":"http:\/\/www.korhanyilmaz.com\/index.php?rest_route=%2Fwp%2Fv2%2Fcategories&post=42351"},{"taxonomy":"post_tag","embeddable":true,"href":"http:\/\/www.korhanyilmaz.com\/index.php?rest_route=%2Fwp%2Fv2%2Ftags&post=42351"}],"curies":[{"name":"wp","href":"https:\/\/api.w.org\/{rel}","templated":true}]}}