{"id":42346,"date":"2011-11-13T13:57:02","date_gmt":"2011-11-13T11:57:02","guid":{"rendered":"http:\/\/www.korhanyilmaz.com\/?p=42346"},"modified":"2011-11-13T15:44:22","modified_gmt":"2011-11-13T13:44:22","slug":"basbakan-hangi-cumhuriyetin-basbakani","status":"publish","type":"post","link":"http:\/\/www.korhanyilmaz.com\/?p=42346","title":{"rendered":"&#8220;Ba\u015fbakan hangi Cumhuriyetin Ba\u015fbakan\u0131?&#8221;"},"content":{"rendered":"<p style=\"text-align: center;\"><a href=\"http:\/\/www.korhanyilmaz.com\/wp-content\/uploads\/2011\/11\/7067.jpg\"  class=\"lightview\"><img loading=\"lazy\" decoding=\"async\" class=\"aligncenter  wp-image-42347\" src=\"http:\/\/www.korhanyilmaz.com\/wp-content\/uploads\/2011\/11\/7067.jpg\" alt=\"\" width=\"322\" height=\"241\" \/><\/a><\/p>\n<p style=\"text-align: justify;\">CHP Genel Ba\u015fkan Yard\u0131mc\u0131s\u0131 Sezgin Tanr\u0131kulu, Ba\u015fbakan Erdo\u011fan&#8217;\u0131n Van&#8217;daki a\u00e7\u0131klamalar\u0131n\u0131 de\u011ferlendirerek, &#8220;Ba\u015fbakan tam 75 y\u0131l \u00f6nce il olan Hakk\u00e2ri&#8217;yi e\u011fer bug\u00fcn Erci\u015f&#8217;in il olmamas\u0131 i\u00e7in bir \u00f6rnek olarak g\u00f6steriyorsa insan sormadan edemiyor, bu Ba\u015fbakan hangi Cumhuriyetin Ba\u015fbakan\u0131d\u0131r?&#8221; dedi.\u00a0<!--more--><\/p>\n<p style=\"text-align: justify;\">Ankara- CHP Genel Ba\u015fkan Yard\u0131mc\u0131s\u0131 Sezgin Tanr\u0131kulu yaz\u0131l\u0131 bir a\u00e7\u0131klama yaparak Ba\u015fbakan Recep Tayyip Erdo\u011fan&#8217;\u0131n Van&#8217;daki a\u00e7\u0131klamalar\u0131n\u0131 de\u011ferlendirdi. Parti olarak Erci\u015f&#8217;in ya\u015fad\u0131\u011f\u0131 y\u0131k\u0131m\u0131 kolay atlatmas\u0131 ve yeniden h\u0131zl\u0131 bir bi\u00e7imde yap\u0131land\u0131r\u0131lmas\u0131 i\u00e7in il yap\u0131lmas\u0131 \u00f6nerisini TBMM&#8217;ye sunduklar\u0131n\u0131 hat\u0131rlatan Tanr\u0131kulu \u015funlar\u0131 s\u00f6yledi:<\/p>\n<p style=\"text-align: justify;\">&#8220;Say\u0131n Ba\u015fbakan bu teklifimize ak\u0131llara ziyan bir \u00f6rnek veriyor. Diyor ki; &#8216;Ge\u00e7mi\u015fte Hakk\u00e2ri&#8217;yi il yapt\u0131lar. Hakk\u00e2ri \u015fu an Erci\u015f&#8217;ten daha m\u0131 iyi?&#8217; Hakk\u00e2ri tarihine binaen Cumhuriyetin ilk illerinden biri olup 1936&#8217;da il stat\u00fcs\u00fc alm\u0131\u015ft\u0131r. Ba\u015fbakan tam 75 y\u0131l \u00f6nce il olan Hakk\u00e2ri&#8217;yi e\u011fer bug\u00fcn Erci\u015f&#8217;in il olmamas\u0131 i\u00e7in bir \u00f6rnek olarak g\u00f6steriyorsa insan sormadan edemiyor, bu Ba\u015fbakan hangi Cumhuriyetin Ba\u015fbakan\u0131d\u0131r? 10 y\u0131ld\u0131r bu \u00fclkeyi y\u00f6neten ondan \u00f6nce de siyasal ortamda bulunan Ba\u015fbakan\u0131n \u00f6rnek verirken ki \u00e7arp\u0131kl\u0131\u011f\u0131n\u0131 hangi ustal\u0131\u011f\u0131na vermek gerekmektedir?&#8221;<\/p>\n<p style=\"text-align: justify;\">Erci\u015f&#8217;in il olmas\u0131n\u0131 gerekti\u011fi noktas\u0131nda \u00f6nerisini yineleyen Tanr\u0131kulu, Ba\u015fbakan\u0131 sa\u011fduyuya ve muhalefetin yap\u0131c\u0131 \u00f6nerilerine tarih ve ger\u00e7eklikten uzak \u00f6rneklerle kar\u015f\u0131l\u0131k vermemeye davet etti. Tanr\u0131kulu, &#8220;Say\u0131n Ba\u015fbakan 10 y\u0131ld\u0131r bu \u00fclkeyi y\u00f6netti\u011fin halde Hakkari&#8217;nin durumundan \u015fikayet ediyorsa bu da onun ay\u0131b\u0131d\u0131r&#8221; dedi.<\/p>\n<p style=\"text-align: justify;\"><a href=\"http:\/\/www.cumhuriyet.com.tr\/?hn=292612\" target=\"_blank\">Kaynak : Cumhuriyet Haber Portal\u0131<\/a><\/p>\n","protected":false},"excerpt":{"rendered":"<p style=\"text-align: center;\">\n<p style=\"text-align: justify;\">CHP Genel Ba\u015fkan Yard\u0131mc\u0131s\u0131 Sezgin Tanr\u0131kulu, Ba\u015fbakan Erdo\u011fan&#8217;\u0131n Van&#8217;daki a\u00e7\u0131klamalar\u0131n\u0131 de\u011ferlendirerek, &#8220;Ba\u015fbakan tam 75 y\u0131l \u00f6nce il olan Hakk\u00e2ri&#8217;yi e\u011fer bug\u00fcn Erci\u015f&#8217;in il olmamas\u0131 i\u00e7in bir \u00f6rnek olarak g\u00f6steriyorsa insan sormadan edemiyor, bu Ba\u015fbakan hangi Cumhuriyetin Ba\u015fbakan\u0131d\u0131r?&#8221; dedi. <\/p>\n","protected":false},"author":1,"featured_media":0,"comment_status":"open","ping_status":"open","sticky":false,"template":"","format":"standard","meta":{"footnotes":""},"categories":[105],"tags":[],"class_list":["post-42346","post","type-post","status-publish","format-standard","hentry","category-gundem","odd"],"_links":{"self":[{"href":"http:\/\/www.korhanyilmaz.com\/index.php?rest_route=\/wp\/v2\/posts\/42346","targetHints":{"allow":["GET"]}}],"collection":[{"href":"http:\/\/www.korhanyilmaz.com\/index.php?rest_route=\/wp\/v2\/posts"}],"about":[{"href":"http:\/\/www.korhanyilmaz.com\/index.php?rest_route=\/wp\/v2\/types\/post"}],"author":[{"embeddable":true,"href":"http:\/\/www.korhanyilmaz.com\/index.php?rest_route=\/wp\/v2\/users\/1"}],"replies":[{"embeddable":true,"href":"http:\/\/www.korhanyilmaz.com\/index.php?rest_route=%2Fwp%2Fv2%2Fcomments&post=42346"}],"version-history":[{"count":0,"href":"http:\/\/www.korhanyilmaz.com\/index.php?rest_route=\/wp\/v2\/posts\/42346\/revisions"}],"wp:attachment":[{"href":"http:\/\/www.korhanyilmaz.com\/index.php?rest_route=%2Fwp%2Fv2%2Fmedia&parent=42346"}],"wp:term":[{"taxonomy":"category","embeddable":true,"href":"http:\/\/www.korhanyilmaz.com\/index.php?rest_route=%2Fwp%2Fv2%2Fcategories&post=42346"},{"taxonomy":"post_tag","embeddable":true,"href":"http:\/\/www.korhanyilmaz.com\/index.php?rest_route=%2Fwp%2Fv2%2Ftags&post=42346"}],"curies":[{"name":"wp","href":"https:\/\/api.w.org\/{rel}","templated":true}]}}