{"id":42324,"date":"2011-11-12T23:49:26","date_gmt":"2011-11-12T21:49:26","guid":{"rendered":"http:\/\/www.korhanyilmaz.com\/?p=42324"},"modified":"2011-11-13T09:06:39","modified_gmt":"2011-11-13T07:06:39","slug":"vandaki-56lik-deprem-olu-sayisi-39","status":"publish","type":"post","link":"http:\/\/www.korhanyilmaz.com\/?p=42324","title":{"rendered":"Van&#8217;daki 5,6&#8217;l\u0131k deprem: \u00d6l\u00fc say\u0131s\u0131 39"},"content":{"rendered":"<p><a href=\"http:\/\/www.korhanyilmaz.com\/wp-content\/uploads\/2011\/11\/7063.jpg\"  class=\"lightview\"><img loading=\"lazy\" decoding=\"async\" class=\"aligncenter size-full wp-image-42325\" title=\"\" src=\"http:\/\/www.korhanyilmaz.com\/wp-content\/uploads\/2011\/11\/7063.jpg\" alt=\"\" width=\"313\" height=\"203\" \/><\/a><\/p>\n<p>Van&#8217;da meydana gelen 5,6 b\u00fcy\u00fckl\u00fc\u011f\u00fcndeki depremde y\u0131k\u0131lan Bayram Oteli&#8217;nin enkaz\u0131ndan bir ki\u015finin daha cesedi \u00e7\u0131kar\u0131ld\u0131. B\u00f6ylece Bayram ve Aslan Otelleri&#8217;nin enkaz\u0131nda \u00f6l\u00fc olarak \u00e7\u0131kar\u0131lanlar\u0131n say\u0131s\u0131 39&#8217;a \u00e7\u0131kt\u0131.\u00a0<!--more--><\/p>\n<p>AA muhabirinin edindi\u011fi bilgiye g\u00f6re, y\u0131k\u0131lan Bayram Oteli&#8217;nin enkaz\u0131nda arama kurtarma faaliyetlerini s\u00fcrd\u00fcren ekipler, bir ki\u015finin cesedine daha ula\u015ft\u0131.<\/p>\n<p>B\u00f6ylece Bayram ve Aslan Otelleri&#8217;nin enkaz\u0131nda \u00f6l\u00fc olarak \u00e7\u0131kar\u0131lanlar\u0131n say\u0131s\u0131 39&#8217;a \u00e7\u0131kt\u0131.<\/p>\n<p>Bayram Oteli&#8217;ndeki arama kurtarma \u00e7al\u0131\u015fmalar\u0131 devam ediyor.<\/p>\n<p><a href=\"http:\/\/www.cnnturk.com\/2011\/turkiye\/11\/12\/vandaki.5.6lik.deprem.olu.sayisi.39\/636552.0\/index.html\" target=\"_blank\">Kaynak : CNN T\u00dcRK<\/a><\/p>\n","protected":false},"excerpt":{"rendered":"<\/p>\n<p>Van&#8217;da meydana gelen 5,6 b\u00fcy\u00fckl\u00fc\u011f\u00fcndeki depremde y\u0131k\u0131lan Bayram Oteli&#8217;nin enkaz\u0131ndan bir ki\u015finin daha cesedi \u00e7\u0131kar\u0131ld\u0131. B\u00f6ylece Bayram ve Aslan Otelleri&#8217;nin enkaz\u0131nda \u00f6l\u00fc olarak \u00e7\u0131kar\u0131lanlar\u0131n say\u0131s\u0131 39&#8217;a \u00e7\u0131kt\u0131. <\/p>\n","protected":false},"author":1,"featured_media":0,"comment_status":"open","ping_status":"open","sticky":false,"template":"","format":"standard","meta":{"footnotes":""},"categories":[105],"tags":[],"class_list":["post-42324","post","type-post","status-publish","format-standard","hentry","category-gundem","odd"],"_links":{"self":[{"href":"http:\/\/www.korhanyilmaz.com\/index.php?rest_route=\/wp\/v2\/posts\/42324","targetHints":{"allow":["GET"]}}],"collection":[{"href":"http:\/\/www.korhanyilmaz.com\/index.php?rest_route=\/wp\/v2\/posts"}],"about":[{"href":"http:\/\/www.korhanyilmaz.com\/index.php?rest_route=\/wp\/v2\/types\/post"}],"author":[{"embeddable":true,"href":"http:\/\/www.korhanyilmaz.com\/index.php?rest_route=\/wp\/v2\/users\/1"}],"replies":[{"embeddable":true,"href":"http:\/\/www.korhanyilmaz.com\/index.php?rest_route=%2Fwp%2Fv2%2Fcomments&post=42324"}],"version-history":[{"count":0,"href":"http:\/\/www.korhanyilmaz.com\/index.php?rest_route=\/wp\/v2\/posts\/42324\/revisions"}],"wp:attachment":[{"href":"http:\/\/www.korhanyilmaz.com\/index.php?rest_route=%2Fwp%2Fv2%2Fmedia&parent=42324"}],"wp:term":[{"taxonomy":"category","embeddable":true,"href":"http:\/\/www.korhanyilmaz.com\/index.php?rest_route=%2Fwp%2Fv2%2Fcategories&post=42324"},{"taxonomy":"post_tag","embeddable":true,"href":"http:\/\/www.korhanyilmaz.com\/index.php?rest_route=%2Fwp%2Fv2%2Ftags&post=42324"}],"curies":[{"name":"wp","href":"https:\/\/api.w.org\/{rel}","templated":true}]}}