{"id":42314,"date":"2011-11-13T08:02:18","date_gmt":"2011-11-13T06:02:18","guid":{"rendered":"http:\/\/www.korhanyilmaz.com\/?p=42314"},"modified":"2011-11-13T08:55:00","modified_gmt":"2011-11-13T06:55:00","slug":"palavraci-degilim","status":"publish","type":"post","link":"http:\/\/www.korhanyilmaz.com\/?p=42314","title":{"rendered":"Palavrac\u0131 de\u011filim"},"content":{"rendered":"<p><a href=\"http:\/\/www.korhanyilmaz.com\/wp-content\/uploads\/2011\/11\/7059.jpg\"  class=\"lightview\"><img loading=\"lazy\" decoding=\"async\" class=\"size-full wp-image-42315 aligncenter\" title=\"\" src=\"http:\/\/www.korhanyilmaz.com\/wp-content\/uploads\/2011\/11\/7059.jpg\" alt=\"\" width=\"313\" height=\"188\" \/><\/a><\/p>\n<p style=\"text-align: justify;\">Ba\u015fbakan Tayyip Erdo\u011fan, d\u00fcn Erci\u015f Meydan\u0131\u2019nda halka hitap etti. \u201cBen size palavra atamam. Palavrac\u0131 genel ba\u015fkanlardan de\u011filim. Palavrac\u0131 ba\u015fbakanlardan da de\u011filim. Ge\u00e7mi\u015fte Hakk\u00e2ri\u2019yi il yapt\u0131lar. Hakk\u00e2ri \u015fu an Erci\u015f\u2019ten daha m\u0131 iyi?\u201d diyen Erdo\u011fan, \u00f6zetle \u015funlar\u0131 s\u00f6yledi:\u00a0<!--more--><\/p>\n<p style=\"text-align: justify;\"><strong>Ders \u00e7\u0131karal\u0131m\u00a0<\/strong><\/p>\n<p style=\"text-align: justify;\">\u0130kinci depremde art\u00e7\u0131 ya da farkl\u0131 deprem gibi tespitler yap\u0131ld\u0131. Bu i\u015fin erbab\u0131, bunun art\u00e7\u0131 de\u011fil, farkl\u0131 bir deprem oldu\u011funu s\u00f6yledi. Orada da maalesef son rakam 37 olarak ger\u00e7ekle\u015fti. Allah bu karde\u015flerimize de rahmet etsin. Enkazdan 30 karde\u015fimizi yaral\u0131 olarak kurtarabildik.<\/p>\n<p style=\"text-align: justify;\">Art\u0131k \u2018Bir musibet bin nasihatten evlad\u0131r\u2019 diyerek buradan ders \u00e7\u0131karmam\u0131z laz\u0131m. Bu dersi \u00e7\u0131kar\u0131rken de ad\u0131mlar\u0131m\u0131z\u0131 ona g\u00f6re atmam\u0131z laz\u0131m. Pe\u015finen bir \u015fey s\u00f6yleyece\u011fim. Bir k\u0131\u015f mevsimindeyiz. Bu k\u0131\u015f mevsiminde \u015fu anda karde\u015flerimizi a\u00e7, a\u00e7\u0131k tutmamak i\u00e7in h\u0131zla \u00e7ad\u0131rlar\u0131m\u0131z\u0131, konteynerlerimizi yapt\u0131k ve sizlere ciddi bir \u00e7ad\u0131r yard\u0131m\u0131 ger\u00e7ekle\u015ftirdik.<\/p>\n<p style=\"text-align: justify;\"><strong>Pendik gibi olsun\u00a0<\/strong><\/p>\n<p style=\"text-align: justify;\">\u015eu ana kadar Van, Erci\u015f ve k\u00f6yler dahil toplam 67 bin \u00e7ad\u0131r da\u011f\u0131t\u0131ld\u0131. K\u0131\u015f \u015fartlar\u0131 nedeniyle \u015fiddetle ihtiya\u00e7 duyulan konteynerler de b\u00f6lgeye gelmeye ba\u015flad\u0131. Bunlar\u0131 s\u00fcratle b\u00f6lgeye yeti\u015ftirmenin gayreti i\u00e7indeyiz.<\/p>\n<p style=\"text-align: justify;\">Bu arada ba\u015fka bir ad\u0131m\u0131 at\u0131yoruz. Ben size palavra atamam. Palavrac\u0131 genel ba\u015fkanlardan de\u011filim. Palavrac\u0131 ba\u015fbakanlardan da de\u011filim. \u2018Erci\u015f il olsun\u2019 diyenler; Hakk\u00e2ri\u2019yi il yapt\u0131klar\u0131 zaman Hakk\u00e2ri ne oldu? Hakk\u00e2ri \u015fu an Erci\u015f\u2019ten daha m\u0131 iyi? \u2018Van b\u00fcy\u00fck\u015fehir olsun\u2019 dedik, belediye se\u00e7imlerine Van b\u00fcy\u00fck\u015fehir olarak giriyor. Van b\u00fcy\u00fck\u015fehir oldu\u011fu zaman, Erci\u015f Van\u2019\u0131n bir il\u00e7esi olacak. \u0130stanbul\u2019un bir il\u00e7esi nas\u0131l modern oluyorsa Van\u2019\u0131n da bir il\u00e7esi, ayn\u0131 \u0130stanbul\u2019un il\u00e7esi Kad\u0131k\u00f6y\u2019\u00fc, Pendik\u2019i, Kartal\u2019\u0131 bir \u00c7ekmece\u2019si gibi gayet g\u00fczel il\u00e7esi haline gelecek. \u0130mkanlar o zaman daha da artacak.<\/p>\n<p style=\"text-align: justify;\"><strong>Terk istemesinler\u00a0<\/strong><\/p>\n<p style=\"text-align: justify;\">Buralardaki \u00fcniversite \u00f6\u011fretim \u00fcyeleri, devlet dairelerinde memurlar\u0131, kimse bizden Van\u2019\u0131 \u2018terk etme\u2019 gibi bir \u015fey istemesin. E\u011fer \u00fcniversite \u00f6\u011fretim \u00fcyeli\u011fini b\u0131rakacaksa onu bilemem. Ama \u2018Van Y\u00fcz\u00fcnc\u00fcy\u0131l\u2019\u0131 b\u0131rakay\u0131m da bir ba\u015fka devlet \u00fcniversitesine gideyim\u2019 diye b\u00f6yle bir \u015fey bekliyorsa kusura bakmas\u0131n bizden b\u00f6yle bir \u015fey beklemesin, bunlara m\u00fcsaade etmeyiz.<\/p>\n<p style=\"text-align: justify;\">E\u011fer bu \u00fclkede profes\u00f6r\u00fc, do\u00e7enti, akademisyeni e\u011fer bu t\u00fcr \u015feylerde terki diyar ederse benim vatanda\u015f\u0131m ne yapacak? \u00d6nce buna bizlerin katlanmas\u0131 laz\u0131m. Ayn\u0131 \u015fekilde devlet dairelerindeki memurlara s\u00f6yl\u00fcyorum onlar da bizden bu t\u00fcr \u015feyler beklemesinler.<\/p>\n<p style=\"text-align: center;\"><a href=\"http:\/\/www.korhanyilmaz.com\/wp-content\/uploads\/2011\/11\/7060.jpg\"  class=\"lightview\"><img loading=\"lazy\" decoding=\"async\" class=\"aligncenter  wp-image-42316\" title=\"7060\" src=\"http:\/\/www.korhanyilmaz.com\/wp-content\/uploads\/2011\/11\/7060.jpg\" alt=\"\" width=\"387\" height=\"220\" \/><\/a><\/p>\n<p style=\"text-align: justify;\"><strong>Kal\u0131c\u0131 konutlar a\u011fustos sonuna tamamlanacak\u00a0<\/strong><\/p>\n<p style=\"text-align: justify;\">Ba\u015fbakan Erdo\u011fan, beraberindeki Ba\u015fbakan Yard\u0131mc\u0131lar\u0131 Be\u015fir Atalay ve Bekir Bozda\u011f, G\u0131da Tar\u0131m ve Hayvanc\u0131l\u0131k Bakan\u0131 Mehmet Mehdi Eker, Aile ve Sosyal Politikalar Bakan\u0131 Fatma \u015eahin, Enerji ve Tabii Kaynaklar Bakan\u0131 Taner Y\u0131ld\u0131z, \u0130\u00e7i\u015fleri Bakan\u0131 \u0130dris Naim \u015eahin, Sa\u011fl\u0131k Bakan\u0131 Recep Akda\u011f, Ula\u015ft\u0131rma Denizcilik ve Haberle\u015fme Bakan\u0131 Binali Y\u0131ld\u0131r\u0131m ile birlikte Erci\u015f\u2019te bulunan Yeni\u015fehir \u00c7ad\u0131rkenti\u2019nde kalan depremzedeleri ziyaret etti. \u00c7ad\u0131rkente giri\u015finde depremzedelerin alk\u0131\u015flar\u0131yla kar\u015f\u0131lanan Erdo\u011fan, kalabal\u0131kta bulunan bir kad\u0131n\u0131n \u201cVan ve Erci\u015f afet b\u00f6lgesi ilan edilsin\u201d iste\u011fine kar\u015f\u0131l\u0131k, \u201cKim bunu s\u00f6yleyen, yan\u0131ma gelsin\u201d diye konu\u015ftu. \u201cBuralar\u0131n neden afet b\u00f6lgesi ilan edilmesini istiyorsun\u201d diye soran Erdo\u011fan\u2019a, \u201cBuras\u0131 afet b\u00f6lgesi ilan edilirse daha fazla yard\u0131m alabiliriz\u201d yan\u0131t\u0131 verildi. Bunun \u00fczerine Erdo\u011fan, vatanda\u015f\u0131n bu konuda yanl\u0131\u015f bilgilendirildi\u011fini, afet b\u00f6lgesi ilan edilmesi konusuna ili\u015fkin s\u00f6ylenen her \u015feye inan\u0131lmamas\u0131 gerekti\u011fini ifade etti. Erdo\u011fan, daha sonra 2 \u00e7ad\u0131r\u0131 ziyaret ederek sakinleriyle sohbet etti. Bu arada, Erdo\u011fan\u2019\u0131n korumalar\u0131, \u00e7o\u011funlu\u011fu \u00e7ocuk ve kad\u0131n olmak \u00fczere vatanda\u015flar\u0131n taleplerine ili\u015fkin k\u00fc\u00e7\u00fck notlar\u0131 toplad\u0131. Aile ve Sosyal Politikalar Bakanl\u0131\u011f\u0131\u2019nca kurulan \u201cSevgi Kre\u015f\u201d \u00e7ad\u0131r\u0131na da giren Erdo\u011fan \u00e7ad\u0131rkentten alk\u0131\u015flarla u\u011furland\u0131. \u00c7evre ve \u015eehircilik Bakanl\u0131\u011f\u0131\u2019n\u0131n Erci\u015f\u2019teki kal\u0131c\u0131 konutlar\u0131 A\u011fustos sonuna kadar tamamlayaca\u011f\u0131n\u0131 anlatan Erdo\u011fan, hasarl\u0131 binalara da de\u011fer bi\u00e7erek isteyen vatanda\u015flara 20 y\u0131l vadeyle konut vereceklerini s\u00f6yledi. Erci\u015f\u2019te yap\u0131lacak yeni binalarda zemin art\u0131 2 veya 3 kat olaca\u011f\u0131n\u0131 vurgulayan Erdo\u011fan, y\u00fcksek binalar\u0131n neticesinin iyi olmad\u0131\u011f\u0131n\u0131 belirtti. Erdo\u011fan konu\u015fmas\u0131nda, isteyen depremzedeleri kamu kurumlar\u0131na ait misafirhanelerde k\u0131\u015f boyunca a\u011f\u0131rlayabileceklerini, \u00e7ocuklar\u0131n da buralardaki okullarda e\u011fitimlerine devam edebilece\u011fini s\u00f6yledi.<\/p>\n<p style=\"text-align: justify;\"><strong>\u2018Bayram Oteli\u2019nde\u00a0<\/strong><\/p>\n<p style=\"text-align: justify;\">ERC\u0130\u015e\u2019teki incelemelerinin ard\u0131ndan Van\u2019a ge\u00e7en Erdo\u011fan, 5.6 b\u00fcy\u00fckl\u00fc\u011f\u00fcndeki ikinci depremde yerle bir olan Bayram Oteli\u2019nin enkaz\u0131n\u0131n bulundu\u011fu alana geldi. Bakan ve b\u00f6lge milletvekillerinin e\u015flik etti\u011fi Erdo\u011fan, arama kurtarma \u00e7al\u0131\u015fmalar\u0131n\u0131 inceledi. Buradaki yetkililerden bilgi ald\u0131. Enkaz ba\u015f\u0131na giderek \u00e7al\u0131\u015fmalar\u0131 yak\u0131ndan takip eden Erdo\u011fan, ard\u0131ndan kriz merkezine ge\u00e7ti. D\u00fcn gece \u00e7\u0131kar\u0131lanlarla birlikte ikinci depremde hayat\u0131n\u0131 kaybedenlerin say\u0131s\u0131 39\u2019a y\u00fckseldi.<\/p>\n<p style=\"text-align: justify;\"><strong><a href=\"http:\/\/www.korhanyilmaz.com\/wp-content\/uploads\/2011\/11\/7061.jpg\"  class=\"lightview\"><img loading=\"lazy\" decoding=\"async\" class=\"alignleft size-full wp-image-42317\" style=\"margin-left: 10px; margin-right: 10px;\" title=\"7061\" src=\"http:\/\/www.korhanyilmaz.com\/wp-content\/uploads\/2011\/11\/7061.jpg\" alt=\"\" width=\"215\" height=\"193\" \/><\/a>Erdo\u011fan amcas\u0131 verdi\u00a0<\/strong><\/p>\n<p style=\"text-align: justify;\">BA\u015eBAKAN Tayyip Erdo\u011fan, baz\u0131 bakanlarla birlikte G\u00fcler- Veysel Tural\u0131 \u00e7iftinin ya\u015fad\u0131\u011f\u0131 62 No\u2019lu \u00e7ad\u0131ra girdi. Aile ile bir s\u00fcre yerde oturarak sohbet eden Erdo\u011fan, gen\u00e7 \u00e7iftin tek \u00e7ocuklar\u0131 olan 4 ya\u015f\u0131ndaki Mesut\u2019u kuca\u011f\u0131na alarak sevmeye ba\u015flad\u0131. \u00c7ad\u0131rdan \u00e7\u0131kan Ba\u015fbakan Erdo\u011fan, yak\u0131n ilgi g\u00f6sterdi\u011fi Mesut\u2019a bayram har\u00e7l\u0131\u011f\u0131 olarak 100 lira verdi. Ba\u015fbakan Erdo\u011fan\u2019dan ald\u0131\u011f\u0131 paray\u0131 g\u00f6steren Mesut Tural\u0131, \u201cParay\u0131 Erdo\u011fan amcam verdi\u201d dedi. Erdo\u011fan daha sonra ba\u015fka bir \u00e7ad\u0131ra girip buradaki aile ile g\u00f6r\u00fc\u015ft\u00fc.<\/p>\n<p style=\"text-align: justify;\"><a href=\"http:\/\/www.hurriyet.com.tr\/gundem\/19230196.asp\" target=\"_blank\">Kaynak : H\u00fcrriyet.com.tr<\/a><\/p>\n","protected":false},"excerpt":{"rendered":"<\/p>\n<p style=\"text-align: justify;\">Ba\u015fbakan Tayyip Erdo\u011fan, d\u00fcn Erci\u015f Meydan\u0131\u2019nda halka hitap etti. \u201cBen size palavra atamam. Palavrac\u0131 genel ba\u015fkanlardan de\u011filim. Palavrac\u0131 ba\u015fbakanlardan da de\u011filim. Ge\u00e7mi\u015fte Hakk\u00e2ri\u2019yi il yapt\u0131lar. Hakk\u00e2ri \u015fu an Erci\u015f\u2019ten daha m\u0131 iyi?\u201d diyen Erdo\u011fan, \u00f6zetle \u015funlar\u0131 s\u00f6yledi: <\/p>\n","protected":false},"author":1,"featured_media":0,"comment_status":"open","ping_status":"open","sticky":false,"template":"","format":"standard","meta":{"footnotes":""},"categories":[105],"tags":[],"class_list":["post-42314","post","type-post","status-publish","format-standard","hentry","category-gundem","odd"],"_links":{"self":[{"href":"http:\/\/www.korhanyilmaz.com\/index.php?rest_route=\/wp\/v2\/posts\/42314","targetHints":{"allow":["GET"]}}],"collection":[{"href":"http:\/\/www.korhanyilmaz.com\/index.php?rest_route=\/wp\/v2\/posts"}],"about":[{"href":"http:\/\/www.korhanyilmaz.com\/index.php?rest_route=\/wp\/v2\/types\/post"}],"author":[{"embeddable":true,"href":"http:\/\/www.korhanyilmaz.com\/index.php?rest_route=\/wp\/v2\/users\/1"}],"replies":[{"embeddable":true,"href":"http:\/\/www.korhanyilmaz.com\/index.php?rest_route=%2Fwp%2Fv2%2Fcomments&post=42314"}],"version-history":[{"count":0,"href":"http:\/\/www.korhanyilmaz.com\/index.php?rest_route=\/wp\/v2\/posts\/42314\/revisions"}],"wp:attachment":[{"href":"http:\/\/www.korhanyilmaz.com\/index.php?rest_route=%2Fwp%2Fv2%2Fmedia&parent=42314"}],"wp:term":[{"taxonomy":"category","embeddable":true,"href":"http:\/\/www.korhanyilmaz.com\/index.php?rest_route=%2Fwp%2Fv2%2Fcategories&post=42314"},{"taxonomy":"post_tag","embeddable":true,"href":"http:\/\/www.korhanyilmaz.com\/index.php?rest_route=%2Fwp%2Fv2%2Ftags&post=42314"}],"curies":[{"name":"wp","href":"https:\/\/api.w.org\/{rel}","templated":true}]}}