{"id":42305,"date":"2011-11-12T15:04:10","date_gmt":"2011-11-12T13:04:10","guid":{"rendered":"http:\/\/www.korhanyilmaz.com\/?p=42305"},"modified":"2011-11-12T15:40:35","modified_gmt":"2011-11-12T13:40:35","slug":"deprem-bolgesinde-kalici-konutlar-sozu","status":"publish","type":"post","link":"http:\/\/www.korhanyilmaz.com\/?p=42305","title":{"rendered":"Deprem b\u00f6lgesinde kal\u0131c\u0131 konutlar s\u00f6z\u00fc"},"content":{"rendered":"<p style=\"text-align: center;\"><a href=\"http:\/\/www.korhanyilmaz.com\/wp-content\/uploads\/2011\/11\/7058.jpg\"  class=\"lightview\"><img loading=\"lazy\" decoding=\"async\" class=\"aligncenter  wp-image-42306\" src=\"http:\/\/www.korhanyilmaz.com\/wp-content\/uploads\/2011\/11\/7058.jpg\" alt=\"\" width=\"346\" height=\"229\" \/><\/a><\/p>\n<p style=\"text-align: justify;\">Ba\u015fabakan Erdo\u011fan, Erci\u015f&#8217;te incelemelerde bulundu. Kal\u0131c\u0131 konutlar\u0131n a\u011fustos sonuna kadar bitece\u011fini belirten Erdo\u011fan, Van&#8217;\u0131 terk etmek isteyen \u00f6\u011fretim \u00fcyelerine vize verilmeyece\u011fini s\u00f6yledi.<!--more--><\/p>\n<p style=\"text-align: justify;\">VAN &#8211; Ba\u015fbakan Recep Tayyip Erdo\u011fan, Erci\u015f\u2019te kurulan \u00e7ad\u0131rkentte depremzedeleri ziyaret ederek sorunlar\u0131n\u0131 dinledi. Erdo\u011fan, beraberindeki Ba\u015fbakan Yard\u0131mc\u0131lar\u0131 Be\u015fir Atalay ve Bekir Bozda\u011f, G\u0131da, Tar\u0131m ve Hayvanc\u0131l\u0131k Bakan\u0131 Mehmet Mehdi Eker, Aile ve Sosyal Politikalar Bakan\u0131 Fatma \u015eahin, Enerji ve Tabii Kaynaklar Bakan\u0131 Taner Y\u0131ld\u0131z,\u0130\u00e7i\u015fleri Bakan\u0131 \u0130dris Naim \u015eahin, Sa\u011fl\u0131k Bakan\u0131 Recep Akda\u011f ile Ula\u015ft\u0131rma, Denizcilik ve Haberle\u015fme Bakan\u0131 Binali Y\u0131ld\u0131r\u0131m ile birlikte Erci\u015f\u2019te bulunan Yeni\u015fehir \u00c7ad\u0131rkentte kalan depremzedeleri ziyaret etti.<\/p>\n<p style=\"text-align: justify;\">\u00c7ad\u0131rkente giri\u015finde depremzedelerin alk\u0131\u015flar\u0131yla kar\u015f\u0131lanan Erdo\u011fan, kalabal\u0131kta bulunan bir kad\u0131n\u0131n &#8220;Van ve Erci\u015f afet b\u00f6lgesi ilan edilsin&#8221; iste\u011fine kar\u015f\u0131l\u0131k, &#8220;Kim bunu s\u00f6yleyen, yan\u0131ma gelsin&#8221; diye konu\u015ftu. &#8220;Buralar\u0131n neden afet b\u00f6lgesi ilan edilmesini istiyorsun&#8221; diye soran Erdo\u011fan\u2019a, &#8220;Buras\u0131 afet b\u00f6lgesi ilan edilirse daha fazla yard\u0131m alabiliriz&#8221; yan\u0131t\u0131 verildi. Bunun \u00fczerine Erdo\u011fan, vatanda\u015f\u0131n bu konuda yanl\u0131\u015f bilgilendirildi\u011fini, afet b\u00f6lgesi ilan edilmesi konusuna ili\u015fkin s\u00f6ylenen her \u015feye inan\u0131lmamas\u0131 gerekti\u011fini ifade etti.<\/p>\n<p style=\"text-align: justify;\">Ba\u015fbakan Erdo\u011fan, daha sonra iki \u00e7ad\u0131r\u0131 ziyaret ederek sakinleriyle sohbet etti. Bu arada, Erdo\u011fan\u2019\u0131n korumalar\u0131, \u00e7o\u011funlu\u011fu \u00e7ocuk ve kad\u0131n olmak \u00fczere vatanda\u015flar\u0131n taleplerine ili\u015fkin k\u00fc\u00e7\u00fck notlar\u0131 toplad\u0131. Aile ve Sosyal Politikalar Bakanl\u0131\u011f\u0131nca kurulan \u00e7ad\u0131rkentte &#8220;Sevgi Kre\u015f&#8221; \u00e7ad\u0131r\u0131na da girdi. Erdo\u011fan \u00e7ad\u0131rkentten alk\u0131\u015flarla u\u011furland\u0131.<\/p>\n<p style=\"text-align: justify;\"><strong>KONU\u015eMA YAPTI<\/strong><\/p>\n<p style=\"text-align: justify;\">Ba\u015fbakan Erdo\u011fan daha sonra Erci\u015f\u2019te vatanda\u015flara hitap etti. Erdo\u011fan konu\u015fmas\u0131nda kal\u0131c\u0131 konutlar\u0131 A\u011fustos sonuna kadar bitirmeyi planlad\u0131klar\u0131n\u0131 s\u00f6yledi.Erdo\u011fan konu\u015fmas\u0131nda \u015fu mesajlar\u0131 verdi: &#8220;T\u00fcrkiye\u2019nin \u00e7e\u015fitli yerlerindeki bakanl\u0131klar\u0131n olsun, kamu kurumlar\u0131n\u0131n olsun misafirhanelerini kullanaca\u011f\u0131z. Baz\u0131 otel sahipleri diyor ki \u201cBenim otelim k\u0131\u015f d\u00f6neminde m\u00fcsait. 100 aileyi, 50 aileyi alabilirim.\u201d<\/p>\n<p style=\"text-align: justify;\">Buralara da g\u00f6nderece\u011fiz. Okullara da oralarda devam edece\u011fiz. \u0130\u015fkur\u2019a m\u00fcracaat etmek suretiyle i\u015fsiz karde\u015flerime, ma\u011fdur olan karde\u015flerime buradan destek verece\u011fiz. 5 Aral\u0131k\u2019a kadar e\u011fitime ara verdik. Bu tarihten sonra okullarda e\u011fitime tekrar ba\u015flayaca\u011f\u0131z. 800 \u00f6\u011fretmen de aral\u0131k ba\u015f\u0131nda g\u00f6reve ba\u015flayacak.<\/p>\n<p style=\"text-align: justify;\"><strong>MEMUR, \u00d6\u011eRET\u0130M \u00dcYES\u0130 VAN&#8217;I TERK ETMEK \u0130STEMES\u0130N&#8217;\u00a0<\/strong><\/p>\n<p style=\"text-align: justify;\">Buralardaki \u00fcniversite \u00f6\u011fretim \u00fcyeleri, memurlar kimse bizden Van\u2019\u0131 terk etmek gibi bir \u015fey istemesin. E\u011fer \u00fcniversite \u00f6\u011fretim \u00fcyeli\u011fini b\u0131rakacaksa onu bilemem. Ama Van Y\u00fcz\u00fcnc\u00fc Y\u0131l\u2019\u0131 b\u0131rak\u0131p ba\u015fka \u00fcniversiteye gitmeyi d\u00fc\u015f\u00fcn\u00fcyorsa kusura bakmas\u0131n buna m\u00fcsaade etmeyiz. Bu \u00fclkede profes\u00f6r\u00fc, do\u00e7enti bu t\u00fcr \u015feylerde terk ederse benim vatanda\u015f\u0131m ne yapacak. Ayn\u0131 \u015fekilde memurlara da s\u00f6yl\u00fcyorum. Onlar da g\u00f6revlerine devam edeceklerdir. Bunlar bizim dertte kederde bir ve beraber oldu\u011fumuz g\u00fcnlerdir. \u015eu k\u0131\u015f \u015fartlar\u0131nda biraz dara gelece\u011fiz ama baz\u0131lar\u0131n\u0131n istismarlar\u0131na kanmay\u0131n.&#8221;<\/p>\n<p style=\"text-align: justify;\"><strong>KALICI KONUTLAR A\u011eUSTOS&#8217;A B\u0130TECEK\u00a0<\/strong><\/p>\n<p style=\"text-align: justify;\">Simav&#8217;daki kal\u0131c\u0131 konutlar\u0131n gelecek hafta teslim edilece\u011fini a\u00e7\u0131klayan Ba\u015fbakan, Vanl\u0131lar&#8217;a sab\u0131r \u00e7a\u011fr\u0131s\u0131nda bulundu: &#8220;\u015eu k\u0131\u015f g\u00fcnlerinde biraz darda kalaca\u011f\u0131z, zorda kalaca\u011f\u0131z. Ama \u00e7ad\u0131rda ama konteyn\u0131rda, t\u00fcm imkanlar\u0131m\u0131z\u0131 seferber edece\u011fiz. Eksiklerimiz var, do\u011frudur. Kolay de\u011fil, b\u00fcy\u00fck bir felaket ya\u015fad\u0131k. Bir anda de\u011fil ama s\u00fcratle in\u015faatlara ba\u015flay\u0131p. Hedefimiz A\u011fustos sonuna kadar kal\u0131c\u0131 konutlar\u0131 bitirmek.&#8221;<\/p>\n","protected":false},"excerpt":{"rendered":"<p style=\"text-align: center;\">\n<p style=\"text-align: justify;\">Ba\u015fabakan Erdo\u011fan, Erci\u015f&#8217;te incelemelerde bulundu. Kal\u0131c\u0131 konutlar\u0131n a\u011fustos sonuna kadar bitece\u011fini belirten Erdo\u011fan, Van&#8217;\u0131 terk etmek isteyen \u00f6\u011fretim \u00fcyelerine vize verilmeyece\u011fini s\u00f6yledi.<\/p>\n","protected":false},"author":1,"featured_media":0,"comment_status":"open","ping_status":"open","sticky":false,"template":"","format":"standard","meta":{"footnotes":""},"categories":[105],"tags":[],"class_list":["post-42305","post","type-post","status-publish","format-standard","hentry","category-gundem","odd"],"_links":{"self":[{"href":"http:\/\/www.korhanyilmaz.com\/index.php?rest_route=\/wp\/v2\/posts\/42305","targetHints":{"allow":["GET"]}}],"collection":[{"href":"http:\/\/www.korhanyilmaz.com\/index.php?rest_route=\/wp\/v2\/posts"}],"about":[{"href":"http:\/\/www.korhanyilmaz.com\/index.php?rest_route=\/wp\/v2\/types\/post"}],"author":[{"embeddable":true,"href":"http:\/\/www.korhanyilmaz.com\/index.php?rest_route=\/wp\/v2\/users\/1"}],"replies":[{"embeddable":true,"href":"http:\/\/www.korhanyilmaz.com\/index.php?rest_route=%2Fwp%2Fv2%2Fcomments&post=42305"}],"version-history":[{"count":0,"href":"http:\/\/www.korhanyilmaz.com\/index.php?rest_route=\/wp\/v2\/posts\/42305\/revisions"}],"wp:attachment":[{"href":"http:\/\/www.korhanyilmaz.com\/index.php?rest_route=%2Fwp%2Fv2%2Fmedia&parent=42305"}],"wp:term":[{"taxonomy":"category","embeddable":true,"href":"http:\/\/www.korhanyilmaz.com\/index.php?rest_route=%2Fwp%2Fv2%2Fcategories&post=42305"},{"taxonomy":"post_tag","embeddable":true,"href":"http:\/\/www.korhanyilmaz.com\/index.php?rest_route=%2Fwp%2Fv2%2Ftags&post=42305"}],"curies":[{"name":"wp","href":"https:\/\/api.w.org\/{rel}","templated":true}]}}