{"id":42301,"date":"2011-11-12T07:31:22","date_gmt":"2011-11-12T05:31:22","guid":{"rendered":"http:\/\/www.korhanyilmaz.com\/?p=42301"},"modified":"2011-11-12T15:36:00","modified_gmt":"2011-11-12T13:36:00","slug":"kartepeye-operasyon-terorist-olduruldu","status":"publish","type":"post","link":"http:\/\/www.korhanyilmaz.com\/?p=42301","title":{"rendered":"Kartepe&#8217;ye operasyon: Ter\u00f6rist \u00f6ld\u00fcr\u00fcld\u00fc"},"content":{"rendered":"<p style=\"text-align: center;\"><a href=\"http:\/\/www.korhanyilmaz.com\/wp-content\/uploads\/2011\/11\/7057.jpg\"  class=\"lightview\"><img loading=\"lazy\" decoding=\"async\" class=\"aligncenter  wp-image-42302\" src=\"http:\/\/www.korhanyilmaz.com\/wp-content\/uploads\/2011\/11\/7057.jpg\" alt=\"\" width=\"336\" height=\"223\" \/><\/a><\/p>\n<p style=\"text-align: justify;\">Kartertepe adl\u0131 deniz otob\u00fcs\u00fcn\u00fc ka\u00e7\u0131ran ter\u00f6rist d\u00fczenlenen operasyonda \u00f6ld\u00fcr\u00fcld\u00fc. Gemi personeli ve yolcular\u0131n sa\u011fl\u0131k durumu iyi.<\/p>\n<p style=\"text-align: justify;\">\u0130STANBUL PKK&#8217;l\u0131 oldu\u011funu s\u00f6yleyen bir ki\u015fi , d\u00fcn ak\u015fam \u0130zmit-Karam\u00fcrsel aras\u0131nda sefer yapan Kocaeli B\u00fcy\u00fck\u015fehir Belediyesi\u2019ne ait \u201cKartepe\u201d adl\u0131 deniz otob\u00fcs\u00fcn\u00fc silah ve bomba tehdidiyle ka\u00e7\u0131rd\u0131.<!--more--><\/p>\n<p style=\"text-align: justify;\">Kaptan k\u00f6\u015fk\u00fcnde m\u00fcrettebat\u0131 rehin alan ter\u00f6ristin idaresindeki, gemi Marmara Denizi\u2019nde daireler \u00e7izdikten sonra yak\u0131t\u0131 bitince \u0130stanbul Silivri a\u00e7\u0131klar\u0131nda demirledi. G\u00fcvenlik g\u00fc\u00e7lerinin tesyim olmas\u0131 konusunda yap\u0131lan uyar\u0131lar ter\u00f6rist taraf\u0131ndan dikkate al\u0131nmad\u0131. Bunun \u00fczerine saat 05.35\u2019de t\u00fcm g\u00fcvenlik birimlerinin d\u00fczenledi\u011fi ortak operasyonda ter\u00f6rist \u00f6l\u00fc olarak gele ge\u00e7irilirken yolcu ve m\u00fcrettebat da sa\u011f olarak kurtar\u0131ld\u0131.<\/p>\n<p style=\"text-align: justify;\"><strong>VAL\u0130&#8217;DEN A\u00c7IKLAMA\u00a0<\/strong><\/p>\n<p style=\"text-align: justify;\">\u0130stanbul Valisi H\u00fcseyin Avni Mutlu, Kocaeli B\u00fcy\u00fck\u015fehir Belediyesi\u2019ne ait Kartepe isimli Deniz Otob\u00fcs\u00fcn\u00fc ka\u00e7\u0131ran ve 1 ki\u015fi oldu\u011funu belirti\u011fi ter\u00f6ristin \u00f6l\u00fc olarak ele ge\u00e7irildi\u011fini s\u00f6yledi. Vali Mutlu operasyon a\u015famas\u0131 ile ilgili \u015fu bilgileri verdi:<\/p>\n<p style=\"text-align: justify;\">&#8220;Kocaeli B\u00fcy\u00fck\u015fehir Belediyesi\u2019ne ait Kartepe isimli deniz otob\u00fcs\u00fcn\u00fcn bir eylemci taraf\u0131ndan ka\u00e7\u0131r\u0131lmas ile ilgili olarak b\u00fcg\u00fcn sabah saat 05.35\u2019te g\u00fcvenlik birimlerimizin ortak operasyonuyla, ba\u015far\u0131l\u0131 bir operasyon yap\u0131ld\u0131 ve eylemci \u00f6l\u00fc olarak ele ge\u00e7irildi.<\/p>\n<p style=\"text-align: justify;\">Bu eylemle ilgili olarak \u0130stanbul deniz liman sahas\u0131nda ka\u00e7\u0131r\u0131lan deniz arac\u0131n\u0131n girdi\u011fi andan itibaren b\u00fct\u00fcn ilgili birimlerimiz g\u00fcvenlik te\u015fkilatlar\u0131m\u0131z ciddi bir koordinasyon i\u00e7zerisinde geminin harekini takip etti ve eylemci ile ilgili olarak, say\u0131s\u0131, kimli\u011fi, ger\u00e7ekle\u015ftirmek istedi\u011fi eylemin y\u00f6ntemi, bomba d\u00fczeni ile ilgili olarak \u00e7ok yo\u011fun bir ara\u015ft\u0131rma ve koordinasyon y\u00fcr\u00fctt\u00fc. Valilik Kriz Merkezinde t\u00fcm bilgiler titizlikle incelendi ve eylemcinin teslim olmas\u0131 noktas\u0131nda beklentiler s\u00fcrd\u00fcr\u00fcl\u00fcrken, yap\u0131lacak \u00e7al\u0131\u015fmalar da \u00e7ok dikkatli bir \u015fekilde haz\u0131rland\u0131.<\/p>\n<p style=\"text-align: justify;\"><strong>PERSONEL VE YOLCULARIN DURUMU \u0130Y\u0130\u00a0<\/strong><\/p>\n<p style=\"text-align: justify;\">Vali Mutlu &#8220;Silivri a\u00e7\u0131klar\u0131nda geminin demirledi\u011fi andan itibar\u0131n operasyon \u00e7ev\u00e7evesinde saat 05.35 itibar\u0131 ile bu operasyonun ger\u00e7ekle\u015ftirilmesi i\u00e7in karar verildi ve \u00e7ok k\u0131sa bir s\u00fcre sonra gemiye \u00e7\u0131k\u0131larak eylemci \u00f6l\u00fc olarak ele ge\u00e7irildi.. Yolcular ve m\u00fcrettebatla ilgili en ufak bir problem yoktur. Adli makamlar bilgilendirildi ve onlar\u0131nda bu noktadan sonra yap\u0131lacak i\u015flemler koordineli \u015fekilde takip edilecektir&#8221; diye konu\u015ftu.<\/p>\n<p style=\"text-align: justify;\"><strong>&#8220;\u00dcZER\u0130NDEN D\u00dcZENEK \u00c7IKTI\u00a0<\/strong><\/p>\n<p style=\"text-align: justify;\">Mutlu &#8220;\u015eahsin kimlik bilgilerinin tesbitini s\u00fcrd\u00fcr\u00fcyoruz ancak zaman zaman al\u0131nan bilgilerle ilgili kimli\u011fine y\u00f6nelik bilgilerde farkl\u0131 kimliklere ula\u015ft\u0131k. Eylemcinin \u00fczerinde bir d\u00fczenek mevcut. Kablolar, tertibat vard\u0131r. Ancak uzmanlar\u0131n yapaca\u011f\u0131 inceleme sonucu nas\u0131l bir d\u00fczenek oldu\u011fu anla\u015f\u0131lacak. \u00c7at\u0131\u015fma operasyonu ger\u00e7ekle\u015ftiren ortak bir operasyon d\u00fczenlendi. T\u00fcm g\u00fcvenlikle ilgili birimlerimiz g\u00f6rev ald\u0131&#8221; dedi.<\/p>\n<p style=\"text-align: justify;\"><strong>YOLCULAR TAHL\u0130YE ED\u0130LD\u0130\u00a0<\/strong><\/p>\n<p style=\"text-align: justify;\">Silivri&#8217;de operasyon d\u00fczenlenen &#8220;Kartepe&#8221; adl\u0131 deniz otob\u00fcs\u00fcndeki yolcular, sahil g\u00fcvenlik botlar\u0131na bindirilerek tahliye edildi.<\/p>\n<p style=\"text-align: justify;\"><strong>NASIL KA\u00c7IRILDI?\u00a0<\/strong><\/p>\n<p style=\"text-align: justify;\">\u0130\u00e7inde 5\u2019i kad\u0131n 18 yolcu, 4 m\u00fcrettebat ve 2 stajyer bulunan deniz otob\u00fcs\u00fc, ak\u015fam 17.45\u2019te \u0130zmit \u0130skelesi\u2019nden ayr\u0131ld\u0131. K\u0131sa s\u00fcre sonra silahl\u0131 bir ki\u015fi kaptan k\u00f6\u015fk\u00fcne \u00e7\u0131kt\u0131. Kaptan\u0131 silahla tehdit eden ve \u201c5 ki\u015fiyiz, \u00fczerimizde bomba var\u201d diyerek gemiyi ele ge\u00e7iren eylemci, rotan\u0131n Yalova y\u00f6n\u00fcne \u00e7evrilmesini istedi.<\/p>\n<p style=\"text-align: justify;\">Olay\u0131 g\u00f6ren kaptan yard\u0131mc\u0131s\u0131, yetkilileri arayarak ka\u00e7\u0131r\u0131lma olay\u0131n\u0131 bildirdi. Deniz otob\u00fcs\u00fcn\u00fc ele ge\u00e7irdikten sonra m\u00fcrettebat ve yolcular\u0131n cep telefonlar\u0131n\u0131 toplayan silahl\u0131 ki\u015filerden biri, 155 Polis \u0130mdat hatt\u0131n\u0131 arayarak, \u201cM\u00fcdahale etmeyin. \u00dczerimde bomba var, patlat\u0131r\u0131m\u201d tehdidinde bulundu. Elinde silahla kaptan k\u00f6\u015fk\u00fcne girip geminin kontrol\u00fcn\u00fc ele ge\u00e7iren PKK\u2019l\u0131n\u0131n yaln\u0131z olmad\u0131\u011f\u0131, kendilerini takip eden g\u00fcvenlik botlar\u0131n\u0131n yakla\u015fmas\u0131n\u0131 engellemek i\u00e7in havaya ate\u015f etmeleriyle belli oldu. Yalova Emniyet M\u00fcd\u00fcrl\u00fc\u011f\u00fc ekipleri Deniz Polisi noktas\u0131nda topland\u0131. Uzun namlulu silah ta\u015f\u0131yan ve \u00e7elik yelekli polisler \u201cPolis1\u201d adl\u0131 s\u00fcrat teknesi ve \u201cPolis 2\u201d adl\u0131 zodyak botla denize a\u00e7\u0131ld\u0131. Yalova\u2019daki emniyet yetkilileri geminin hi\u00e7bir sahile yakla\u015ft\u0131r\u0131lmayaca\u011f\u0131n\u0131 s\u00f6ylediler.<\/p>\n<p style=\"text-align: justify;\"><strong>GPS C\u0130HAZINI S\u00d6KT\u00dcRD\u00dc\u00a0<\/strong><\/p>\n<p style=\"text-align: justify;\">Yalova\u2019ya giderken y\u00f6n de\u011fi\u015ftirip Adalar\u2019\u0131n yak\u0131n\u0131ndan Selimpa\u015fa\u2019ya istikametine y\u00f6nelen deniz otob\u00fcs\u00fcn\u00fcn uydudan takibi \u00f6nlemek i\u00e7in GPS cihaz\u0131n\u0131 s\u00f6kt\u00fcren ter\u00f6rist yetkilileri gerekirse deniz ortas\u0131nda m\u00fcdahale etmek i\u00e7in haz\u0131rl\u0131k yapt\u0131. Deniz otob\u00fcs\u00fc, yak\u0131t\u0131 bitti\u011fi i\u00e7in 23.15\u2019te \u0130stanbul Selimpa\u015fa a\u00e7\u0131klar\u0131nda demirledi.<\/p>\n<p style=\"text-align: justify;\">G\u00fcvenlik g\u00f6revlileriyle kaptan Cumhur Tun\u00e7el\u2019in cep telefonundan irtibat kuran ter\u00f6rist, yiyecek ve yak\u0131t ikmali d\u0131\u015f\u0131nda herhangi bir istekte bulunmad\u0131. Kaptan k\u00f6\u015fk\u00fcnde bulunan ter\u00f6ristin \u00fczerinde bomba oldu\u011fu ve elindeki bir kumandayla bunu patlataca\u011f\u0131 y\u00f6n\u00fcnde tehditler savurdu\u011fu belirtildi.<\/p>\n<p style=\"text-align: justify;\">Deniz otob\u00fcs\u00fc Adalar yak\u0131nlar\u0131nda dola\u015f\u0131rken, Donanma Komutanl\u0131\u011f\u0131\u2019n\u0131n da bulundu\u011fu G\u00f6lc\u00fck Deniz \u00dcss\u00fc\u2019nde alarma ge\u00e7ildi. \u0130\u00e7inde SAS komandolar\u0131n\u0131n bulundu\u011fu 3 Sahil G\u00fcvenlik botu gemiyi takibe ald\u0131. Bir askeri helikopter de havadan takip ba\u015flatt\u0131. Denizcilik M\u00fcste\u015farl\u0131\u011f\u0131 ekipleri de geminin rotas\u0131n\u0131 otomatik tan\u0131mlama sistemiyle takip etti. Ayr\u0131ca K\u00f6rfez boyunca s\u0131ralanan, ba\u015fta T\u00dcPRA\u015e olmak \u00fczere parlay\u0131c\u0131 ve patlay\u0131c\u0131 depolama tesisi bulunan kurulu\u015flarda da alarma ge\u00e7ildi. \u0130stanbul, Kocaeli, Yalova ve Bursa\u2019daki g\u00fcvenlik birimlerini alarma ge\u00e7erken, sahillerde de yo\u011fun \u00f6nlem al\u0131nd\u0131. Deniz otob\u00fcs\u00fcn\u00fcn \u0130mral\u0131\u2019ya gitme ihtimaline kar\u015f\u0131 Ada\u2019da da geni\u015f g\u00fcvenlik \u00f6nlemleri al\u0131nd\u0131. 5 mil yana\u015fma yasa\u011f\u0131 bulunan ve alarma ge\u00e7irilen \u0130mral\u0131 Adas\u0131 \u00e7evresinde h\u00fccumbotlar haz\u0131r bekledi. Sabah\u0131n erken saatlerinde gemiye operasyon yap\u0131ld\u0131 ve ter\u00f6rist \u00f6ld\u00fcr\u00fcld\u00fc.<\/p>\n<p style=\"text-align: justify;\"><a href=\"http:\/\/www.radikal.com.tr\/Radikal.aspx?aType=RadikalDetayV3&amp;ArticleID=1069265&amp;Date=12.11.2011&amp;CategoryID=77\" target=\"_blank\">Kaynak : Radikal.com.tr<\/a><\/p>\n","protected":false},"excerpt":{"rendered":"<p style=\"text-align: center;\">\n<p style=\"text-align: justify;\">Kartertepe adl\u0131 deniz otob\u00fcs\u00fcn\u00fc ka\u00e7\u0131ran ter\u00f6rist d\u00fczenlenen operasyonda \u00f6ld\u00fcr\u00fcld\u00fc. Gemi personeli ve yolcular\u0131n sa\u011fl\u0131k durumu iyi.<\/p>\n<p style=\"text-align: justify;\">\u0130STANBUL PKK&#8217;l\u0131 oldu\u011funu s\u00f6yleyen bir ki\u015fi , d\u00fcn ak\u015fam \u0130zmit-Karam\u00fcrsel aras\u0131nda sefer yapan Kocaeli B\u00fcy\u00fck\u015fehir Belediyesi\u2019ne ait \u201cKartepe\u201d adl\u0131 deniz otob\u00fcs\u00fcn\u00fc silah ve bomba tehdidiyle ka\u00e7\u0131rd\u0131.<\/p>\n","protected":false},"author":1,"featured_media":0,"comment_status":"open","ping_status":"open","sticky":false,"template":"","format":"standard","meta":{"footnotes":""},"categories":[105],"tags":[],"class_list":["post-42301","post","type-post","status-publish","format-standard","hentry","category-gundem","odd"],"_links":{"self":[{"href":"http:\/\/www.korhanyilmaz.com\/index.php?rest_route=\/wp\/v2\/posts\/42301","targetHints":{"allow":["GET"]}}],"collection":[{"href":"http:\/\/www.korhanyilmaz.com\/index.php?rest_route=\/wp\/v2\/posts"}],"about":[{"href":"http:\/\/www.korhanyilmaz.com\/index.php?rest_route=\/wp\/v2\/types\/post"}],"author":[{"embeddable":true,"href":"http:\/\/www.korhanyilmaz.com\/index.php?rest_route=\/wp\/v2\/users\/1"}],"replies":[{"embeddable":true,"href":"http:\/\/www.korhanyilmaz.com\/index.php?rest_route=%2Fwp%2Fv2%2Fcomments&post=42301"}],"version-history":[{"count":0,"href":"http:\/\/www.korhanyilmaz.com\/index.php?rest_route=\/wp\/v2\/posts\/42301\/revisions"}],"wp:attachment":[{"href":"http:\/\/www.korhanyilmaz.com\/index.php?rest_route=%2Fwp%2Fv2%2Fmedia&parent=42301"}],"wp:term":[{"taxonomy":"category","embeddable":true,"href":"http:\/\/www.korhanyilmaz.com\/index.php?rest_route=%2Fwp%2Fv2%2Fcategories&post=42301"},{"taxonomy":"post_tag","embeddable":true,"href":"http:\/\/www.korhanyilmaz.com\/index.php?rest_route=%2Fwp%2Fv2%2Ftags&post=42301"}],"curies":[{"name":"wp","href":"https:\/\/api.w.org\/{rel}","templated":true}]}}