{"id":42290,"date":"2011-11-11T21:16:49","date_gmt":"2011-11-11T19:16:49","guid":{"rendered":"http:\/\/www.korhanyilmaz.com\/?p=42290"},"modified":"2011-11-12T14:21:17","modified_gmt":"2011-11-12T12:21:17","slug":"akp-fasizminin-geldigi-nokta-iste-budur","status":"publish","type":"post","link":"http:\/\/www.korhanyilmaz.com\/?p=42290","title":{"rendered":"&#8220;AKP fa\u015fizminin geldi\u011fi nokta i\u015fte budur&#8221;"},"content":{"rendered":"<p style=\"text-align: center;\"><a href=\"http:\/\/www.korhanyilmaz.com\/wp-content\/uploads\/2011\/11\/7053.jpg\"  class=\"lightview\"><img loading=\"lazy\" decoding=\"async\" class=\"aligncenter  wp-image-42291\" src=\"http:\/\/www.korhanyilmaz.com\/wp-content\/uploads\/2011\/11\/7053.jpg\" alt=\"\" width=\"322\" height=\"241\" \/><\/a><\/p>\n<p style=\"text-align: justify;\">CHP Grup Ba\u015fkanvekili Muharrem \u0130nce, TBMM Genel Kurulu&#8217;nda Meclis \u0130dare Amiri Salim Uslu&#8217;nun k\u00fcrs\u00fcy\u00fc terk etmeyen CHP Tunceli Milletvekili Kamer Gen\u00e7&#8217;e m\u00fcdahalesine tepki g\u00f6stererek, &#8220;\u00c7o\u011funluk diktas\u0131 i\u015fte budur. Ba\u015fbakan&#8217;dan yard\u0131mc\u0131s\u0131na, grup ba\u015fkanvekilinden milletvekiline kadar nas\u0131l bir fa\u015fizan e\u011filim i\u00e7erisinde olduklar\u0131n\u0131 bir kez daha g\u00f6rm\u00fc\u015f olduk&#8221; dedi.\u00a0<!--more--><\/p>\n<p style=\"text-align: justify;\">Yalova- Uslu&#8217;yu ele\u015ftiren \u0130nce, &#8221;Meclis&#8217;te zorbal\u0131k hakim olmu\u015ftur. \u0130dare amiri kendini gestapo \u015fefi zannetmi\u015ftir ya da sultan\u0131n fedaili\u011fine soyunmu\u015ftur. Sendika a\u011fas\u0131, Meclis a\u011fas\u0131 olmak istemi\u015ftir ve kendisini sultan\u0131n fedaisi yerine koymu\u015ftur&#8221; diye konu\u015ftu.<\/p>\n<p style=\"text-align: justify;\"><span style=\"text-decoration: underline;\">AKP&#8217;lilerin &#8221;fa\u015fizan&#8221; bir e\u011filim i\u00e7erisinde bulundu\u011funu s\u00f6yleyen \u0130nce, \u015f\u00f6yle devam etti:<\/span><\/p>\n<p style=\"text-align: justify;\">&#8221;\u00c7o\u011funluk diktas\u0131 i\u015fte budur. AKP fa\u015fizminin geldi\u011fi nokta i\u015fte budur. Ba\u015fbakan&#8217;dan ba\u015fbakan yard\u0131mc\u0131s\u0131na, grup ba\u015fkanvekilinden milletvekiline kadar nas\u0131l bir fa\u015fizan e\u011filim i\u00e7erisinde olduklar\u0131n\u0131 bir kez daha g\u00f6rm\u00fc\u015f olduk. Daha \u00f6nce de biliyorsunuz Ba\u015fbakan&#8217;\u0131n korumalar\u0131 Meclis Genel Kurulu salonuna girmek istemi\u015ftir. Bu e\u015fk\u0131yal\u0131klar\u0131n\u0131n son noktas\u0131d\u0131r art\u0131k. K\u00fcrs\u00fc dokunulmazl\u0131\u011f\u0131 fiilen d\u00fcn yok edilmi\u015ftir. O zat\u0131n ad\u0131 Salim Uslu de\u011fil, &#8216;Zalim Yaramaz&#8217;d\u0131r. &#8216;Ba\u015fbakan&#8217;a dokunmak ibadettir&#8217; diyen milletvekilleri, Ba\u015fbakan&#8217;\u0131 ele\u015ftiren milletvekillerine dokunarak ibadet yapmak istemi\u015flerdir. Y\u00fcr\u00fcyen i\u015f\u00e7iyi biber gaz\u0131 ile susturan, slogan atan \u00f6\u011frenciyi copla susturan, terbiye eden, milletvekillerini zindanlara atan, gazetecileri h\u00fccrelerde \u00e7\u00fcr\u00fcten fa\u015fist AKP&#8217;nin son uygulamalar\u0131yla kar\u015f\u0131 kar\u015f\u0131yay\u0131z.&#8221;<\/p>\n<p style=\"text-align: justify;\">\u0130nce, 9 y\u0131ll\u0131k milletvekilli\u011finde ilk kez b\u00f6yle bir olayla kar\u015f\u0131la\u015ft\u0131\u011f\u0131n\u0131 ifade ederek, s\u00f6zlerine \u015f\u00f6yle devam etti:<\/p>\n<p style=\"text-align: justify;\">&#8221;Ben o Genel Kurulda yoktum. Sa\u011fl\u0131k sorunlar\u0131 nedeniyle Yalova&#8217;dayd\u0131m. Genel kurulda \u00f6n\u00fcm\u00fczdeki hafta ben de bir konu\u015fma yapaca\u011f\u0131m. O Salim Uslu&#8217;ya sesleniyorum; y\u00fcre\u011fin varsa, cesaretin varsa, bilgin varsa, bile\u011fin varsa, beynin varsa gel o k\u00fcrs\u00fcnden beni indir. Tek ba\u015f\u0131na indiremiyorsan Ba\u015fbakan&#8217;\u0131 da \u00e7a\u011f\u0131r birlikte indir. Terbiye s\u0131n\u0131rlar\u0131n\u0131 zorlayan bir uygulama bu. B\u00f6yle bir \u015fey olamaz. Zorbal\u0131k g\u00f6sterileriyle Meclis \u00e7al\u0131\u015ft\u0131r\u0131lamaz. Cumhuriyet Halk Partisi, direni\u015fin partisiyiz biz. Her t\u00fcr zorbal\u0131\u011fa kar\u015f\u0131 direnece\u011fiz.&#8221;<\/p>\n<p style=\"text-align: justify;\">&#8221;TBMM&#8217;de ya\u015fanan olaylar\u0131n g\u00f6r\u00fcnt\u00fclerinin verilmemesini&#8221; de ele\u015ftiren \u0130nce, \u015fu g\u00f6r\u00fc\u015fleri dile getirdi:<\/p>\n<p style=\"text-align: justify;\">&#8221;G\u00f6r\u00fcnt\u00fc kesiliyor, keyfilik yap\u0131l\u0131yor. \u00c7\u00fcnk\u00fc, resmen m\u00fcracaat ediyor bizim grup ba\u015fkanvekillerimiz. AKP&#8217;nin zorbal\u0131klar\u0131n\u0131, AKP&#8217;nin defolar\u0131n\u0131 kapatmak i\u00e7in g\u00f6r\u00fcnt\u00fcleri vermiyorlar. Meclis \u0130\u00e7t\u00fcz\u00fc\u011f\u00fc&#8217;n\u00fcn, idare amirleriyle ilgili b\u00f6l\u00fcm\u00fcnde, idare amirlerinin g\u00f6revlerini \u015f\u00f6yle tan\u0131mlarlar: &#8216;Meclisin Genel Kurul&#8217;da s\u00fckunun ve d\u00fczenin sa\u011flanmas\u0131 idare amirlerinin g\u00f6revidir&#8217;. Bu adam orada bir d\u00fczen sa\u011flayabilir mi? Bu adam orada Meclis&#8217;in s\u00fckunetini sa\u011flayabilir mi? Ayr\u0131ca deprem ac\u0131s\u0131 nedeniyle 29 Ekim t\u00f6renlerini &#8216;ac\u0131m\u0131z var&#8217; diye iptal etmi\u015flerdi. D\u00fcn deprem ac\u0131s\u0131 ya\u015fam\u0131\u015f insanlar\u0131 coplad\u0131lar. Fa\u015fizmin son g\u00f6stergeleridir bunlar. Bunlar yak\u0131nda bizim dokunulmazl\u0131klar\u0131m\u0131z\u0131 da kald\u0131r\u0131rlar. Bunlar\u0131n ileri demokrasiden neyi kastetti\u011fini herkesin g\u00f6rmesi laz\u0131m. B\u00fct\u00fcn milletimizin AKP&#8217;nin ger\u00e7ek y\u00fcz\u00fcn\u00fc g\u00f6rmesi laz\u0131m.&#8221;<\/p>\n<p style=\"text-align: justify;\">Muharrem \u0130nce, Salim Uslu&#8217;ya seslenirken, &#8221;Ben o k\u00fcrs\u00fcde olaca\u011f\u0131m, en a\u011f\u0131r ele\u015ftirileri de yapaca\u011f\u0131m. Y\u00fcre\u011fin varsa gel indir beni. Kimle gelebiliyorsan gel indir. Ba\u015fbakan&#8217;\u0131 da al yan\u0131na \u00f6yle gel. 70 ya\u015f\u0131nda kalp hastas\u0131 olan milletvekiline yap\u0131lamaz bu, gen\u00e7 birine de yap\u0131lamaz. Orada ele\u015ftiri s\u0131n\u0131rlar\u0131 i\u00e7erisindedir her \u015fey. Deniz fenerini g\u00f6r\u00fcnce arenadaki bo\u011fa gibi oluyorlar. Bu korkular\u0131n\u0131n nedeni ne?&#8221; dedi.<\/p>\n<p style=\"text-align: justify;\"><a href=\"http:\/\/www.cumhuriyet.com.tr\/?kn=6&amp;hn=292252\" target=\"_blank\">Kaynak : Cumhuriyet Haber Portal\u0131<\/a><\/p>\n","protected":false},"excerpt":{"rendered":"<p style=\"text-align: center;\">\n<p style=\"text-align: justify;\">CHP Grup Ba\u015fkanvekili Muharrem \u0130nce, TBMM Genel Kurulu&#8217;nda Meclis \u0130dare Amiri Salim Uslu&#8217;nun k\u00fcrs\u00fcy\u00fc terk etmeyen CHP Tunceli Milletvekili Kamer Gen\u00e7&#8217;e m\u00fcdahalesine tepki g\u00f6stererek, &#8220;\u00c7o\u011funluk diktas\u0131 i\u015fte budur. Ba\u015fbakan&#8217;dan yard\u0131mc\u0131s\u0131na, grup ba\u015fkanvekilinden milletvekiline kadar nas\u0131l bir fa\u015fizan e\u011filim i\u00e7erisinde olduklar\u0131n\u0131 bir kez daha g\u00f6rm\u00fc\u015f olduk&#8221; dedi. <\/p>\n","protected":false},"author":1,"featured_media":0,"comment_status":"open","ping_status":"open","sticky":false,"template":"","format":"standard","meta":{"footnotes":""},"categories":[105],"tags":[],"class_list":["post-42290","post","type-post","status-publish","format-standard","hentry","category-gundem","odd"],"_links":{"self":[{"href":"http:\/\/www.korhanyilmaz.com\/index.php?rest_route=\/wp\/v2\/posts\/42290","targetHints":{"allow":["GET"]}}],"collection":[{"href":"http:\/\/www.korhanyilmaz.com\/index.php?rest_route=\/wp\/v2\/posts"}],"about":[{"href":"http:\/\/www.korhanyilmaz.com\/index.php?rest_route=\/wp\/v2\/types\/post"}],"author":[{"embeddable":true,"href":"http:\/\/www.korhanyilmaz.com\/index.php?rest_route=\/wp\/v2\/users\/1"}],"replies":[{"embeddable":true,"href":"http:\/\/www.korhanyilmaz.com\/index.php?rest_route=%2Fwp%2Fv2%2Fcomments&post=42290"}],"version-history":[{"count":0,"href":"http:\/\/www.korhanyilmaz.com\/index.php?rest_route=\/wp\/v2\/posts\/42290\/revisions"}],"wp:attachment":[{"href":"http:\/\/www.korhanyilmaz.com\/index.php?rest_route=%2Fwp%2Fv2%2Fmedia&parent=42290"}],"wp:term":[{"taxonomy":"category","embeddable":true,"href":"http:\/\/www.korhanyilmaz.com\/index.php?rest_route=%2Fwp%2Fv2%2Fcategories&post=42290"},{"taxonomy":"post_tag","embeddable":true,"href":"http:\/\/www.korhanyilmaz.com\/index.php?rest_route=%2Fwp%2Fv2%2Ftags&post=42290"}],"curies":[{"name":"wp","href":"https:\/\/api.w.org\/{rel}","templated":true}]}}