{"id":42279,"date":"2011-11-11T12:54:23","date_gmt":"2011-11-11T10:54:23","guid":{"rendered":"http:\/\/www.korhanyilmaz.com\/?p=42279"},"modified":"2011-11-11T14:41:37","modified_gmt":"2011-11-11T12:41:37","slug":"japon-imparatoruna-taziyelerini-iletti","status":"publish","type":"post","link":"http:\/\/www.korhanyilmaz.com\/?p=42279","title":{"rendered":"Japon \u0130mparatoru&#8217;na taziyelerini iletti"},"content":{"rendered":"<p style=\"text-align: justify;\"><a href=\"http:\/\/www.korhanyilmaz.com\/wp-content\/uploads\/2011\/11\/7051.jpg\"  class=\"lightview\"><img loading=\"lazy\" decoding=\"async\" class=\"aligncenter size-full wp-image-42280\" title=\"\" src=\"http:\/\/www.korhanyilmaz.com\/wp-content\/uploads\/2011\/11\/7051.jpg\" alt=\"\" width=\"313\" height=\"177\" \/><\/a><\/p>\n<p style=\"text-align: justify;\">Cumhurba\u015fkan\u0131 Abdullah G\u00fcl, Van&#8217;da \u00f6nceki ak\u015fam meydana gelen depremde Japon doktor Atsushi Miyazaki&#8217;nin \u00f6l\u00fcm\u00fc, yard\u0131m g\u00f6n\u00fcll\u00fcs\u00fc Miyuki Konnai&#8217;nin yaralanmas\u0131 dolay\u0131s\u0131yla Japonya \u0130mparatoru Akihito&#8217;ya bir taziye mesaj\u0131 g\u00f6nderdi.\u00a0<!--more--><\/p>\n<p style=\"text-align: justify;\">Van&#8217;da 23 Ekim&#8217;de meydana gelen depremin yaralar\u0131n\u0131 sarmak \u00fczere T\u00fcrkiye&#8217;ye g\u00f6nderilen Japon yard\u0131m ekibinden Miyazaki&#8217;nin hayat\u0131n\u0131 kaybetti\u011fini, Konnai&#8217;nin yaraland\u0131\u011f\u0131n\u0131 derin bir teess\u00fcrle \u00f6\u011frendi\u011fini ifade eden G\u00fcl&#8217;\u00fcn mesaj\u0131\u00a0\u015f\u00f6yle:<\/p>\n<p style=\"text-align: justify;\">&#8220;T\u00fcrkiye ile Japonya aras\u0131ndaki tarihi dostluk ve i\u015fbirli\u011fi \u00e7er\u00e7evesinde Van&#8217;da y\u00fcr\u00fctt\u00fckleri \u00fcst\u00fcn \u00e7al\u0131\u015fmalarla T\u00fcrk halk\u0131n\u0131n g\u00f6nl\u00fcn\u00fc bir kez daha fetheden bu fedakar isimleri her zaman \u015f\u00fckran ve h\u00fcrmetle hat\u0131rlayaca\u011f\u0131z. Deprem nedeniyle Japonya h\u00fck\u00fcmeti ve halk\u0131 taraf\u0131ndan sa\u011flanan yard\u0131mlar da \u00fclkelerimiz ve halklar\u0131m\u0131z aras\u0131ndaki dostluk ve yak\u0131nl\u0131\u011f\u0131n yeni bir tezah\u00fcr\u00fc olarak, en i\u00e7ten duygularla kar\u015f\u0131lanm\u0131\u015ft\u0131r.<\/p>\n<p style=\"text-align: justify;\">Bu vesileyle majesteleri ve dost Japon halk\u0131na en i\u00e7ten taziyelerimi iletiyor, m\u00fcteveffan\u0131n ailesi ve yak\u0131nlar\u0131na ba\u015fsa\u011fl\u0131\u011f\u0131 ve sab\u0131r diliyorum.&#8221;<\/p>\n<p style=\"text-align: justify;\"><a href=\"http:\/\/www.cnnturk.com\/2011\/turkiye\/11\/11\/japon.imparatoruna.taziyelerini.iletti\/636380.0\/index.html\" target=\"_blank\">Kaynak : CNN T\u00dcRK<\/a><\/p>\n","protected":false},"excerpt":{"rendered":"<p style=\"text-align: justify;\">\n<p style=\"text-align: justify;\">Cumhurba\u015fkan\u0131 Abdullah G\u00fcl, Van&#8217;da \u00f6nceki ak\u015fam meydana gelen depremde Japon doktor Atsushi Miyazaki&#8217;nin \u00f6l\u00fcm\u00fc, yard\u0131m g\u00f6n\u00fcll\u00fcs\u00fc Miyuki Konnai&#8217;nin yaralanmas\u0131 dolay\u0131s\u0131yla Japonya \u0130mparatoru Akihito&#8217;ya bir taziye mesaj\u0131 g\u00f6nderdi. <\/p>\n","protected":false},"author":1,"featured_media":0,"comment_status":"open","ping_status":"open","sticky":false,"template":"","format":"standard","meta":{"footnotes":""},"categories":[105],"tags":[],"class_list":["post-42279","post","type-post","status-publish","format-standard","hentry","category-gundem","odd"],"_links":{"self":[{"href":"http:\/\/www.korhanyilmaz.com\/index.php?rest_route=\/wp\/v2\/posts\/42279","targetHints":{"allow":["GET"]}}],"collection":[{"href":"http:\/\/www.korhanyilmaz.com\/index.php?rest_route=\/wp\/v2\/posts"}],"about":[{"href":"http:\/\/www.korhanyilmaz.com\/index.php?rest_route=\/wp\/v2\/types\/post"}],"author":[{"embeddable":true,"href":"http:\/\/www.korhanyilmaz.com\/index.php?rest_route=\/wp\/v2\/users\/1"}],"replies":[{"embeddable":true,"href":"http:\/\/www.korhanyilmaz.com\/index.php?rest_route=%2Fwp%2Fv2%2Fcomments&post=42279"}],"version-history":[{"count":0,"href":"http:\/\/www.korhanyilmaz.com\/index.php?rest_route=\/wp\/v2\/posts\/42279\/revisions"}],"wp:attachment":[{"href":"http:\/\/www.korhanyilmaz.com\/index.php?rest_route=%2Fwp%2Fv2%2Fmedia&parent=42279"}],"wp:term":[{"taxonomy":"category","embeddable":true,"href":"http:\/\/www.korhanyilmaz.com\/index.php?rest_route=%2Fwp%2Fv2%2Fcategories&post=42279"},{"taxonomy":"post_tag","embeddable":true,"href":"http:\/\/www.korhanyilmaz.com\/index.php?rest_route=%2Fwp%2Fv2%2Ftags&post=42279"}],"curies":[{"name":"wp","href":"https:\/\/api.w.org\/{rel}","templated":true}]}}