{"id":42274,"date":"2011-11-10T18:26:34","date_gmt":"2011-11-10T16:26:34","guid":{"rendered":"http:\/\/www.korhanyilmaz.com\/?p=42274"},"modified":"2012-01-02T00:28:34","modified_gmt":"2012-01-01T22:28:34","slug":"baydemir-23-ekimdeki-afetti-bu-cinayettir","status":"publish","type":"post","link":"http:\/\/www.korhanyilmaz.com\/?p=42274","title":{"rendered":"Baydemir: &#8220;23 Ekim&#8217;deki afetti, bu cinayettir!&#8221;"},"content":{"rendered":"<p style=\"text-align: center;\"><a href=\"http:\/\/www.korhanyilmaz.com\/wp-content\/uploads\/2011\/11\/7050.jpg\"  class=\"lightview\"><img loading=\"lazy\" decoding=\"async\" class=\"aligncenter  wp-image-42275\" src=\"http:\/\/www.korhanyilmaz.com\/wp-content\/uploads\/2011\/11\/7050.jpg\" alt=\"\" width=\"365\" height=\"207\" \/><\/a><\/p>\n<p style=\"text-align: justify;\">Bayram Oteli&#8217;nin enkaz\u0131nda inceleme yapan Diyarbak\u0131r Belediye Ba\u015fkan\u0131 Osman Baydemir, &#8220;23 Ekim&#8217;deki afetti, bug\u00fcnk\u00fc ise cinayettir. Nas\u0131l oluyor da bu iki binaya m\u00fch\u00fcr vurulmuyor. \u0130ki binan\u0131n sahipleri, hasar tespit \u00e7al\u0131\u015fmalar\u0131na dahil edilmek istemi\u015fler ancak edilmemi\u015fler. Bu a\u00e7\u0131klanmal\u0131&#8221; dedi.<!--more--><\/p>\n<p><center><a class=\"lightview\" title=\" :::: width:550, height:413\" href=\"\/swf\/flvplayer.swf?file=cnnturk\/haber\/2011-11-10\/baydemir.mp4&amp;streamer=rtmp:\/\/213.243.10.90\/vod\/&amp;skin=\/swf\/nacht.zip&amp;menu=false&amp;volume=45&amp;autostart=true&amp;volume=50&amp;controlbar=over&amp;stretching=exactfit\" rel=\"set[baydemir]\"><img decoding=\"async\" src=\"http:\/\/www.korhanyilmaz.com\/wp-data\/images\/videoizle1.png\" alt=\"\" \/><\/a><\/center><\/p>\n<p><a href=\"http:\/\/video.cnnturk.com\/2011\/haber\/11\/10\/baydemir-23-ekimdeki-afetti-bu-cinayettir\" target=\"_blank\"> Kaynak : CNN T\u00dcRK<\/a><\/p>\n","protected":false},"excerpt":{"rendered":"<p style=\"text-align: center;\">\n<p style=\"text-align: justify;\">Bayram Oteli&#8217;nin enkaz\u0131nda inceleme yapan Diyarbak\u0131r Belediye Ba\u015fkan\u0131 Osman Baydemir, &#8220;23 Ekim&#8217;deki afetti, bug\u00fcnk\u00fc ise cinayettir. Nas\u0131l oluyor da bu iki binaya m\u00fch\u00fcr vurulmuyor. \u0130ki binan\u0131n sahipleri, hasar tespit \u00e7al\u0131\u015fmalar\u0131na dahil edilmek istemi\u015fler ancak edilmemi\u015fler. Bu a\u00e7\u0131klanmal\u0131&#8221; dedi.<\/p>\n","protected":false},"author":1,"featured_media":0,"comment_status":"open","ping_status":"open","sticky":false,"template":"","format":"standard","meta":{"footnotes":""},"categories":[105],"tags":[],"class_list":["post-42274","post","type-post","status-publish","format-standard","hentry","category-gundem","odd"],"_links":{"self":[{"href":"http:\/\/www.korhanyilmaz.com\/index.php?rest_route=\/wp\/v2\/posts\/42274","targetHints":{"allow":["GET"]}}],"collection":[{"href":"http:\/\/www.korhanyilmaz.com\/index.php?rest_route=\/wp\/v2\/posts"}],"about":[{"href":"http:\/\/www.korhanyilmaz.com\/index.php?rest_route=\/wp\/v2\/types\/post"}],"author":[{"embeddable":true,"href":"http:\/\/www.korhanyilmaz.com\/index.php?rest_route=\/wp\/v2\/users\/1"}],"replies":[{"embeddable":true,"href":"http:\/\/www.korhanyilmaz.com\/index.php?rest_route=%2Fwp%2Fv2%2Fcomments&post=42274"}],"version-history":[{"count":0,"href":"http:\/\/www.korhanyilmaz.com\/index.php?rest_route=\/wp\/v2\/posts\/42274\/revisions"}],"wp:attachment":[{"href":"http:\/\/www.korhanyilmaz.com\/index.php?rest_route=%2Fwp%2Fv2%2Fmedia&parent=42274"}],"wp:term":[{"taxonomy":"category","embeddable":true,"href":"http:\/\/www.korhanyilmaz.com\/index.php?rest_route=%2Fwp%2Fv2%2Fcategories&post=42274"},{"taxonomy":"post_tag","embeddable":true,"href":"http:\/\/www.korhanyilmaz.com\/index.php?rest_route=%2Fwp%2Fv2%2Ftags&post=42274"}],"curies":[{"name":"wp","href":"https:\/\/api.w.org\/{rel}","templated":true}]}}