{"id":42270,"date":"2011-11-11T08:14:12","date_gmt":"2011-11-11T06:14:12","guid":{"rendered":"http:\/\/www.korhanyilmaz.com\/?p=42270"},"modified":"2011-11-11T08:38:49","modified_gmt":"2011-11-11T06:38:49","slug":"avukatlar-imza-sahte-bakanlik-hangisi","status":"publish","type":"post","link":"http:\/\/www.korhanyilmaz.com\/?p=42270","title":{"rendered":"Avukatlar: \u0130mza sahte <br>Bakanl\u0131k: Hangisi"},"content":{"rendered":"<p style=\"text-align: center;\"><a href=\"http:\/\/www.korhanyilmaz.com\/wp-content\/uploads\/2011\/11\/7049.jpg\"  class=\"lightview\"><img loading=\"lazy\" decoding=\"async\" class=\"aligncenter  wp-image-42271\" src=\"http:\/\/www.korhanyilmaz.com\/wp-content\/uploads\/2011\/11\/7049.jpg\" alt=\"\" width=\"379\" height=\"160\" \/><\/a><\/p>\n<p style=\"text-align: justify;\">Ergenekon tutuklusu CHP Zonguldak Milletvekili Prof. Mehmet Haberal\u2019\u0131n avukatlar\u0131 A\u0130HM\u2019ye ba\u015fvurular\u0131nda, h\u00fck\u00fcmetin savunma ekinde, sa\u011fl\u0131k durumuyla ilgili \u00fcst yaz\u0131daki imzan\u0131n kendisine ait olmad\u0131\u011f\u0131n\u0131 iddia ettiler. Adalet Bakanl\u0131\u011f\u0131\u2019ndan yap\u0131lan yaz\u0131l\u0131 a\u00e7\u0131klamada ise \u201cHangi belgelerin \u2018sahte\u2019 oldu\u011funun belirtilmesi halinde iddia ile ilgili inceleme yap\u0131lacakt\u0131r\u201d denildi.\u00a0<!--more--><\/p>\n<p style=\"text-align: justify;\">CHP Genel Ba\u015fkan\u0131 Kemal K\u0131l\u0131\u00e7daro\u011flu\u2019nun, \u201cSay\u0131n Haberal, A\u0130HM\u2019ye baz\u0131 sahte belgelerin g\u00f6nderilmesinden \u015fikayet\u00e7i. T\u00fcrkiye Cumhuriyeti\u2019ne bir mahkemeye sahte belge g\u00f6ndermek yak\u0131\u015fmaz\u201d \u00e7\u0131k\u0131\u015f\u0131n\u0131n ard\u0131ndan Avrupa \u0130nsan Haklar\u0131 Mahkemesi\u2019ne (A\u0130HM) \u201csahte belge\u201d g\u00f6nderme tart\u0131\u015fmas\u0131 \u00e7\u0131kt\u0131. Avukatlar\u0131, A\u0130HM\u2019ye yapt\u0131klar\u0131 ba\u015fvuruda, T\u00fcrk H\u00fck\u00fcmetinin savunmas\u0131 ekindeki sa\u011fl\u0131k durumuyla ilgili \u00fcst yaz\u0131daki imzan\u0131n Haberal\u2019a ait olmad\u0131\u011f\u0131n\u0131, imzas\u0131n\u0131n montajland\u0131\u011f\u0131n\u0131 ve bu belgenin sahte oldu\u011funu iddia ettiler.<\/p>\n<p style=\"text-align: justify;\"><strong>Mesnetleriyle dile getirin\u00a0<\/strong><\/p>\n<p style=\"text-align: justify;\">T\u00fcrk H\u00fck\u00fcmeti\u2019nin savunmas\u0131ndaki Silivri\u2019de cezaevi ko\u015fullar\u0131n\u0131n donan\u0131ml\u0131 ve istenildi\u011fi anda ambulans helikopterle istenen yere ula\u015f\u0131labilece\u011fi bilgisinin de ger\u00e7ek d\u0131\u015f\u0131 oldu\u011fu savunuldu. Haberal\u2019a, \u201cHastanede kals\u0131n\u201d raporu veren doktorlar\u0131n yarg\u0131land\u0131\u011f\u0131 dosyada gizlilik karar\u0131 olmas\u0131na ra\u011fmen avukatlar\u0131n ula\u015famad\u0131\u011f\u0131 bu dosyadaki belgelerin de A\u0130HM\u2019ye g\u00f6nderildi\u011fi ve bunun masumiyet karinesini ihlal etti\u011fi kaydedildi.<\/p>\n<p style=\"text-align: justify;\">Adalet Bakanl\u0131\u011f\u0131 d\u00fcn K\u0131l\u0131\u00e7daro\u011flu\u2019na yaz\u0131l\u0131 a\u00e7\u0131klama ile yan\u0131t verdi. A\u00e7\u0131klamada, \u201cBu kadar \u00f6nemli bir iddian\u0131n mesnetleriyle birlikte dile getirilmesi gerekirken, bu konuda hi\u00e7bir a\u00e7\u0131klama yap\u0131lmam\u0131\u015ft\u0131r. Hangi bilgi ve belgelerin \u2018sahte\u2019 oldu\u011funun belirtilmesi halinde iddia ile ilgili gerekli incelemeler yap\u0131lacakt\u0131r\u201d denildi. A\u00e7\u0131klamada \u015fu de\u011ferlendirmeler yap\u0131ld\u0131:<\/p>\n<p style=\"text-align: justify;\">\u201cA\u0130HM nezdinde yap\u0131lan savunmalar; D\u0131\u015fi\u015fleri Bakanl\u0131\u011f\u0131\u2019n\u0131n koordinasyonunda, ilgili Bakanl\u0131k ve kurumlar\u0131n haz\u0131rlad\u0131\u011f\u0131 bilgi ve belgeler \u00fczerinden yap\u0131lmaktad\u0131r. D\u0131\u015fi\u015fleri Bakanl\u0131\u011f\u0131, H\u00fck\u00fcmet savunmas\u0131n\u0131 haz\u0131rlamadan \u00f6nce Adalet Bakanl\u0131\u011f\u0131 ve ba\u011fl\u0131 birimler ile Sa\u011fl\u0131k Bakanl\u0131\u011f\u0131 ve ba\u011fl\u0131 birimlerden bilgi, belge ve g\u00f6r\u00fc\u015f istemi\u015ftir.<\/p>\n<p style=\"text-align: justify;\">Bakanl\u0131\u011f\u0131m\u0131z; Ceza ve Tevkifevleri Genel M\u00fcd\u00fcrl\u00fc\u011f\u00fc, Adli T\u0131p Kurumu Ba\u015fkanl\u0131\u011f\u0131, HSYK ve Bakanl\u0131k Tefti\u015f Kurulu Ba\u015fkanl\u0131\u011f\u0131\u2019ndan elde edilen bilgi ve belgeler ile g\u00f6r\u00fc\u015f yaz\u0131s\u0131n\u0131 D\u0131\u015fi\u015fleri Bakanl\u0131\u011f\u0131\u2019na g\u00f6ndermi\u015f, D\u0131\u015fi\u015fleri do\u011frudan Sa\u011fl\u0131k Bakanl\u0131\u011f\u0131 ve ilgili birimlerden ald\u0131\u011f\u0131 g\u00f6r\u00fc\u015fler ile Bakanl\u0131\u011f\u0131m\u0131z\u0131n g\u00f6r\u00fc\u015flerinden yararlanarak \u00fclke savunmas\u0131n\u0131n son halini haz\u0131rlayarak A\u0130HM\u2019ye sunmu\u015ftur.<\/p>\n<p style=\"text-align: justify;\"><strong>Ambulans helikopter ger\u00e7ek d\u0131\u015f\u0131\u00a0<\/strong><\/p>\n<p style=\"text-align: justify;\">Prof. Mehmet Haberal, ge\u00e7ti\u011fimiz a\u011fustosta sa\u011fl\u0131k durumu nedeniyle Silivri Cezaevi\u2019nde takibinin m\u00fcmk\u00fcn olmad\u0131\u011f\u0131 gerek\u00e7esiyle A\u0130HM\u2019ye ihtiyati tedbir talebinde bulundu. Avukatlar\u0131, T\u00fcrkiye\u2019nin A\u0130HM\u2019ye g\u00f6nderdi\u011fi yan\u0131tlar\u0131n ekinde sahte ve ger\u00e7e\u011fe ayk\u0131r\u0131 bilgi ve belgeler oldu\u011fu tespiti yapt\u0131lar. T\u00fcrkiye\u2019nin, ger\u00e7e\u011fe ayk\u0131r\u0131 bilgi-belgeler sundu\u011fu konusunda A\u0130HM\u2019ye ba\u015fvurdular. Bu iddialar \u015f\u00f6yle:<\/p>\n<p style=\"text-align: justify;\">1- T\u00fcrkiye, A\u0130HM\u2019ye verdi\u011fi yan\u0131tta, Silivri Cezaevi\u2019nin ko\u015fullar\u0131n\u0131n iyi ve sa\u011fl\u0131k merkezinin donan\u0131ml\u0131 oldu\u011funu, ambulans helikoptere istenildi\u011fi anda ula\u015f\u0131labilece\u011fi savundu. Bu bilgi ger\u00e7ek d\u0131\u015f\u0131d\u0131r.<\/p>\n<p style=\"text-align: justify;\">2- Haberal\u2019\u0131n sa\u011fl\u0131k durumuyla ilgili belgenin \u00fcst yaz\u0131s\u0131ndaki imza kendisine ait de\u011fildir, ba\u015fka bir yerden montajla eklendi. Haberal b\u00f6yle bir belgeyi imzalamad\u0131. Bu belge ger\u00e7ek de\u011fil. Bu belge ile ilgili su\u00e7 duyurusunda bulunduk, tahkikat y\u00fcr\u00fcyor.<\/p>\n<p style=\"text-align: justify;\">3- Haberal\u2019a, rapor veren doktorlar\u0131n yarg\u0131land\u0131\u011f\u0131 dosyada gizlilik karar\u0131 var. Avukatlar\u0131n ula\u015famad\u0131\u011f\u0131 doktorlarla ilgili belgeler A\u0130HM\u2019ye T\u00fcrk H\u00fck\u00fcmeti\u2019nin savunmas\u0131 ekinde sunuldu. B\u00f6ylece masumiyet karinesi ihlal edildi.<\/p>\n<p style=\"text-align: justify;\"><a href=\"http:\/\/www.hurriyet.com.tr\/gundem\/19213861.asp\" target=\"_blank\">Kaynak : H\u00fcrriyet.com.tr<\/a><\/p>\n","protected":false},"excerpt":{"rendered":"<p style=\"text-align: center;\">\n<p style=\"text-align: justify;\">Ergenekon tutuklusu CHP Zonguldak Milletvekili Prof. Mehmet Haberal\u2019\u0131n avukatlar\u0131 A\u0130HM\u2019ye ba\u015fvurular\u0131nda, h\u00fck\u00fcmetin savunma ekinde, sa\u011fl\u0131k durumuyla ilgili \u00fcst yaz\u0131daki imzan\u0131n kendisine ait olmad\u0131\u011f\u0131n\u0131 iddia ettiler. Adalet Bakanl\u0131\u011f\u0131\u2019ndan yap\u0131lan yaz\u0131l\u0131 a\u00e7\u0131klamada ise \u201cHangi belgelerin \u2018sahte\u2019 oldu\u011funun belirtilmesi halinde iddia ile ilgili inceleme yap\u0131lacakt\u0131r\u201d denildi. <\/p>\n","protected":false},"author":1,"featured_media":0,"comment_status":"open","ping_status":"open","sticky":false,"template":"","format":"standard","meta":{"footnotes":""},"categories":[105],"tags":[],"class_list":["post-42270","post","type-post","status-publish","format-standard","hentry","category-gundem","odd"],"_links":{"self":[{"href":"http:\/\/www.korhanyilmaz.com\/index.php?rest_route=\/wp\/v2\/posts\/42270","targetHints":{"allow":["GET"]}}],"collection":[{"href":"http:\/\/www.korhanyilmaz.com\/index.php?rest_route=\/wp\/v2\/posts"}],"about":[{"href":"http:\/\/www.korhanyilmaz.com\/index.php?rest_route=\/wp\/v2\/types\/post"}],"author":[{"embeddable":true,"href":"http:\/\/www.korhanyilmaz.com\/index.php?rest_route=\/wp\/v2\/users\/1"}],"replies":[{"embeddable":true,"href":"http:\/\/www.korhanyilmaz.com\/index.php?rest_route=%2Fwp%2Fv2%2Fcomments&post=42270"}],"version-history":[{"count":0,"href":"http:\/\/www.korhanyilmaz.com\/index.php?rest_route=\/wp\/v2\/posts\/42270\/revisions"}],"wp:attachment":[{"href":"http:\/\/www.korhanyilmaz.com\/index.php?rest_route=%2Fwp%2Fv2%2Fmedia&parent=42270"}],"wp:term":[{"taxonomy":"category","embeddable":true,"href":"http:\/\/www.korhanyilmaz.com\/index.php?rest_route=%2Fwp%2Fv2%2Fcategories&post=42270"},{"taxonomy":"post_tag","embeddable":true,"href":"http:\/\/www.korhanyilmaz.com\/index.php?rest_route=%2Fwp%2Fv2%2Ftags&post=42270"}],"curies":[{"name":"wp","href":"https:\/\/api.w.org\/{rel}","templated":true}]}}